{"id":38769,"date":"2025-08-21T12:39:08","date_gmt":"2025-08-21T15:39:08","guid":{"rendered":"https:\/\/mussicom.com\/argentina-nao-recebeu-carta-com-pedido-de-asilo-de-bolsonaro\/"},"modified":"2025-08-21T12:39:08","modified_gmt":"2025-08-21T15:39:08","slug":"argentina-nao-recebeu-carta-com-pedido-de-asilo-de-bolsonaro","status":"publish","type":"post","link":"https:\/\/mussicom.com\/noticias\/argentina-nao-recebeu-carta-com-pedido-de-asilo-de-bolsonaro\/","title":{"rendered":"Argentina n\u00e3o recebeu carta com pedido de asilo de Bolsonaro"},"content":{"rendered":"<p> <br \/>\n<\/p>\n<div>\n<p class=\"postParagraph_post-paragraph-innerHtml__Q5vwc\">Fontes do governo da Argentina, liderado pelo presidente Javier Milei, negaram nesta quarta-feira (20) \u00e0 ag\u00eancia de not\u00edcias <em>Reuters<\/em> e \u00e0 <em>CNN Brasil<\/em> terem recebido uma carta do ex-presidente Jair Bolsonaro (PL) com pedido de asilo pol\u00edtico. A <strong>Gazeta do Povo<\/strong> entrou em contato com o Minist\u00e9rio das Rela\u00e7\u00f5es Exteriores argentino, que ainda n\u00e3o se manifestou sobre o assunto. A Embaixada da Argentina em Bras\u00edlia disse que n\u00e3o vai comentar o tema.<\/p>\n<p class=\"postParagraph_post-paragraph__juWZN\">A negativa do governo argentino ocorreu ap\u00f3s a Pol\u00edcia Federal afirmar ter encontrado no celular de Bolsonaro um arquivo de texto nomeado \u201cCarta JAIR MESSIAS BOLSONARO.docx\u201d, destinado a Milei. Segundo a PF, o documento foi salvo em fevereiro de 2024, dois dias depois de Bolsonaro ter seu passaporte apreendido na Opera\u00e7\u00e3o Tempus Veritatis.<\/p>\n<p class=\"postParagraph_post-paragraph__juWZN\">O arquivo, com 33 p\u00e1ginas, traz um pedido formal de asilo em que o ex-presidente afirma ser alvo de persegui\u00e7\u00e3o pol\u00edtica no Brasil. Em um dos trechos, Bolsonaro escreve:<\/p>\n<p class=\"postParagraph_post-paragraph__juWZN\">\u201cEu, Jair Messias Bolsonaro, solicito \u00e0 Vossa Excel\u00eancia [Milei] asilo pol\u00edtico na Rep\u00fablica da Argentina, em regime de urg\u00eancia, por eu me encontrar na situa\u00e7\u00e3o de perseguido pol\u00edtico no Brasil, por temer por minha vida, vindo a sofrer novo atentado pol\u00edtico, uma vez que n\u00e3o possuo hoje a prote\u00e7\u00e3o necess\u00e1ria que se deve dar a um ex-chefe de Estado, bem como por estar na imin\u00eancia de ter minha pris\u00e3o decretada, de forma injusta, ilegal, arbitr\u00e1ria e inconstitucional pelas pr\u00f3prias autoridades p\u00fablicas que promovem a persegui\u00e7\u00e3o contra mim, diretamente da mais alta Corte do Poder Judici\u00e1rio brasileiro.\u201d<\/p>\n<p class=\"postParagraph_post-paragraph__juWZN\">Jair Bolsonaro e seu filho, o deputado federal licenciado Eduardo Bolsonaro (PL-SP), foram indiciados nesta quarta-feira pela Pol\u00edcia Federal no inqu\u00e9rito que investiga a suposta tentativa de golpe de Estado em 2022. Segundo a PF, ambos teriam atuado para obstruir as investiga\u00e7\u00f5es e participado de articula\u00e7\u00f5es que caracterizariam \u201caboli\u00e7\u00e3o violenta do Estado Democr\u00e1tico de Direito\u201d.<\/p>\n<p class=\"postParagraph_post-paragraph__juWZN\">O advogado de Bolsonaro, Paulo da Cunha Bueno, declarou nesta quinta-feira (21) que a carta de asilo foi uma sugest\u00e3o que foi descartada de imediato.<\/p>\n<p class=\"postParagraph_post-paragraph-innerHtml__Q5vwc\">\u201cA fuga nunca foi uma op\u00e7\u00e3o. Depois de rejeitar a ideia do asilo, o ex-presidente n\u00e3o apenas permaneceu no Brasil, como compareceu a todos os atos do processo contra ele, inclusive \u00e0queles para os quais n\u00e3o foi convocado\u201d, disse o advogado \u00e0 <em>Folha de S. Paulo.<\/em><\/p>\n<\/div>\n<p><br \/>\n<br \/>Fonte: <a href=\"https:\/\/www.gazetadopovo.com.br\/mundo\/governo-milei-nega-ter-recebido-carta-com-pedido-de-asilo-de-bolsonaro\/\">Revista Oeste<\/a><\/p>\n","protected":false},"excerpt":{"rendered":"<p>Fontes do governo da Argentina, liderado pelo presidente Javier Milei, negaram nesta quarta-feira (20) \u00e0 ag\u00eancia de not\u00edcias Reuters e \u00e0 CNN Brasil terem recebido uma carta do ex-presidente Jair Bolsonaro (PL) com pedido de asilo pol\u00edtico. A Gazeta do Povo entrou em contato com o Minist\u00e9rio das Rela\u00e7\u00f5es Exteriores argentino, que ainda n\u00e3o se [&hellip;]<\/p>\n","protected":false},"author":5,"featured_media":38770,"comment_status":"open","ping_status":"open","sticky":false,"template":"","format":"standard","meta":{"_seopress_robots_primary_cat":"","_seopress_titles_title":"","_seopress_titles_desc":"","_seopress_robots_index":"","footnotes":""},"categories":[48],"tags":[],"class_list":["post-38769","post","type-post","status-publish","format-standard","has-post-thumbnail","hentry","category-internacional"],"_links":{"self":[{"href":"https:\/\/mussicom.com\/noticias\/wp-json\/wp\/v2\/posts\/38769","targetHints":{"allow":["GET"]}}],"collection":[{"href":"https:\/\/mussicom.com\/noticias\/wp-json\/wp\/v2\/posts"}],"about":[{"href":"https:\/\/mussicom.com\/noticias\/wp-json\/wp\/v2\/types\/post"}],"author":[{"embeddable":true,"href":"https:\/\/mussicom.com\/noticias\/wp-json\/wp\/v2\/users\/5"}],"replies":[{"embeddable":true,"href":"https:\/\/mussicom.com\/noticias\/wp-json\/wp\/v2\/comments?post=38769"}],"version-history":[{"count":0,"href":"https:\/\/mussicom.com\/noticias\/wp-json\/wp\/v2\/posts\/38769\/revisions"}],"wp:featuredmedia":[{"embeddable":true,"href":"https:\/\/mussicom.com\/noticias\/wp-json\/wp\/v2\/media\/38770"}],"wp:attachment":[{"href":"https:\/\/mussicom.com\/noticias\/wp-json\/wp\/v2\/media?parent=38769"}],"wp:term":[{"taxonomy":"category","embeddable":true,"href":"https:\/\/mussicom.com\/noticias\/wp-json\/wp\/v2\/categories?post=38769"},{"taxonomy":"post_tag","embeddable":true,"href":"https:\/\/mussicom.com\/noticias\/wp-json\/wp\/v2\/tags?post=38769"}],"curies":[{"name":"wp","href":"https:\/\/api.w.org\/{rel}","templated":true}]}}