{"id":38716,"date":"2025-08-21T08:35:14","date_gmt":"2025-08-21T11:35:14","guid":{"rendered":"https:\/\/mussicom.com\/eua-teriam-revogado-vistos-de-lewandowski-e-pacheco\/"},"modified":"2025-08-21T08:35:14","modified_gmt":"2025-08-21T11:35:14","slug":"eua-teriam-revogado-vistos-de-lewandowski-e-pacheco","status":"publish","type":"post","link":"https:\/\/mussicom.com\/noticias\/eua-teriam-revogado-vistos-de-lewandowski-e-pacheco\/","title":{"rendered":"EUA teriam revogado vistos de Lewandowski e Pacheco"},"content":{"rendered":"<p> <br \/>\n<\/p>\n<div>\n<p class=\"postParagraph_post-paragraph__juWZN\">O governo dos Estados Unidos, liderado pelo presidente Donald Trump, teria revogado os vistos do ministro da Justi\u00e7a, Ricardo Lewandowski, e do senador Rodrigo Pacheco, bem como os de seus familiares. A informa\u00e7\u00e3o foi divulgada nesta quarta-feira (20) pelo jornalista Paulo Figueiredo.<\/p>\n<p class=\"postParagraph_post-paragraph-innerHtml__Q5vwc\">Segundo o jornal <em>Folha de S.Paulo<\/em>, ambos ainda n\u00e3o receberam comunica\u00e7\u00e3o oficial sobre a medida. A <strong>Gazeta do Povo<\/strong> procurou o Departamento de Estado e a Embaixada dos EUA no Brasil para falar sobre o assunto, mas ainda n\u00e3o obteve resposta. O espa\u00e7o ser\u00e1 atualizado quando houver posicionamento.<\/p>\n<p class=\"postParagraph_post-paragraph__juWZN\">Se confirmado, o caso se soma a uma s\u00e9rie de revoga\u00e7\u00f5es de vistos de autoridades brasileiras anunciadas recentemente por Washington. No \u00faltimo dia 18 de julho, o secret\u00e1rio de Estado, Marco Rubio, declarou que os Estados Unidos tinham suspendido os vistos do ministro do Supremo Tribunal Federal (STF) Alexandre de Moraes, \u201cde seus aliados e de seus familiares imediatos\u201d. Na ocasi\u00e3o, tamb\u00e9m tiveram seus vistos cancelados na mesma linha outros sete ministros da Corte: Luis Roberto Barroso, Edson Fachin, Dias Toffoli, Cristiano Zanin, Fl\u00e1vio Dino, C\u00e1rmen L\u00facia e Gilmar Mendes. O procurador-geral da Rep\u00fablica, Paulo Gonet, tamb\u00e9m foi inclu\u00eddo na lista. Moraes posteriormente foi sancionado com a Lei Magnitsky.<\/p>\n<p class=\"postParagraph_post-paragraph__juWZN\">Al\u00e9m das autoridades do Judici\u00e1rio, o governo Trump anunciou no in\u00edcio deste m\u00eas a revoga\u00e7\u00e3o de vistos de pessoas ligadas ao programa Mais M\u00e9dicos, criado no governo de Dilma Rousseff. Marco Rubio classificou a iniciativa como \u201cgolpe diplom\u00e1tico inconceb\u00edvel\u201d. O programa foi acusado por Washington de funcionar como mecanismo de financiamento do regime cubano por meio da explora\u00e7\u00e3o de m\u00e9dicos enviados ao exterior. Em nota oficial, o Departamento de Estado informou na ocasi\u00e3o que tinha revogado os vistos de Mozart Julio Tabosa Sales e Alberto Kleiman, ambos ligados ao Minist\u00e9rio da Sa\u00fade durante a gest\u00e3o petista.<\/p>\n<p class=\"postParagraph_post-paragraph__juWZN\">\u201cO departamento revogou os vistos de Mozart J\u00falio Tabosa Sales e Alberto Kleiman, que trabalharam no Minist\u00e9rio da Sa\u00fade do Brasil durante o programa Mais M\u00e9dicos e desempenharam um papel no planejamento e na implementa\u00e7\u00e3o do programa\u201d, disse o comunicado.<\/p>\n<p class=\"postParagraph_post-paragraph__juWZN\">Na mesma linha de san\u00e7\u00f5es, o consulado norte-americano em S\u00e3o Paulo notificou, no \u00faltimo dia 15, a esposa e a filha do ministro da Sa\u00fade, Alexandre Padilha, sobre a revoga\u00e7\u00e3o de seus vistos. O pr\u00f3prio ministro n\u00e3o foi afetado porque seu documento j\u00e1 estava vencido desde o ano passado. Com isso, Ricardo Lewandowski se tornaria o primeiro ministro em exerc\u00edcio do governo Lula a ter a permiss\u00e3o de entrada nos Estados Unidos oficialmente revogada, enquanto Pacheco seria o primeiro membro do Congresso brasileiro afetado pela medida.<\/p>\n<div class=\"postViewMore_post-view-more-container___5wai\" data-mrf-recirculation=\"Post - Veja tamb\u00e9m\">\n<p class=\"gp-styles-module-size-small-afeYRa gp-styles-module-font-family2-afeYRa gp-styles-module-color-secondary-afeYRa gp-styles-module-weight-bold-afeYRa\">VEJA TAMB\u00c9M:<\/p>\n<ul class=\"postViewMore_post-view-more-list__CU_CE\">\n<li class=\"postViewMore_post-view-more-item__2MzRb\">\n<div class=\"postViewMore_post-view-more-image__5gUSe\"><picture class=\"imageDefault_image-container__XGd8_\"><\/picture><\/div>\n<p>Magnitsky: o negacionismo \u201cSupremo\u201d que vai destruir o Brasil<\/li>\n<li class=\"postViewMore_post-view-more-item__2MzRb\">\n<div class=\"postViewMore_post-view-more-image__5gUSe\"><picture class=\"imageDefault_image-container__XGd8_\"><img decoding=\"async\" class=\"imageDefault_image-item__lU2Dk\" src=\"https:\/\/media.gazetadopovo.com.br\/2023\/10\/12203131\/Fl%C3%A1vio-Dino-crop-20231212233110-380x214.jpg\" alt=\"Fl\u00e1vio Dino emendas c\u00e2mara anistia s\u00f3stenes congresso psol controle interfer\u00eancia C\u00e2mara senado\" width=\"72\" height=\"72\"\/><\/picture><\/div>\n<p>EUA podem sancionar mais autoridades ap\u00f3s Moraes e Dino afrontarem a Lei Magnitsky<\/li>\n<\/ul>\n<\/div>\n<\/div>\n<p><br \/>\n<br \/>Fonte: <a href=\"https:\/\/www.gazetadopovo.com.br\/mundo\/governo-dos-eua-teria-revogado-vistos-de-lewandowski-e-pacheco-diz-paulo-figueiredo\/\">Revista Oeste<\/a><\/p>\n","protected":false},"excerpt":{"rendered":"<p>O governo dos Estados Unidos, liderado pelo presidente Donald Trump, teria revogado os vistos do ministro da Justi\u00e7a, Ricardo Lewandowski, e do senador Rodrigo Pacheco, bem como os de seus familiares. A informa\u00e7\u00e3o foi divulgada nesta quarta-feira (20) pelo jornalista Paulo Figueiredo. Segundo o jornal Folha de S.Paulo, ambos ainda n\u00e3o receberam comunica\u00e7\u00e3o oficial sobre [&hellip;]<\/p>\n","protected":false},"author":5,"featured_media":38717,"comment_status":"open","ping_status":"open","sticky":false,"template":"","format":"standard","meta":{"_seopress_robots_primary_cat":"","_seopress_titles_title":"","_seopress_titles_desc":"","_seopress_robots_index":"","footnotes":""},"categories":[48],"tags":[],"class_list":["post-38716","post","type-post","status-publish","format-standard","has-post-thumbnail","hentry","category-internacional"],"_links":{"self":[{"href":"https:\/\/mussicom.com\/noticias\/wp-json\/wp\/v2\/posts\/38716","targetHints":{"allow":["GET"]}}],"collection":[{"href":"https:\/\/mussicom.com\/noticias\/wp-json\/wp\/v2\/posts"}],"about":[{"href":"https:\/\/mussicom.com\/noticias\/wp-json\/wp\/v2\/types\/post"}],"author":[{"embeddable":true,"href":"https:\/\/mussicom.com\/noticias\/wp-json\/wp\/v2\/users\/5"}],"replies":[{"embeddable":true,"href":"https:\/\/mussicom.com\/noticias\/wp-json\/wp\/v2\/comments?post=38716"}],"version-history":[{"count":0,"href":"https:\/\/mussicom.com\/noticias\/wp-json\/wp\/v2\/posts\/38716\/revisions"}],"wp:featuredmedia":[{"embeddable":true,"href":"https:\/\/mussicom.com\/noticias\/wp-json\/wp\/v2\/media\/38717"}],"wp:attachment":[{"href":"https:\/\/mussicom.com\/noticias\/wp-json\/wp\/v2\/media?parent=38716"}],"wp:term":[{"taxonomy":"category","embeddable":true,"href":"https:\/\/mussicom.com\/noticias\/wp-json\/wp\/v2\/categories?post=38716"},{"taxonomy":"post_tag","embeddable":true,"href":"https:\/\/mussicom.com\/noticias\/wp-json\/wp\/v2\/tags?post=38716"}],"curies":[{"name":"wp","href":"https:\/\/api.w.org\/{rel}","templated":true}]}}