{"id":38693,"date":"2025-08-21T06:14:07","date_gmt":"2025-08-21T09:14:07","guid":{"rendered":"https:\/\/mussicom.com\/oposicao-tentar-reduzir-embate-entre-motta-e-eduardo-bolsonaro\/"},"modified":"2025-08-21T06:14:07","modified_gmt":"2025-08-21T09:14:07","slug":"oposicao-tentar-reduzir-embate-entre-motta-e-eduardo-bolsonaro","status":"publish","type":"post","link":"https:\/\/mussicom.com\/noticias\/oposicao-tentar-reduzir-embate-entre-motta-e-eduardo-bolsonaro\/","title":{"rendered":"Oposi\u00e7\u00e3o tentar reduzir embate entre Motta e Eduardo Bolsonaro"},"content":{"rendered":"<p> <br \/>\n<\/p>\n<div>\n<p class=\"postParagraph_post-paragraph-innerHtml__Q5vwc\">A escalada das cr\u00edticas do presidente da C\u00e2mara, Hugo Motta (Republicanos-PB), \u00e0 atua\u00e7\u00e3o do deputado Eduardo Bolsonaro (PL-SP) nos Estados Unidos nos \u00faltimos dias acendeu um alerta em l\u00edderes da oposi\u00e7\u00e3o. O filho do ex-presidente Jair Bolsonaro, que deixou o Brasil em mar\u00e7o deste ano, \u00e9 alvo de diversos pedidos de cassa\u00e7\u00e3o e integrantes do PL buscam agora minimizar a crise para tentar salvar o mandato do deputado.\u00a0<\/p>\n<p class=\"postParagraph_post-paragraph-innerHtml__Q5vwc\">Na \u00faltima sexta-feira (15), por exemplo, Motta assinou o despacho que liberou ao menos quatro pedidos de cassa\u00e7\u00e3o de Eduardo Bolsonaro para an\u00e1lise do Conselho de \u00c9tica. Todos os requerimentos foram protocolados na Mesa Diretora da C\u00e2mara por partidos de esquerda, sendo tr\u00eas do PT e um do PSOL.\u00a0<\/p>\n<p class=\"postParagraph_post-paragraph-innerHtml__Q5vwc\">Os partidos argumentam que Eduardo deve ser punido por quebra de decoro por supostamente atuar contra o Brasil nos EUA e a favor de san\u00e7\u00f5es a autoridades brasileiras. Segundo o regimento da C\u00e2mara, ap\u00f3s o recebimento da representa\u00e7\u00e3o, o conselho se re\u00fane para instaurar formalmente o processo e a abertura \u00e9 obrigat\u00f3ria.\u00a0<\/p>\n<p class=\"postParagraph_post-paragraph-innerHtml__Q5vwc\">A partir da\u00ed, ser\u00e3o sorteados tr\u00eas nomes de deputados para fazer o papel de relator do caso. Caber\u00e1 ao presidente do colegiado definir um dos nomes sorteados para assumir a relatoria. Esse relator apresentar\u00e1 parecer que diz se o processo pode seguir ou se deve ser arquivado.\u00a0<\/p>\n<p class=\"postParagraph_post-paragraph-innerHtml__Q5vwc\">No rito regimental, o deputado denunciado tamb\u00e9m \u00e9 notificado para apresentar uma defesa inicial. Na v\u00e9spera da decis\u00e3o de Motta sobre os pedidos contra Eduardo Bolsonaro, o filho do ex-presidente Bolsonaro deu entrevistas sinalizando que o presidente da C\u00e2mara e o presidente do Senado, Davi Alcolumbre (Uni\u00e3o-AP), tamb\u00e9m poderiam ser alvos de san\u00e7\u00f5es por parte do governo de Donald Trump. \u00a0<\/p>\n<p class=\"postParagraph_post-paragraph-innerHtml__Q5vwc\">Mesmo nos EUA, o\u00a0filho do ex-presidente reassumiu o seu mandato depois que a sua licen\u00e7a de 120 dias para &#8220;tratar de interesses pessoais&#8221; foi encerrada no final de julho. Desde ent\u00e3o, Eduardo Bolsonaro come\u00e7ou a ter faltas n\u00e3o justificadas registradas durante as sess\u00f5es da C\u00e2mara. Al\u00e9m dos pedidos de cassa\u00e7\u00e3o, o deputado pode ainda perder o mandato em decorr\u00eancia das aus\u00eancias,\u00a0caso falte a mais de um ter\u00e7o das vota\u00e7\u00f5es do plen\u00e1rio. \u00a0<\/p>\n<p class=\"postParagraph_post-paragraph-innerHtml__Q5vwc\">Nesse cen\u00e1rio, Hugo Motta subiu o tom das cr\u00edticas contra Eduardo Bolsonaro e classificou a decis\u00e3o do deputado de ir para os EUA como \u201cincompat\u00edvel com o exerc\u00edcio parlamentar\u201d. Segundo ele, o filho de Bolsonaro tem o direito de ser contra o julgamento do Supremo contra seu pai, desde que n\u00e3o atue contra o pa\u00eds para prejudicar as empresas e a economia.\u00a0<\/p>\n<p class=\"postParagraph_post-paragraph-innerHtml__Q5vwc\">&#8220;Eu tenho dito que n\u00e3o existe mais ou menos deputado, existe o deputado. Da mesma forma que n\u00e3o h\u00e1 previs\u00e3o regimental do exerc\u00edcio do mandato \u00e0 dist\u00e2ncia e o deputado Eduardo Bolsonaro, quando tomou a decis\u00e3o de ir para os Estados Unidos cumprir o papel que ele acha correto, ele sabia que era incompat\u00edvel com o exerc\u00edcio parlamentar&#8221;, disse Motta em entrevista \u00e0 <em>GloboNews<\/em>.\u00a0<\/p>\n<div class=\"postViewMore_post-view-more-container___5wai\" data-mrf-recirculation=\"Post - Veja tamb\u00e9m\">\n<p class=\"gp-styles-module-size-small-afeYRa gp-styles-module-font-family2-afeYRa gp-styles-module-color-secondary-afeYRa gp-styles-module-weight-bold-afeYRa\">VEJA TAMB\u00c9M:<\/p>\n<ul class=\"postViewMore_post-view-more-list__CU_CE\">\n<li class=\"postViewMore_post-view-more-item__2MzRb\">\n<div class=\"postViewMore_post-view-more-image__5gUSe\"><picture class=\"imageDefault_image-container__XGd8_\"><\/picture><\/div>\n<p>EUA podem sancionar mais autoridades ap\u00f3s Moraes e Dino afrontarem a Lei Magnitsky<\/li>\n<li class=\"postViewMore_post-view-more-item__2MzRb\">\n<div class=\"postViewMore_post-view-more-image__5gUSe\"><picture class=\"imageDefault_image-container__XGd8_\"><img decoding=\"async\" class=\"imageDefault_image-item__lU2Dk\" src=\"https:\/\/media.gazetadopovo.com.br\/2025\/08\/14141410\/hugo-motta-pauta-CAMARA-380x214.jpg.webp\" alt=\"\" width=\"72\" height=\"72\"\/><\/picture><\/div>\n<p>Motta investe em pauta da adultiza\u00e7\u00e3o para adiar anistia e oposi\u00e7\u00e3o teme censura<\/li>\n<\/ul>\n<\/div>\n<h2 class=\"postParagraph_post-paragraph-innerHtml__Q5vwc postParagraph_type-tag-h2__TtFkT\">Oposi\u00e7\u00e3o tenta encontro de Motta e Jair Bolsonaro para tratar de Eduardo\u00a0<\/h2>\n<p class=\"postParagraph_post-paragraph-innerHtml__Q5vwc\">Para tentar minimizar a press\u00e3o do governo para que Motta acelere o tr\u00e2mite dos pedidos de cassa\u00e7\u00e3o de Eduardo Bolsonaro, l\u00edderes da oposi\u00e7\u00e3o costuram agora um encontro de Motta com Jair Bolsonaro. Com a pris\u00e3o domiciliar do ex-presidente, a visita depende de autoriza\u00e7\u00e3o por parte do ministro Alexandre de Moraes. \u00a0<\/p>\n<p class=\"postParagraph_post-paragraph-innerHtml__Q5vwc\">A proposta j\u00e1 teria sido apresentada ao pr\u00f3prio Bolsonaro, que teria concordado com o encontro, e tamb\u00e9m a Motta, que, segundo interlocutores, demonstrou disposi\u00e7\u00e3o para a visita. Segundo o l\u00edder da oposi\u00e7\u00e3o, Luciano Zucco (PL-RS), o ex-presidente foi um dos principais apoiadores da candidatura de Motta \u00e0 presid\u00eancia da C\u00e2mara.\u00a0<\/p>\n<p class=\"postParagraph_post-paragraph-innerHtml__Q5vwc\">\u201cEle manifestou o desejo de receber algumas lideran\u00e7as pol\u00edticas, e a defesa far\u00e1 os pedidos de acordo com essas prioridades\u201d, afirmou Zucco ap\u00f3s se reunir com Bolsonaro na \u00faltima quinta-feira (14).\u00a0<\/p>\n<p class=\"postParagraph_post-paragraph-innerHtml__Q5vwc\">L\u00edderes do PL avaliam que uma eventual visita do presidente da C\u00e2mara serviria como um gesto simb\u00f3lico de aproxima\u00e7\u00e3o com a oposi\u00e7\u00e3o e poderia fortalecer a articula\u00e7\u00e3o pol\u00edtica do partido para o segundo semestre. Al\u00e9m disso, os parlamentares acreditam que Bolsonaro poder\u00e1 usar o encontro para tentar evitar a cassa\u00e7\u00e3o do mandato de Eduardo Bolsonaro pelo Conselho de \u00c9tica.\u00a0<\/p>\n<p class=\"postParagraph_post-paragraph-innerHtml__Q5vwc\">Aos seus interlocutores, Motta tem demonstrado inc\u00f4modo com as declara\u00e7\u00f5es de Eduardo Bolsonaro e indicado que n\u00e3o ser\u00e1 intimidado pelo que considera serem &#8220;amea\u00e7as&#8221; do parlamentar do PL. Publicamente, o presidente da C\u00e2mara afirmou n\u00e3o ter receio de ser alvo de san\u00e7\u00f5es por parte do governo Trump, caso n\u00e3o ele n\u00e3o coloque em vota\u00e7\u00e3o projetos de interesse da oposi\u00e7\u00e3o.\u00a0<\/p>\n<p class=\"postParagraph_post-paragraph-innerHtml__Q5vwc\">&#8220;N\u00e3o tenho nenhum receio de qualquer coloca\u00e7\u00e3o. Presidir a C\u00e2mara dos Deputados exige responsabilidade, h\u00e1 b\u00f4nus e \u00f4nus&#8221;, disse Motta ao ser questionado sobre as falas de Eduardo Bolsonaro.\u00a0<\/p>\n<h2 class=\"postParagraph_post-paragraph__juWZN postParagraph_type-tag-h2__TtFkT\">Motta e Alcolumbre podem sofrer san\u00e7\u00f5es dos EUA<\/h2>\n<p class=\"postParagraph_post-paragraph-innerHtml__Q5vwc\">Em meio \u00e0 escalada da crise, Eduardo Bolsonaro afirmou na \u00faltima sexta-feira (15) que sua perman\u00eancia nos Estados Unidos n\u00e3o foi volunt\u00e1ria, &#8220;mas resultado de uma coa\u00e7\u00e3o devido \u00e0 falta de respeito \u00e0s prerrogativas parlamentares no Brasil&#8221;. &#8220;Eu fui coagido a ficar nos EUA, porque a institui\u00e7\u00e3o a que eu perten\u00e7o n\u00e3o consegue garantir meus direitos e liberdades contra o regime de exce\u00e7\u00e3o&#8221;, declarou.\u00a0<\/p>\n<p class=\"postParagraph_post-paragraph-innerHtml__Q5vwc\">Segundo ele, o presidente da C\u00e2mara estaria ciente da situa\u00e7\u00e3o e tamb\u00e9m sofreria amea\u00e7as. \u201cHugo Motta deveria saber bem o que \u00e9 isso, afinal, tamb\u00e9m est\u00e1 sendo amea\u00e7ado pelo regime, que pegou seus parentes como ref\u00e9ns para usar como meio de chantagem e impedir a anistia\u201d, publicou o filho de Jair Bolsonaro.\u00a0<\/p>\n<p class=\"postParagraph_post-paragraph-innerHtml__Q5vwc\">Na v\u00e9spera, o filho do ex-presidente Jair Bolsonaro disse \u00e0 <em>ag\u00eancia Reuters<\/em> que espera novas tarifas dos Estados Unidos sobre produtos brasileiros e san\u00e7\u00f5es adicionais a autoridades do pa\u00eds. J\u00e1 em entrevista \u00e0 <em>BBC News<\/em>, Eduardo citou que &#8220;Motta e Alcolumbre estariam no radar da Casa Branca&#8221;.\u00a0<\/p>\n<p class=\"postParagraph_post-paragraph__juWZN\">&#8220;Eles [Motta e Alcolumbre] j\u00e1 est\u00e3o no radar, e as autoridades americanas t\u00eam uma clara vis\u00e3o do que est\u00e1 acontecendo no Brasil e sabem que, por exemplo, o processo de anistia depende de ser iniciado pela mesa do presidente Hugo Motta&#8221;, afirmou o deputado.<\/p>\n<p class=\"postParagraph_post-paragraph-innerHtml__Q5vwc\">O risco das san\u00e7\u00f5es por parte dos EUA ao Brasil e \u00e0s autoridades pode aumentar ap\u00f3s o indiciamento de Eduardo e Jair Bolsonaro. O deputado e o ex-presidente foram indiciados pela Pol\u00edcia Federal, nesta quarta-feira (20), por tentativa de obstru\u00e7\u00e3o de Justi\u00e7a no processo sobre a suposta tentativa de golpe de Estado.<\/p>\n<p class=\"postParagraph_post-paragraph__juWZN\">O indiciamento ocorre no \u00e2mbito da investiga\u00e7\u00e3o sobre a atua\u00e7\u00e3o do deputado nos Estados Unidos contra autoridades brasileiras. A PF atribuiu a Bolsonaro e Eduardo os crimes de coa\u00e7\u00e3o no curso do processo, obstru\u00e7\u00e3o de investiga\u00e7\u00e3o de infra\u00e7\u00e3o penal que envolva organiza\u00e7\u00e3o criminosa (processo do golpe) e aboli\u00e7\u00e3o violenta do Estado Democr\u00e1tico de Direito.<\/p>\n<p class=\"postParagraph_post-paragraph__juWZN\">J\u00e1 o pastor Silas Malafaia foi alvo de busca e apreens\u00e3o ao desembarcar no Aeroporto Internacional do Gale\u00e3o, no Rio de Janeiro.<\/p>\n<h2 class=\"postParagraph_post-paragraph__juWZN postParagraph_type-tag-h2__TtFkT\">Integrantes do PL defendem que Eduardo n\u00e3o parta para o confronto contra Motta<\/h2>\n<p class=\"postParagraph_post-paragraph-innerHtml__Q5vwc\">Aqui no Brasil, integrantes do PL defendem que Eduardo Bolsonaro n\u00e3o deve partir para o confronto, j\u00e1 que tal postura prejudica as articula\u00e7\u00f5es pol\u00edticas da oposi\u00e7\u00e3o em andamento.\u00a0Na C\u00e2mara, por exemplo, os aliados de Jair Bolsonaro tentam viabilizar a tramita\u00e7\u00e3o da PEC do fim do foro e a anistia aos presos do 8 de janeiro de 2023 ap\u00f3s o fim da ocupa\u00e7\u00e3o dos plen\u00e1rios do Congresso.\u00a0<\/p>\n<p class=\"postParagraph_post-paragraph-innerHtml__Q5vwc\">No Centr\u00e3o, o pedido dos l\u00edderes \u00e9 para que o presidente da C\u00e2mara possa agir com &#8220;cautela&#8221; para evitar a tens\u00e3o na Casa. Por isso, a avalia\u00e7\u00e3o \u00e9 de que o melhor caminho seria que Eduardo tivesse a perda de mandato por conta de suas aus\u00eancias nas sess\u00f5es de vota\u00e7\u00f5es.\u00a0<\/p>\n<p class=\"postParagraph_post-paragraph-innerHtml__Q5vwc\">Desde o fim do recesso, em 4 de agosto, Eduardo Bolsonaro j\u00e1 contabilizou ao menos 8 faltas injustificadas. As aus\u00eancias s\u00e3o contadas nas sess\u00f5es deliberativas ordin\u00e1rias e extraordin\u00e1rias com abertura da ordem do dia. At\u00e9 5 de mar\u00e7o do ano que vem, a Secretaria-Geral da Mesa deve enviar \u00e0 presid\u00eancia um relat\u00f3rio com a frequ\u00eancia consolidada dos parlamentares no ano anterior. Motta pode pedir o arquivamento do documento ou definir um integrante da Mesa para analisar as aus\u00eancias excessivas.\u00a0<\/p>\n<\/div>\n<p><br \/>\n<br \/>Fonte: <a href=\"https:\/\/www.gazetadopovo.com.br\/republica\/oposicao-entra-em-campo-para-tentar-reduzir-embate-entre-motta-e-eduardo-bolsonaro\/\">Revista Oeste<\/a><\/p>\n","protected":false},"excerpt":{"rendered":"<p>A escalada das cr\u00edticas do presidente da C\u00e2mara, Hugo Motta (Republicanos-PB), \u00e0 atua\u00e7\u00e3o do deputado Eduardo Bolsonaro (PL-SP) nos Estados Unidos nos \u00faltimos dias acendeu um alerta em l\u00edderes da oposi\u00e7\u00e3o. O filho do ex-presidente Jair Bolsonaro, que deixou o Brasil em mar\u00e7o deste ano, \u00e9 alvo de diversos pedidos de cassa\u00e7\u00e3o e integrantes do [&hellip;]<\/p>\n","protected":false},"author":5,"featured_media":38694,"comment_status":"open","ping_status":"open","sticky":false,"template":"","format":"standard","meta":{"_seopress_robots_primary_cat":"","_seopress_titles_title":"","_seopress_titles_desc":"","_seopress_robots_index":"","footnotes":""},"categories":[1],"tags":[],"class_list":["post-38693","post","type-post","status-publish","format-standard","has-post-thumbnail","hentry","category-ultimas-noticias"],"_links":{"self":[{"href":"https:\/\/mussicom.com\/noticias\/wp-json\/wp\/v2\/posts\/38693","targetHints":{"allow":["GET"]}}],"collection":[{"href":"https:\/\/mussicom.com\/noticias\/wp-json\/wp\/v2\/posts"}],"about":[{"href":"https:\/\/mussicom.com\/noticias\/wp-json\/wp\/v2\/types\/post"}],"author":[{"embeddable":true,"href":"https:\/\/mussicom.com\/noticias\/wp-json\/wp\/v2\/users\/5"}],"replies":[{"embeddable":true,"href":"https:\/\/mussicom.com\/noticias\/wp-json\/wp\/v2\/comments?post=38693"}],"version-history":[{"count":0,"href":"https:\/\/mussicom.com\/noticias\/wp-json\/wp\/v2\/posts\/38693\/revisions"}],"wp:featuredmedia":[{"embeddable":true,"href":"https:\/\/mussicom.com\/noticias\/wp-json\/wp\/v2\/media\/38694"}],"wp:attachment":[{"href":"https:\/\/mussicom.com\/noticias\/wp-json\/wp\/v2\/media?parent=38693"}],"wp:term":[{"taxonomy":"category","embeddable":true,"href":"https:\/\/mussicom.com\/noticias\/wp-json\/wp\/v2\/categories?post=38693"},{"taxonomy":"post_tag","embeddable":true,"href":"https:\/\/mussicom.com\/noticias\/wp-json\/wp\/v2\/tags?post=38693"}],"curies":[{"name":"wp","href":"https:\/\/api.w.org\/{rel}","templated":true}]}}