{"id":38668,"date":"2025-08-21T03:11:14","date_gmt":"2025-08-21T06:11:14","guid":{"rendered":"https:\/\/mussicom.com\/ativismo-judicial-e-tentacao-diante-da-omissao-dos-poderes\/"},"modified":"2025-08-21T03:11:14","modified_gmt":"2025-08-21T06:11:14","slug":"ativismo-judicial-e-tentacao-diante-da-omissao-dos-poderes","status":"publish","type":"post","link":"https:\/\/mussicom.com\/noticias\/ativismo-judicial-e-tentacao-diante-da-omissao-dos-poderes\/","title":{"rendered":"Ativismo judicial \u00e9 \u201ctenta\u00e7\u00e3o\u201d diante da omiss\u00e3o dos Poderes"},"content":{"rendered":"<p> <br \/>\n<\/p>\n<div>\n<p class=\"postParagraph_post-paragraph-innerHtml__Q5vwc\">O ministro do Supremo Tribunal Federal (STF) Fl\u00e1vio Dino afirmou nesta quarta-feira (20) que o ativismo judicial \u00e9 uma esp\u00e9cie de \u201ctenta\u00e7\u00e3o sat\u00e2nica\u201d para os integrantes da Corte diante da omiss\u00e3o dos demais Poderes. Ele apontou que o Brasil vive um \u201cdeserto institucional\u201d, que faz com que o STF seja provocado a decidir sobre temas pol\u00edticos, econ\u00f4micos e sociais.<\/p>\n<p class=\"postParagraph_post-paragraph__juWZN\">\u201cN\u00f3s n\u00e3o somos delegat\u00e1rios diretos da soberania popular. S\u00f3 que tudo para no sistema de Justi\u00e7a. E a\u00ed voc\u00ea \u00e9 chamado ao ativismo o tempo inteiro, quase como se fosse uma tenta\u00e7\u00e3o sat\u00e2nica. Sabe Jesus Cristo no deserto? \u2018T\u00e1 aqui, fa\u00e7a isso, \u00e9 bom\u2019\u201d, disse Dino, em refer\u00eancia ao epis\u00f3dio b\u00edblico.<\/p>\n<p class=\"postParagraph_post-paragraph-innerHtml__Q5vwc\">O magistrado costuma usar trechos da B\u00edblia em sess\u00f5es do Supremo e discursos. A declara\u00e7\u00e3o ocorreu durante um evento fechado no Tribunal Superior do Trabalho (TST). A informa\u00e7\u00e3o foi divulgada pela <em>CNN Brasil<\/em>, que teve acesso ao conte\u00fado da palestra do ministro.<\/p>\n<div class=\"postViewMore_post-view-more-container___5wai\" data-mrf-recirculation=\"Post - Veja tamb\u00e9m\">\n<p class=\"gp-styles-module-size-small-afeYRa gp-styles-module-font-family2-afeYRa gp-styles-module-color-secondary-afeYRa gp-styles-module-weight-bold-afeYRa\">VEJA TAMB\u00c9M:<\/p>\n<ul class=\"postViewMore_post-view-more-list__CU_CE\">\n<li class=\"postViewMore_post-view-more-item__2MzRb\"><span class=\"postViewMore_post-view-more-link-icon___stPC\"><svg xmlns=\"http:\/\/www.w3.org\/2000\/svg\" width=\"16\" height=\"16\" viewbox=\"0 0 16 16\"><rect width=\"16\" height=\"16\" fill=\"none\"\/><g transform=\"translate(3 3)\"><path d=\"M22.5,15l3.4,3.4-3.4,3.4\" transform=\"translate(-15.896 -11.793)\" fill=\"none\" stroke=\"#717171\" stroke-linecap=\"round\" stroke-width=\"1.4\"\/><path d=\"M6,6v4.2a2.452,2.452,0,0,0,2.5,2.4H16\" transform=\"translate(-6 -6)\" fill=\"none\" stroke=\"#717171\" stroke-linecap=\"round\" stroke-width=\"1.4\"\/><\/g><\/svg><\/span><span class=\"postViewMore_post-view-more-link-text__hO_kM\">Dino ironiza impacto de decis\u00e3o no mercado financeiro: \u201cN\u00e3o sabia que era t\u00e3o poderoso\u201d<\/span><\/li>\n<\/ul>\n<\/div>\n<p class=\"postParagraph_post-paragraph-innerHtml__Q5vwc\">A Corte \u00e9 criticada por decis\u00f5es sobre temas que deveriam ser definidos por outros Poderes, como a regula\u00e7\u00e3o das redes sociais e a execu\u00e7\u00e3o de emendas parlamentares. Dino destacou que a falta de a\u00e7\u00e3o do Executivo e do Legislativo leva os membros do Judici\u00e1rio a assumirem o protagonismo pol\u00edtico, que deveria ser de outros agentes p\u00fablicos.<\/p>\n<p class=\"postParagraph_post-paragraph__juWZN\">\u201c\u00c9 esse deserto institucional que o Brasil atravessa que chama o Judici\u00e1rio ao hiperativismo. Porque, vamos convir, muita coisa que deveria ser resolvida pelos outros, n\u00e3o \u00e9. E h\u00e1 uma vis\u00e3o errada de que a culpa do ativismo \u00e9 dos ju\u00edzes ou do Minist\u00e9rio P\u00fablico\u201d, disse.<\/p>\n<p class=\"postParagraph_post-paragraph__juWZN\">O magistrado ponderou que \u00e9 preciso ter autoconten\u00e7\u00e3o para entender at\u00e9 onde vai a responsabilidade do Judici\u00e1rio, sem se omitir em decis\u00f5es necess\u00e1rias. \u201cO ativismo da Justi\u00e7a ou a busca de um Judici\u00e1rio protagonista \u00e9 marca do nosso tempo. Conflitos pol\u00edticos, econ\u00f4micos, sociais. Voc\u00eas sabem. E n\u00f3s n\u00e3o podemos simplesmente aderir a isso\u201d, enfatizou.<\/p>\n<\/div>\n<p><br \/>\n<br \/>Fonte: <a href=\"https:\/\/www.gazetadopovo.com.br\/republica\/ativismo-judicial-e-tentacao-satanica-diante-da-omissao-dos-poderes-diz-dino\/\">Revista Oeste<\/a><\/p>\n","protected":false},"excerpt":{"rendered":"<p>O ministro do Supremo Tribunal Federal (STF) Fl\u00e1vio Dino afirmou nesta quarta-feira (20) que o ativismo judicial \u00e9 uma esp\u00e9cie de \u201ctenta\u00e7\u00e3o sat\u00e2nica\u201d para os integrantes da Corte diante da omiss\u00e3o dos demais Poderes. Ele apontou que o Brasil vive um \u201cdeserto institucional\u201d, que faz com que o STF seja provocado a decidir sobre temas [&hellip;]<\/p>\n","protected":false},"author":5,"featured_media":38669,"comment_status":"open","ping_status":"open","sticky":false,"template":"","format":"standard","meta":{"_seopress_robots_primary_cat":"","_seopress_titles_title":"","_seopress_titles_desc":"","_seopress_robots_index":"","footnotes":""},"categories":[1],"tags":[],"class_list":["post-38668","post","type-post","status-publish","format-standard","has-post-thumbnail","hentry","category-ultimas-noticias"],"_links":{"self":[{"href":"https:\/\/mussicom.com\/noticias\/wp-json\/wp\/v2\/posts\/38668","targetHints":{"allow":["GET"]}}],"collection":[{"href":"https:\/\/mussicom.com\/noticias\/wp-json\/wp\/v2\/posts"}],"about":[{"href":"https:\/\/mussicom.com\/noticias\/wp-json\/wp\/v2\/types\/post"}],"author":[{"embeddable":true,"href":"https:\/\/mussicom.com\/noticias\/wp-json\/wp\/v2\/users\/5"}],"replies":[{"embeddable":true,"href":"https:\/\/mussicom.com\/noticias\/wp-json\/wp\/v2\/comments?post=38668"}],"version-history":[{"count":0,"href":"https:\/\/mussicom.com\/noticias\/wp-json\/wp\/v2\/posts\/38668\/revisions"}],"wp:featuredmedia":[{"embeddable":true,"href":"https:\/\/mussicom.com\/noticias\/wp-json\/wp\/v2\/media\/38669"}],"wp:attachment":[{"href":"https:\/\/mussicom.com\/noticias\/wp-json\/wp\/v2\/media?parent=38668"}],"wp:term":[{"taxonomy":"category","embeddable":true,"href":"https:\/\/mussicom.com\/noticias\/wp-json\/wp\/v2\/categories?post=38668"},{"taxonomy":"post_tag","embeddable":true,"href":"https:\/\/mussicom.com\/noticias\/wp-json\/wp\/v2\/tags?post=38668"}],"curies":[{"name":"wp","href":"https:\/\/api.w.org\/{rel}","templated":true}]}}