{"id":38596,"date":"2025-08-20T20:21:08","date_gmt":"2025-08-20T23:21:08","guid":{"rendered":"https:\/\/mussicom.com\/cbf-anuncia-datas-e-horarios-da-final-do-brasileiro-feminino-a2\/"},"modified":"2025-08-20T20:21:08","modified_gmt":"2025-08-20T23:21:08","slug":"cbf-anuncia-datas-e-horarios-da-final-do-brasileiro-feminino-a2","status":"publish","type":"post","link":"https:\/\/mussicom.com\/noticias\/cbf-anuncia-datas-e-horarios-da-final-do-brasileiro-feminino-a2\/","title":{"rendered":"CBF anuncia datas e hor\u00e1rios da final do Brasileiro Feminino A2"},"content":{"rendered":"<p> <br \/>\n<\/p>\n<div>\n<p>A CBF (Confedera\u00e7\u00e3o Brasileira de Futebol) anunciou as datas e hor\u00e1rios dos jogos da decis\u00e3o da S\u00e9rie A2 do Brasileir\u00e3o Feminino entre Botafogo e Santos, que contar\u00e3o com a transmiss\u00e3o ao vivo da <strong>TV Brasil<\/strong>.<img decoding=\"async\" src=\"https:\/\/agenciabrasil.ebc.com.br\/ebc.gif?id=1655214&amp;o=node\" style=\"width:1px; height:1px; display:inline;\"\/><\/p>\n<blockquote class=\"twitter-tweet\">\n<p dir=\"ltr\" lang=\"pt\" xml:lang=\"pt\">\ud835\udc15\ud835\udc00\ud835\udc0b\ud835\udc04 \ud835\udc0e \ud835\udc13\ud835\udc08\u0301\ud835\udc13\ud835\udc14\ud835\udc0b\ud835\udc0e \ud835\udc03\ud835\udc0e \ud835\udc01\ud835\udc11\ud835\udc00\ud835\udc12\ud835\udc08\ud835\udc0b\ud835\udc04\ud835\udc08\ud835\udc11\ud835\udc0e \ud835\udc00\ud835\udfd0! \ud83c\udfc6\ud83c\udf1f<\/p>\n<p>Confira as informa\u00e7\u00f5es dos duelos de ida e volta contra o Santos, v\u00e1lidos pela grande final do Brasileir\u00e3o A2! \ud835\udc13\ud835\udc04\ud835\udc11\ud835\udc02\u0327\ud835\udc00 \ud835\udc09\ud835\udc00\u0301 \ud835\udc02\ud835\udc0e\ud835\udc0c\ud835\udc04\ud835\udc02\u0327\ud835\udc00! \ud835\udc0f\ud835\udc04\ud835\udc0b\ud835\udc0e \ud835\udc13\ud835\udc08\u0301\ud835\udc13\ud835\udc14\ud835\udc0b\ud835\udc0e, <a href=\"https:\/\/twitter.com\/hashtag\/%F0%9D%90%86%F0%9D%90%8B%F0%9D%90%8E%F0%9D%90%91%F0%9D%90%88%F0%9D%90%8E%F0%9D%90%92%F0%9D%90%80%F0%9D%90%92?src=hash&amp;ref_src=twsrc%5Etfw\">#\ud835\udc06\ud835\udc0b\ud835\udc0e\ud835\udc11\ud835\udc08\ud835\udc0e\ud835\udc12\ud835\udc00\ud835\udc12<\/a>!\ud83d\udd25\ud83d\udc4a\ud83c\udffd <a href=\"https:\/\/twitter.com\/hashtag\/VamosGLORIOSAS?src=hash&amp;ref_src=twsrc%5Etfw\">#VamosGLORIOSAS<\/a> <a href=\"https:\/\/t.co\/qKvIK8XaBB\">pic.twitter.com\/qKvIK8XaBB<\/a><\/p>\n<p>\u2014 Botafogo Futebol Feminino (@BotafogoFem) <a href=\"https:\/\/twitter.com\/BotafogoFem\/status\/1958156947162538049?ref_src=twsrc%5Etfw\">August 20, 2025<\/a><\/p><\/blockquote>\n<p>A final da decis\u00e3o ter\u00e1 in\u00edcio na pr\u00f3xima ter\u00e7a-feira (26), a partir das 21h (hor\u00e1rio de Bras\u00edlia), no est\u00e1dio Nilton Santos, no Rio de Janeiro. O confronto de volta est\u00e1 programado para o dia 30 de agosto (um s\u00e1bado), quando as equipes medem for\u00e7as a partir das 15h na Vila Belmiro, em Santos.<\/p>\n<p>As Sereias da Vila chegaram \u00e0 decis\u00e3o ap\u00f3s superarem o Atl\u00e9tico-MG nas semifinais. J\u00e1 as Gloriosas garantiram seu lugar na final depois de superarem o Fortaleza.<\/p>\n<p>      <!-- Relacionada --><\/p>\n<p>            <!-- Relacionada -->\n    <\/div>\n<p><script async src=\"\/\/platform.twitter.com\/widgets.js\" charset=\"utf-8\"><\/script><br \/>\n<br \/><br \/>\n<br \/>Fonte: <a href=\"https:\/\/agenciabrasil.ebc.com.br\/esportes\/noticia\/2025-08\/cbf-anuncia-datas-e-horarios-da-final-do-brasileiro-feminino-a2\">Ag\u00eancia Brasil<\/a><\/p>\n","protected":false},"excerpt":{"rendered":"<p>A CBF (Confedera\u00e7\u00e3o Brasileira de Futebol) anunciou as datas e hor\u00e1rios dos jogos da decis\u00e3o da S\u00e9rie A2 do Brasileir\u00e3o Feminino entre Botafogo e Santos, que contar\u00e3o com a transmiss\u00e3o ao vivo da TV Brasil. \ud835\udc15\ud835\udc00\ud835\udc0b\ud835\udc04 \ud835\udc0e \ud835\udc13\ud835\udc08\u0301\ud835\udc13\ud835\udc14\ud835\udc0b\ud835\udc0e \ud835\udc03\ud835\udc0e \ud835\udc01\ud835\udc11\ud835\udc00\ud835\udc12\ud835\udc08\ud835\udc0b\ud835\udc04\ud835\udc08\ud835\udc11\ud835\udc0e \ud835\udc00\ud835\udfd0! \ud83c\udfc6\ud83c\udf1f Confira as informa\u00e7\u00f5es dos duelos de ida e volta contra o Santos, v\u00e1lidos [&hellip;]<\/p>\n","protected":false},"author":5,"featured_media":38597,"comment_status":"open","ping_status":"open","sticky":false,"template":"","format":"standard","meta":{"_seopress_robots_primary_cat":"","_seopress_titles_title":"","_seopress_titles_desc":"","_seopress_robots_index":"","footnotes":""},"categories":[40],"tags":[],"class_list":["post-38596","post","type-post","status-publish","format-standard","has-post-thumbnail","hentry","category-esportes"],"_links":{"self":[{"href":"https:\/\/mussicom.com\/noticias\/wp-json\/wp\/v2\/posts\/38596","targetHints":{"allow":["GET"]}}],"collection":[{"href":"https:\/\/mussicom.com\/noticias\/wp-json\/wp\/v2\/posts"}],"about":[{"href":"https:\/\/mussicom.com\/noticias\/wp-json\/wp\/v2\/types\/post"}],"author":[{"embeddable":true,"href":"https:\/\/mussicom.com\/noticias\/wp-json\/wp\/v2\/users\/5"}],"replies":[{"embeddable":true,"href":"https:\/\/mussicom.com\/noticias\/wp-json\/wp\/v2\/comments?post=38596"}],"version-history":[{"count":0,"href":"https:\/\/mussicom.com\/noticias\/wp-json\/wp\/v2\/posts\/38596\/revisions"}],"wp:featuredmedia":[{"embeddable":true,"href":"https:\/\/mussicom.com\/noticias\/wp-json\/wp\/v2\/media\/38597"}],"wp:attachment":[{"href":"https:\/\/mussicom.com\/noticias\/wp-json\/wp\/v2\/media?parent=38596"}],"wp:term":[{"taxonomy":"category","embeddable":true,"href":"https:\/\/mussicom.com\/noticias\/wp-json\/wp\/v2\/categories?post=38596"},{"taxonomy":"post_tag","embeddable":true,"href":"https:\/\/mussicom.com\/noticias\/wp-json\/wp\/v2\/tags?post=38596"}],"curies":[{"name":"wp","href":"https:\/\/api.w.org\/{rel}","templated":true}]}}