{"id":38566,"date":"2025-08-20T18:15:31","date_gmt":"2025-08-20T21:15:31","guid":{"rendered":"https:\/\/mussicom.com\/inscricoes-no-enem-ppl-podem-ser-feitas-a-partir-de-6-de-outubro\/"},"modified":"2025-08-20T18:15:31","modified_gmt":"2025-08-20T21:15:31","slug":"inscricoes-no-enem-ppl-podem-ser-feitas-a-partir-de-6-de-outubro","status":"publish","type":"post","link":"https:\/\/mussicom.com\/noticias\/inscricoes-no-enem-ppl-podem-ser-feitas-a-partir-de-6-de-outubro\/","title":{"rendered":"Inscri\u00e7\u00f5es no Enem PPL podem ser feitas a partir de 6 de outubro"},"content":{"rendered":"<p> <br \/>\n<\/p>\n<div>\n<p>Os \u00f3rg\u00e3os estaduais de administra\u00e7\u00e3o prisional e socioeducativa interessados em aplicar o\u00a0 Exame Nacional do Ensino M\u00e9dio para Pessoas Privadas de Liberdade ou sob medida socioeducativa que inclua priva\u00e7\u00e3o de liberdade (Enem PPL) 2025 dever\u00e3o fazer a ades\u00e3o entre os dias 29 de setembro e 17 de outubro.<img decoding=\"async\" src=\"https:\/\/agenciabrasil.ebc.com.br\/ebc.gif?id=1655189&amp;o=node\" style=\"width:1px; height:1px; display:inline;\"\/><\/p>\n<p>O edital com as regras do exame foi publicado pelo Instituto Nacional de Estudos e Pesquisas Educacionais An\u00edsio Teixeira (Inep) no Di\u00e1rio Oficial da Uni\u00e3o (DOU) desta segunda-feira (18).\u00a0<\/p>\n<p>No mesmo prazo devem ser indicadas as unidades para a aplica\u00e7\u00e3o do Enem PPL e o respons\u00e1vel pedag\u00f3gico de cada unidade. As indica\u00e7\u00f5es devem ser feitas diretamente pelo Sistema PPL [http:\/\/sistemasespeciais.inep.gov.br\/unidadesprisionais\/ ],\u00a0 coordenado pelo Inep.<\/p>\n<p><strong>A inscri\u00e7\u00e3o dos participantes volunt\u00e1rios deve ser feita pelos respons\u00e1veis pedag\u00f3gicos entre os dias 6 e 24 de outubro.\u00a0<\/strong><\/p>\n<h2>Participa\u00e7\u00e3o<\/h2>\n<p><strong>A participa\u00e7\u00e3o no Enem PPL de pessoas privadas de liberdade e de jovens sob medida socioeducativa que inclua priva\u00e7\u00e3o de liberdade \u00e9 volunt\u00e1ria e gratuita<\/strong><\/p>\n<p>Al\u00e9m da certifica\u00e7\u00e3o no n\u00edvel de conclus\u00e3o do ensino m\u00e9dio, o Enem PPL pode ser usado para obter a declara\u00e7\u00e3o parcial de profici\u00eancia.<\/p>\n<p>O uso dos resultados individuais do Enem PPL como mecanismo de acesso \u00e0 educa\u00e7\u00e3o superior ou em processos de sele\u00e7\u00e3o de trabalhadores \u00e9 facultativo.<\/p>\n<h2>Provas<\/h2>\n<p><strong>As provas ser\u00e3o aplicadas nos dias 16 e 17 de dezembro, dentro das unidades prisionais e socioeducativas indicadas.<\/strong><\/p>\n<p>O exame ter\u00e1 quatro provas objetivas e uma reda\u00e7\u00e3o em l\u00edngua portuguesa. Cada prova objetiva ter\u00e1 45 quest\u00f5es de m\u00faltipla escolha.<\/p>\n<p>As provas do Enem PPL t\u00eam o mesmo n\u00edvel de dificuldade do Enem regular e fazem a avalia\u00e7\u00e3o individual do desempenho do participante ao final do ensino m\u00e9dio.<\/p>\n<p>      <!-- Relacionada --><\/p>\n<p>            <!-- Relacionada -->\n    <\/div>\n<p><br \/>\n<br \/>Fonte: <a href=\"https:\/\/agenciabrasil.ebc.com.br\/educacao\/noticia\/2025-08\/inscricoes-no-enem-ppl-podem-ser-feitas-partir-de-6-de-outubro\">Ag\u00eancia Brasil<\/a><\/p>\n","protected":false},"excerpt":{"rendered":"<p>Os \u00f3rg\u00e3os estaduais de administra\u00e7\u00e3o prisional e socioeducativa interessados em aplicar o\u00a0 Exame Nacional do Ensino M\u00e9dio para Pessoas Privadas de Liberdade ou sob medida socioeducativa que inclua priva\u00e7\u00e3o de liberdade (Enem PPL) 2025 dever\u00e3o fazer a ades\u00e3o entre os dias 29 de setembro e 17 de outubro. O edital com as regras do exame [&hellip;]<\/p>\n","protected":false},"author":5,"featured_media":28447,"comment_status":"open","ping_status":"open","sticky":false,"template":"","format":"standard","meta":{"_seopress_robots_primary_cat":"","_seopress_titles_title":"","_seopress_titles_desc":"","_seopress_robots_index":"","footnotes":""},"categories":[44],"tags":[],"class_list":["post-38566","post","type-post","status-publish","format-standard","has-post-thumbnail","hentry","category-educacao"],"_links":{"self":[{"href":"https:\/\/mussicom.com\/noticias\/wp-json\/wp\/v2\/posts\/38566","targetHints":{"allow":["GET"]}}],"collection":[{"href":"https:\/\/mussicom.com\/noticias\/wp-json\/wp\/v2\/posts"}],"about":[{"href":"https:\/\/mussicom.com\/noticias\/wp-json\/wp\/v2\/types\/post"}],"author":[{"embeddable":true,"href":"https:\/\/mussicom.com\/noticias\/wp-json\/wp\/v2\/users\/5"}],"replies":[{"embeddable":true,"href":"https:\/\/mussicom.com\/noticias\/wp-json\/wp\/v2\/comments?post=38566"}],"version-history":[{"count":0,"href":"https:\/\/mussicom.com\/noticias\/wp-json\/wp\/v2\/posts\/38566\/revisions"}],"wp:featuredmedia":[{"embeddable":true,"href":"https:\/\/mussicom.com\/noticias\/wp-json\/wp\/v2\/media\/28447"}],"wp:attachment":[{"href":"https:\/\/mussicom.com\/noticias\/wp-json\/wp\/v2\/media?parent=38566"}],"wp:term":[{"taxonomy":"category","embeddable":true,"href":"https:\/\/mussicom.com\/noticias\/wp-json\/wp\/v2\/categories?post=38566"},{"taxonomy":"post_tag","embeddable":true,"href":"https:\/\/mussicom.com\/noticias\/wp-json\/wp\/v2\/tags?post=38566"}],"curies":[{"name":"wp","href":"https:\/\/api.w.org\/{rel}","templated":true}]}}