{"id":38531,"date":"2025-08-20T15:29:06","date_gmt":"2025-08-20T18:29:06","guid":{"rendered":"https:\/\/mussicom.com\/protagonista-da-serie-the-flash-revela-sua-versao-favorita-do-superman\/"},"modified":"2025-08-20T15:29:06","modified_gmt":"2025-08-20T18:29:06","slug":"protagonista-da-serie-the-flash-revela-sua-versao-favorita-do-superman","status":"publish","type":"post","link":"https:\/\/mussicom.com\/noticias\/protagonista-da-serie-the-flash-revela-sua-versao-favorita-do-superman\/","title":{"rendered":"Protagonista da s\u00e9rie &#8216;The Flash&#8217; revela sua vers\u00e3o favorita do Superman"},"content":{"rendered":"<p> <br \/>\n<\/p>\n<div>\n<p>Durante o painel da <strong>FAN EXPO Chicago<\/strong>, que reuniu o elenco de <strong><em>The Flash<\/em><\/strong> o ator<strong>Grant Gustin <\/strong>(<em>Pais de Pets<\/em>) surpreendeu ao iniciar sua fala destacando outro her\u00f3i da DC: o Superman. A moderadora <strong>Andi Ortiz<\/strong> revelou que <strong>Gustin<\/strong> havia trocado mensagens com <strong>James Gunn<\/strong> sobre o novo longa do her\u00f3i e perguntou sua opini\u00e3o sobre o filme.<\/p>\n<p><strong>Gustin<\/strong> n\u00e3o economizou nos elogios ao int\u00e9rprete do Homem de A\u00e7o, <strong>David Corenswet <\/strong>(<em>Twisters<\/em>).<em> &#8220;Achei ele perfeito&#8221;<\/em>, declarou o ator. <em>&#8220;Ele \u00e9 meu Superman favorito.&#8221;<\/em><\/p>\n<p>O protagonista de <em><strong>The Flash<\/strong><\/em>tamb\u00e9m fez quest\u00e3o de homenagear <strong>Christopher Reeve<\/strong>, chamando o eterno Superman de<em> &#8220;um \u00edcone&#8221;<\/em> e <em>&#8220;seu her\u00f3i mais antigo&#8221;<\/em>. Ainda assim, refor\u00e7ou o quanto gostou da nova vers\u00e3o apresentada por <strong>Corenswet<\/strong>, antes que o painel seguisse para outros temas.<\/p>\n<h4><strong>Qual \u00e9 a hist\u00f3ria de <em>Superman<\/em>?<\/strong><\/h4>\n<p><strong><em>Superman<\/em><\/strong> acompanha <strong>Superman<\/strong>\/<strong>Clark Kent<\/strong> na busca para reconciliar a sua heran\u00e7a kryptoniana com a sua cria\u00e7\u00e3o humana. Na hist\u00f3ria, o her\u00f3i, apesar de usar os seus poderes para proteger a Terra e os seus habitantes, \u00e9 considerado um p\u00e1ria por muitos por n\u00e3o ter nascido em nosso planeta, o que tem resultado em cr\u00edticas \u00e0s suas a\u00e7\u00f5es. A situa\u00e7\u00e3o piora quando a verdade sobre a sua vinda ao nosso planeta \u00e9 revelada \u2014 um segredo guardado at\u00e9 do pr\u00f3prio <strong>Superman<\/strong>.<\/p>\n<p>Al\u00e9m de <strong>David Corenswet <\/strong>no papel principal, <strong>Rachel Brosnahan<\/strong>\u00a0(<em>The Marvelous Mrs. Maisel<\/em>)\u00a0vive <strong>Lois Lane<\/strong>, interesse rom\u00e2ntico do protagonista, e <strong>Nicholas Hoult<\/strong>\u00a0(<em>The Great<\/em>)<strong\/>\u00e9\u00a0<strong>Lex Luthor<\/strong>, principal inimigo do super-her\u00f3i mais poderoso da DC.<\/p>\n<p><strong>Skyler Gisondo<\/strong> (<em>Fora de S\u00e9rie<\/em>) como\u00a0<strong>Jimmy Olsen<\/strong>, <strong>Isabela Merced <\/strong>(<em>The Last of Us<\/em>) como <strong>Mulher Gavi\u00e3o<\/strong>, <strong>Nathan Fillion<\/strong> (<em>O Esquadr\u00e3o Suicida<\/em>) como <strong>Lanterna Verde<\/strong>\u00a0e <strong>Edi Gathegi<\/strong> (<em>Crep\u00fasculo<\/em>) como <strong>Senhor Incr\u00edvel<\/strong>, entre outros, tamb\u00e9m est\u00e3o no elenco.<\/p>\n<h4><strong>Quando e onde assistir a <em>Superman<\/em>?<\/strong><\/h4>\n<p>Ainda sem data de estreia confirmada,\u00a0<strong><em>Superman<\/em><\/strong>\u00a0est\u00e1 dispon\u00edvel para pr\u00e9-venda na loja do Prime Video. Por enquanto, h\u00e1 apenas a op\u00e7\u00e3o de compra do filme, por R$ 59,90, com o pre\u00e7o mais baixo garantido pela plataforma de streaming. Assista ao trailer da novidade a seguir:<\/p>\n<p><iframe title=\"Superman l Trailer Oficial Dublado\" width=\"800\" height=\"450\" src=\"https:\/\/www.youtube.com\/embed\/6HsfXtgcAE4?feature=oembed\" frameborder=\"0\" allow=\"accelerometer; autoplay; clipboard-write; encrypted-media; gyroscope; picture-in-picture; web-share\" referrerpolicy=\"strict-origin-when-cross-origin\" allowfullscreen><\/iframe><\/p>\n<p><strong>FONTE:BAMSMACKPOW<\/strong><\/p>\n<p><strong>LEIA TAMB\u00c9M: No 3\u00ba epis\u00f3dio, &#8216;Alien: Earth&#8217; peca com protagonistas enquanto fortalece hist\u00f3rias paralelas<\/strong><\/p>\n<hr\/>\n<blockquote class=\"amdb-polls\" contenteditable=\"false\" data-sid=\"\/polls\/14\/embed\/\">\n<p>Qual foi o melhor filme de 2025 at\u00e9 agora? Vote no seu favorito!<\/p>\n<ul>\n<li>Anora<\/li>\n<li>Conclave<\/li>\n<li>Flow<\/li>\n<li>O Brutalista<\/li>\n<li>Mickey 17<\/li>\n<li>Vit\u00f3ria<\/li>\n<li>Pecadores<\/li>\n<li>Thunderbolts*<\/li>\n<li>Homem com H<\/li>\n<li>Karat\u00ea Kid: Lendas<\/li>\n<li>Premoni\u00e7\u00e3o 6: La\u00e7os de Sangue<\/li>\n<li>Miss\u00e3o: Imposs\u00edvel &#8211; O Acerto Final<\/li>\n<li>Como Treinar o Seu Drag\u00e3o<\/li>\n<li>F1: O Filme<\/li>\n<li>Superman<\/li>\n<li>Quarteto Fant\u00e1stico: Primeiros Passos<\/li>\n<li>Amores Materialistas<\/li>\n<li>A Melhor M\u00e3e do Mundo<\/li>\n<li>Uma Sexta-Feira Mais Louca Ainda<\/li>\n<li>A Hora do Mal<\/li>\n<\/ul>\n<\/blockquote>\n<\/div>\n<p><br \/>\n<br \/>Fonte: <a href=\"https:\/\/rollingstone.com.br\/entretenimento\/protagonista-da-serie-the-flash-revela-sua-versao-favorita-do-superman\/\">rollingstone.com.br<\/a><\/p>\n","protected":false},"excerpt":{"rendered":"<p>Durante o painel da FAN EXPO Chicago, que reuniu o elenco de The Flash o atorGrant Gustin (Pais de Pets) surpreendeu ao iniciar sua fala destacando outro her\u00f3i da DC: o Superman. A moderadora Andi Ortiz revelou que Gustin havia trocado mensagens com James Gunn sobre o novo longa do her\u00f3i e perguntou sua opini\u00e3o [&hellip;]<\/p>\n","protected":false},"author":5,"featured_media":38532,"comment_status":"open","ping_status":"open","sticky":false,"template":"","format":"standard","meta":{"_seopress_robots_primary_cat":"","_seopress_titles_title":"","_seopress_titles_desc":"","_seopress_robots_index":"","footnotes":""},"categories":[51],"tags":[],"class_list":["post-38531","post","type-post","status-publish","format-standard","has-post-thumbnail","hentry","category-musica"],"_links":{"self":[{"href":"https:\/\/mussicom.com\/noticias\/wp-json\/wp\/v2\/posts\/38531","targetHints":{"allow":["GET"]}}],"collection":[{"href":"https:\/\/mussicom.com\/noticias\/wp-json\/wp\/v2\/posts"}],"about":[{"href":"https:\/\/mussicom.com\/noticias\/wp-json\/wp\/v2\/types\/post"}],"author":[{"embeddable":true,"href":"https:\/\/mussicom.com\/noticias\/wp-json\/wp\/v2\/users\/5"}],"replies":[{"embeddable":true,"href":"https:\/\/mussicom.com\/noticias\/wp-json\/wp\/v2\/comments?post=38531"}],"version-history":[{"count":0,"href":"https:\/\/mussicom.com\/noticias\/wp-json\/wp\/v2\/posts\/38531\/revisions"}],"wp:featuredmedia":[{"embeddable":true,"href":"https:\/\/mussicom.com\/noticias\/wp-json\/wp\/v2\/media\/38532"}],"wp:attachment":[{"href":"https:\/\/mussicom.com\/noticias\/wp-json\/wp\/v2\/media?parent=38531"}],"wp:term":[{"taxonomy":"category","embeddable":true,"href":"https:\/\/mussicom.com\/noticias\/wp-json\/wp\/v2\/categories?post=38531"},{"taxonomy":"post_tag","embeddable":true,"href":"https:\/\/mussicom.com\/noticias\/wp-json\/wp\/v2\/tags?post=38531"}],"curies":[{"name":"wp","href":"https:\/\/api.w.org\/{rel}","templated":true}]}}