{"id":38492,"date":"2025-08-20T13:06:14","date_gmt":"2025-08-20T16:06:14","guid":{"rendered":"https:\/\/mussicom.com\/agronegociar-desembarca-em-portugal-e-aposta-em-expansao-para-toda-a-europa\/"},"modified":"2025-08-20T13:06:14","modified_gmt":"2025-08-20T16:06:14","slug":"agronegociar-desembarca-em-portugal-e-aposta-em-expansao-para-toda-a-europa","status":"publish","type":"post","link":"https:\/\/mussicom.com\/noticias\/agronegociar-desembarca-em-portugal-e-aposta-em-expansao-para-toda-a-europa\/","title":{"rendered":"Agronegociar desembarca em Portugal e aposta em expans\u00e3o para toda a Europa"},"content":{"rendered":"<p> <br \/>\n<\/p>\n<div>\n<p style=\"text-align:justify\">Ap\u00f3s nove anos de atua\u00e7\u00e3o no Brasil, consolidando-se como uma das principais plataformas digitais de conex\u00e3o entre compradores e vendedores do agroneg\u00f3cio, a Agronegociar inicia sua primeira opera\u00e7\u00e3o internacional: Portugal ser\u00e1 a base para conquistar o mercado europeu.&#13;\n<\/p>\n<p style=\"text-align:justify\">A empresa adaptou a plataforma ao portugu\u00eas europeu, criou dom\u00ednio pr\u00f3prio \u2014 www.agronegociar.pt \u2014 e ajustou toda a infraestrutura para atender \u00e0s exig\u00eancias legais, incluindo conformidade com a Lei Geral de Prote\u00e7\u00e3o de Dados da Uni\u00e3o Europeia (GDPR). Tamb\u00e9m foi lan\u00e7ado o aplicativo exclusivo (app.agronegociar.pt), com base limpa e configurada para a realidade local.<\/p>\n<p style=\"text-align:justify\">Segundo o gerente de Produto, J\u00fanior Rodrigues, a presen\u00e7a em Portugal vai al\u00e9m da simples replica\u00e7\u00e3o do modelo brasileiro: \u201cQueremos ser uma ponte entre Brasil, Portugal e o mercado europeu, respeitando as diferen\u00e7as culturais, comerciais e produtivas\u201d, explica Rodrigues.&#13;\n<\/p>\n<p style=\"text-align:justify\">O projeto envolveu pesquisas sobre cadeias produtivas estrat\u00e9gicas, h\u00e1bitos de uso de marketplaces e pr\u00e1ticas comerciais no pa\u00eds, al\u00e9m de reuni\u00f5es com associa\u00e7\u00f5es rurais e produtores locais para firmar parcerias.<\/p>\n<p style=\"text-align:justify\">Para a gerente do projeto em Portugal, Raphaela Bordino, a escolha do pa\u00eds \u00e9 estrat\u00e9gica: \u201cPortugal \u00e9 a porta de entrada para o mercado europeu, especialmente para empresas brasileiras, pelo idioma e pela rela\u00e7\u00e3o hist\u00f3rica entre os pa\u00edses. H\u00e1 um interc\u00e2mbio natural: o Brasil demanda produtos portugueses e Portugal tamb\u00e9m se beneficia do que o agro brasileiro oferece\u201d.<\/p>\n<p style=\"text-align:justify\">Produtos em foco<br \/>&#13;<br \/>\nO lan\u00e7amento prioriza categorias com alta demanda e valor agregado, como mel, frutas (laranja, tangerina, morango, mirtilo) e azeite de oliva. Tamb\u00e9m h\u00e1 aten\u00e7\u00e3o especial a itens com apelo gourmet, como vinhos, queijos e produtos sustent\u00e1veis.&#13;\n<\/p>\n<p style=\"text-align:justify\">Desafios e oportunidades<br \/>&#13;<br \/>\nApesar da afinidade cultural, a entrada exige adapta\u00e7\u00f5es. O produtor portugu\u00eas, em geral, est\u00e1 mais familiarizado com ferramentas digitais, mas adota novas solu\u00e7\u00f5es com cautela. O pa\u00eds tem propriedades menores, forte presen\u00e7a de cooperativas e negocia\u00e7\u00f5es mais formais, com \u00eanfase em seguran\u00e7a e confiabilidade.<\/p>\n<p style=\"text-align:justify\">Criada em 2016, a Agronegociar \u00e9 um hub digital que conecta produtores, compradores, t\u00e9cnicos, pesquisadores e empresas do agro, oferecendo solu\u00e7\u00f5es gratuitas de comercializa\u00e7\u00e3o, capacita\u00e7\u00e3o e apoio log\u00edstico.<\/p>\n<\/p><\/div>\n<p><script data-cfasync=\"false\">\n    !function (f, b, e, v, n, t, s) {\n        if (f.fbq) return; n = f.fbq = function () {\n            n.callMethod ?\n                n.callMethod.apply(n, arguments) : n.queue.push(arguments)\n        };\n        if (!f._fbq) f._fbq = n; n.push = n; n.loaded = !0; n.version = '2.0';\n        n.queue = []; t = b.createElement(e); t.async = !0;\n        t.src = v; s = b.getElementsByTagName(e)[0];\n        s.parentNode.insertBefore(t, s)\n    }(window, document, 'script',\n        'https:\/\/connect.facebook.net\/en_US\/fbevents.js');\n    fbq('init', '522546078623747');\n    fbq('track', 'PageView');\n<\/script><br \/>\n<br \/><br \/>\n<br \/>Fonte: <a href=\"https:\/\/www.agrolink.com.br\/noticias\/agronegociar-desembarca-em-portugal-e-aposta-em-expansao-para-toda-a-europa_505119.html\">AGROLINK<\/a><\/p>\n","protected":false},"excerpt":{"rendered":"<p>Ap\u00f3s nove anos de atua\u00e7\u00e3o no Brasil, consolidando-se como uma das principais plataformas digitais de conex\u00e3o entre compradores e vendedores do agroneg\u00f3cio, a Agronegociar inicia sua primeira opera\u00e7\u00e3o internacional: Portugal ser\u00e1 a base para conquistar o mercado europeu.&#13; A empresa adaptou a plataforma ao portugu\u00eas europeu, criou dom\u00ednio pr\u00f3prio \u2014 www.agronegociar.pt \u2014 e ajustou toda [&hellip;]<\/p>\n","protected":false},"author":5,"featured_media":38493,"comment_status":"open","ping_status":"open","sticky":false,"template":"","format":"standard","meta":{"_seopress_robots_primary_cat":"","_seopress_titles_title":"","_seopress_titles_desc":"","_seopress_robots_index":"","footnotes":""},"categories":[53],"tags":[],"class_list":["post-38492","post","type-post","status-publish","format-standard","has-post-thumbnail","hentry","category-agronegocio"],"_links":{"self":[{"href":"https:\/\/mussicom.com\/noticias\/wp-json\/wp\/v2\/posts\/38492","targetHints":{"allow":["GET"]}}],"collection":[{"href":"https:\/\/mussicom.com\/noticias\/wp-json\/wp\/v2\/posts"}],"about":[{"href":"https:\/\/mussicom.com\/noticias\/wp-json\/wp\/v2\/types\/post"}],"author":[{"embeddable":true,"href":"https:\/\/mussicom.com\/noticias\/wp-json\/wp\/v2\/users\/5"}],"replies":[{"embeddable":true,"href":"https:\/\/mussicom.com\/noticias\/wp-json\/wp\/v2\/comments?post=38492"}],"version-history":[{"count":0,"href":"https:\/\/mussicom.com\/noticias\/wp-json\/wp\/v2\/posts\/38492\/revisions"}],"wp:featuredmedia":[{"embeddable":true,"href":"https:\/\/mussicom.com\/noticias\/wp-json\/wp\/v2\/media\/38493"}],"wp:attachment":[{"href":"https:\/\/mussicom.com\/noticias\/wp-json\/wp\/v2\/media?parent=38492"}],"wp:term":[{"taxonomy":"category","embeddable":true,"href":"https:\/\/mussicom.com\/noticias\/wp-json\/wp\/v2\/categories?post=38492"},{"taxonomy":"post_tag","embeddable":true,"href":"https:\/\/mussicom.com\/noticias\/wp-json\/wp\/v2\/tags?post=38492"}],"curies":[{"name":"wp","href":"https:\/\/api.w.org\/{rel}","templated":true}]}}