{"id":38437,"date":"2025-08-20T08:22:05","date_gmt":"2025-08-20T11:22:05","guid":{"rendered":"https:\/\/mussicom.com\/caramelo-novidade-da-netflix-ganha-teaser-e-data-de-estreia-confira\/"},"modified":"2025-08-20T08:22:05","modified_gmt":"2025-08-20T11:22:05","slug":"caramelo-novidade-da-netflix-ganha-teaser-e-data-de-estreia-confira","status":"publish","type":"post","link":"https:\/\/mussicom.com\/noticias\/caramelo-novidade-da-netflix-ganha-teaser-e-data-de-estreia-confira\/","title":{"rendered":"&#8216;Caramelo&#8217;, novidade da Netflix, ganha teaser e data de estreia; confira"},"content":{"rendered":"<p> <br \/>\n<\/p>\n<div>\n<p>A Netflix divulgou, nesta ter\u00e7a-feira, 19 de agosto, o primeiro teaser de <em><strong>Caramelo<\/strong><\/em>, drama estrelado por <strong>Rafael Vitti<\/strong> (<em>Al\u00e9m da Ilus\u00e3o<\/em>) e pelo astro de quatro patas <strong>Amendoim<\/strong>. Primeiro filme com o cachorro-s\u00edmbolo do Brasil, o vira-lata caramelo, o longa ganhou tamb\u00e9m a data de estreia no streaming. Saiba a seguir:<\/p>\n<h4><strong>Do que se trata?<\/strong><\/h4>\n<p>Na hist\u00f3ria, Pedro (<strong>Rafael Vitti<\/strong>) \u00e9 um obstinado chef de cozinha que est\u00e1 prestes a realizar seu sonho de liderar um restaurante, quando um diagn\u00f3stico inesperado vira tudo de cabe\u00e7a para baixo. Com a ajuda de um simp\u00e1tico vira-lata caramelo (Amendoim), ele embarca em uma emocionante jornada de redescoberta, encontrando significado e inspira\u00e7\u00e3o no agora. \u00c9 para se emocionar &#8211; e se apaixonar.<\/p>\n<h4><strong>Quem est\u00e1 na produ\u00e7\u00e3o?<\/strong><\/h4>\n<p>Com dire\u00e7\u00e3o de <strong>Diego Freitas<\/strong> (Depois do Universo), <em><strong>Caramelo<\/strong><\/em> traz no elenco, ainda, <strong data-end=\"139\" data-start=\"120\">Arianne Botelho<\/strong> (<em data-end=\"156\" data-is-only-node=\"\" data-start=\"141\">A Lei do Amor<\/em>), <strong data-end=\"178\" data-start=\"159\">Noemia Oliveira<\/strong> (<em data-end=\"187\" data-start=\"180\">Porta dos Fundos<\/em>), <strong data-end=\"201\" data-start=\"190\">Ademara<\/strong> (<em data-end=\"215\" data-start=\"203\">Sem Filtro<\/em>), <strong data-end=\"233\" data-start=\"218\">Kelzy Ecard<\/strong> (<em data-end=\"248\" data-start=\"235\">Segundo Sol<\/em>), <strong data-end=\"269\" data-start=\"251\">Bruno Vinicius<\/strong>, <strong data-end=\"300\" data-start=\"284\">Roger Gobeth<\/strong> (<em data-end=\"314\" data-start=\"302\">Floribella<\/em>), <strong data-end=\"334\" data-start=\"317\">Ol\u00edvia Ara\u00fajo<\/strong> (<em data-end=\"343\" data-start=\"336\">Fuzu\u00ea<\/em>), al\u00e9m de <strong data-end=\"374\" data-start=\"354\">Cristina Pereira<\/strong>\u00a0e <strong data-end=\"409\" data-start=\"390\">Carolina Ferraz<\/strong> (<em data-end=\"431\" data-start=\"411\">O Astro<\/em>), e uma participa\u00e7\u00e3o especial da chef <strong data-end=\"489\" data-start=\"470\">Paola Carosella<\/strong><strong data-end=\"489\" data-start=\"470\" style=\"text-wrap-mode: nowrap;\">.<\/strong><\/p>\n<h4><strong data-end=\"489\" data-start=\"470\" style=\"text-wrap-mode: nowrap;\">Quando estreia <em>Caramelo<\/em>?<\/strong><\/h4>\n<p>Drama emocionante vai estrear em 8 de outubro com uma hist\u00f3ria para deixar o cora\u00e7\u00e3o quentinho. Confira o teaser <strong>clicando aqui<\/strong>.<\/p>\n<p><strong>LEIA TAMB\u00c9M:<\/strong>Netflix divulga primeiras imagens de &#8216;O Filho de Mil Homens&#8217;, com Rodrigo Santoro<\/p>\n<blockquote class=\"amdb-polls\" contenteditable=\"false\" data-sid=\"\/polls\/14\/embed\/\">\n<p>Qual foi o melhor filme de 2025 at\u00e9 agora? Vote no seu favorito!<\/p>\n<ul>\n<li>Anora<\/li>\n<li>Conclave<\/li>\n<li>Flow<\/li>\n<li>O Brutalista<\/li>\n<li>Mickey 17<\/li>\n<li>Vit\u00f3ria<\/li>\n<li>Pecadores<\/li>\n<li>Thunderbolts*<\/li>\n<li>Homem com H<\/li>\n<li>Karat\u00ea Kid: Lendas<\/li>\n<li>Premoni\u00e7\u00e3o 6: La\u00e7os de Sangue<\/li>\n<li>Miss\u00e3o: Imposs\u00edvel &#8211; O Acerto Final<\/li>\n<li>Como Treinar o Seu Drag\u00e3o<\/li>\n<li>Exterm\u00ednio: A Evolu\u00e7\u00e3o<\/li>\n<li>F1: O Filme<\/li>\n<li>Superman<\/li>\n<li>Eu Sei o que Voc\u00eas Fizeram no Ver\u00e3o Passado<\/li>\n<li>Cazuza, Boas Novas<\/li>\n<li>Cloud \u2013 Nuvem de Vingan\u00e7a<\/li>\n<li>Quarteto Fant\u00e1stico: Primeiros Passos<\/li>\n<\/ul>\n<\/blockquote>\n<\/div>\n<p><br \/>\n<br \/>Fonte: <a href=\"https:\/\/rollingstone.com.br\/cinema\/caramelo-novidade-da-netflix-ganha-teaser-e-data-de-estreia-confira\/\">rollingstone.com.br<\/a><\/p>\n","protected":false},"excerpt":{"rendered":"<p>A Netflix divulgou, nesta ter\u00e7a-feira, 19 de agosto, o primeiro teaser de Caramelo, drama estrelado por Rafael Vitti (Al\u00e9m da Ilus\u00e3o) e pelo astro de quatro patas Amendoim. Primeiro filme com o cachorro-s\u00edmbolo do Brasil, o vira-lata caramelo, o longa ganhou tamb\u00e9m a data de estreia no streaming. Saiba a seguir: Do que se trata? [&hellip;]<\/p>\n","protected":false},"author":5,"featured_media":38438,"comment_status":"open","ping_status":"open","sticky":false,"template":"","format":"standard","meta":{"_seopress_robots_primary_cat":"","_seopress_titles_title":"","_seopress_titles_desc":"","_seopress_robots_index":"","footnotes":""},"categories":[51],"tags":[],"class_list":["post-38437","post","type-post","status-publish","format-standard","has-post-thumbnail","hentry","category-musica"],"_links":{"self":[{"href":"https:\/\/mussicom.com\/noticias\/wp-json\/wp\/v2\/posts\/38437","targetHints":{"allow":["GET"]}}],"collection":[{"href":"https:\/\/mussicom.com\/noticias\/wp-json\/wp\/v2\/posts"}],"about":[{"href":"https:\/\/mussicom.com\/noticias\/wp-json\/wp\/v2\/types\/post"}],"author":[{"embeddable":true,"href":"https:\/\/mussicom.com\/noticias\/wp-json\/wp\/v2\/users\/5"}],"replies":[{"embeddable":true,"href":"https:\/\/mussicom.com\/noticias\/wp-json\/wp\/v2\/comments?post=38437"}],"version-history":[{"count":0,"href":"https:\/\/mussicom.com\/noticias\/wp-json\/wp\/v2\/posts\/38437\/revisions"}],"wp:featuredmedia":[{"embeddable":true,"href":"https:\/\/mussicom.com\/noticias\/wp-json\/wp\/v2\/media\/38438"}],"wp:attachment":[{"href":"https:\/\/mussicom.com\/noticias\/wp-json\/wp\/v2\/media?parent=38437"}],"wp:term":[{"taxonomy":"category","embeddable":true,"href":"https:\/\/mussicom.com\/noticias\/wp-json\/wp\/v2\/categories?post=38437"},{"taxonomy":"post_tag","embeddable":true,"href":"https:\/\/mussicom.com\/noticias\/wp-json\/wp\/v2\/tags?post=38437"}],"curies":[{"name":"wp","href":"https:\/\/api.w.org\/{rel}","templated":true}]}}