{"id":38395,"date":"2025-08-20T04:56:05","date_gmt":"2025-08-20T07:56:05","guid":{"rendered":"https:\/\/mussicom.com\/importacoes-de-fertilizantes-recuam-185-no-mato-grosso\/"},"modified":"2025-08-20T04:56:05","modified_gmt":"2025-08-20T07:56:05","slug":"importacoes-de-fertilizantes-recuam-185-no-mato-grosso","status":"publish","type":"post","link":"https:\/\/mussicom.com\/noticias\/importacoes-de-fertilizantes-recuam-185-no-mato-grosso\/","title":{"rendered":"Importa\u00e7\u00f5es de fertilizantes recuam 18,5% no Mato Grosso"},"content":{"rendered":"<p> <br \/>\n<\/p>\n<div>\n<div class=\"row\">\n<div class=\"col-lg col-infos mt-0 mt-lg-0\">\n<div class=\"section-sub-title\">\n<p itemprop=\"description\">&#13;<br \/>\n                                Comportamento do mercado reflete a expectativa frustrada de recuo nos custos&#13;\n                            <\/p>\n<\/p><\/div>\n<div class=\"container\">\n<div class=\"row\">\n<div class=\"col-lg p-0\">\n<div>\n<div class=\"block-news-main-infos mt-3 text-start\">\n<p>                                            <strong class=\"fn\" itemprop=\"author\" style=\"color: rgb(112, 112, 112); \">&#13;<br \/>\n                                                Agrolink&#13;<br \/>\n&#13;<br \/>\n                                                    &#8211; Seane Lennon&#13;<br \/>\n&#13;<br \/>\n                                            <\/strong><br \/>\n                                        <\/p>\n<p>                                            <abbr><time datetime=\"2025-08-19T14:03\" itemprop=\"datePublished dateModified\">Publicado em 19\/08\/2025 \u00e0s 14:03h.<\/time><\/abbr><br \/>\n                                            <\/p><\/div>\n<\/p><\/div>\n<\/p><\/div>\n<div class=\"col-lg p-0 text-lg-end\">\n<div>\n<div id=\"mdEnviarPagina\" class=\"modal fade\" role=\"dialog\">\n<div class=\"modal-dialog\">\n<div class=\"modal-content\">\n<div class=\"modal-body\">\n<p><strong>Estimado usu\u00e1rio.<\/strong><br \/>Preencha o formul\u00e1rio abaixo para remeter a p\u00e1gina.<\/p>\n<\/p><\/div>\n<\/p><\/div>\n<\/p><\/div>\n<\/div><\/div>\n<\/p><\/div>\n<\/p><\/div>\n<\/p><\/div>\n<\/p><\/div>\n<\/p><\/div>\n<div class=\"row justify-content-md-center mt-3\">\n<div class=\"col-lg-auto col-image block-news-main-image\">\n<p>                                <br \/>\n                                                <span class=\"publicity-photo d-block mt-1\">Foto: Divulga\u00e7\u00e3o <\/span><\/p><\/div>\n<\/p><\/div>\n<div class=\"section-description section-description-noticias mt-3\">\n<p style=\"text-align:justify\">Segundo an\u00e1lise semanal do Instituto Mato-grossense de Economia Agropecu\u00e1ria (Imea), divulgada nesta segunda-feira (18), Mato Grosso importou\u00a0cerca de 617,15 mil toneladas de fertilizantes em julho de 2025, volume 8,86% superior ao registrado no mesmo m\u00eas do ano anterior. O resultado foi impulsionado pelo aumento das compras de nitrogenados, com alta de 361,89%, e de fosfatados, com avan\u00e7o de 75%.&#13;\n<\/p>\n<p style=\"text-align:justify\">No acumulado de janeiro a julho de 2025, o estado importou 2,97 milh\u00f5es de toneladas de fertilizantes, uma queda de 18,51% em rela\u00e7\u00e3o ao mesmo per\u00edodo de 2024. \u201cEsse \u00e9 o menor volume adquirido nos \u00faltimos seis anos\u201d, informou o Imea.<\/p>\n<p style=\"text-align:justify\">Veja tamb\u00e9m:\u00a0Fertilizantes mais caros elevam cautela de produtores<\/p>\n<p style=\"text-align:justify\">De acordo com o Instituto, a retra\u00e7\u00e3o est\u00e1 diretamente ligada ao encarecimento dos fertilizantes. Muitos produtores aguardam uma redu\u00e7\u00e3o nos pre\u00e7os, mas em alguns produtos essa queda n\u00e3o se concretizou. \u201cO comportamento do mercado reflete a expectativa frustrada de recuo nos custos\u201d, avaliou o Imea.<\/p>\n<p style=\"text-align:justify\">O ritmo de comercializa\u00e7\u00e3o dos insumos para a safra 2025\/26 tamb\u00e9m foi afetado. At\u00e9 julho, o \u00edndice estava cerca de 12,58 pontos porcentuais abaixo do observado na safra anterior, configurando, segundo o Imea, a temporada mais atrasada da s\u00e9rie hist\u00f3rica do Instituto.&#13;\n<\/p>\n<p style=\"text-align:justify\">O cen\u00e1rio, conforme o Imea, pode indicar n\u00e3o apenas um menor investimento por parte dos produtores na pr\u00f3xima safra, mas tamb\u00e9m poss\u00edveis entraves log\u00edsticos. \u201cMuitos postergaram suas compras e ainda n\u00e3o garantiram todos os insumos necess\u00e1rios\u201d, informou..<br \/>&#13;<br \/>\n\u00a0<\/p>\n<\/p><\/div>\n<\/p><\/div>\n<p><script data-cfasync=\"false\">\n    !function (f, b, e, v, n, t, s) {\n        if (f.fbq) return; n = f.fbq = function () {\n            n.callMethod ?\n                n.callMethod.apply(n, arguments) : n.queue.push(arguments)\n        };\n        if (!f._fbq) f._fbq = n; n.push = n; n.loaded = !0; n.version = '2.0';\n        n.queue = []; t = b.createElement(e); t.async = !0;\n        t.src = v; s = b.getElementsByTagName(e)[0];\n        s.parentNode.insertBefore(t, s)\n    }(window, document, 'script',\n        'https:\/\/connect.facebook.net\/en_US\/fbevents.js');\n    fbq('init', '522546078623747');\n    fbq('track', 'PageView');\n<\/script><br \/>\n<br \/><br \/>\n<br \/>Fonte: <a href=\"https:\/\/www.agrolink.com.br\/noticias\/importacoes-de-fertilizantes-recuam-18-5--no-mato-grosso_505083.html\">AGROLINK<\/a><\/p>\n","protected":false},"excerpt":{"rendered":"<p>&#13; Comportamento do mercado reflete a expectativa frustrada de recuo nos custos&#13; &#13; Agrolink&#13; &#13; &#8211; Seane Lennon&#13; &#13; Publicado em 19\/08\/2025 \u00e0s 14:03h. Estimado usu\u00e1rio.Preencha o formul\u00e1rio abaixo para remeter a p\u00e1gina. Foto: Divulga\u00e7\u00e3o Segundo an\u00e1lise semanal do Instituto Mato-grossense de Economia Agropecu\u00e1ria (Imea), divulgada nesta segunda-feira (18), Mato Grosso importou\u00a0cerca de 617,15 mil [&hellip;]<\/p>\n","protected":false},"author":5,"featured_media":38396,"comment_status":"open","ping_status":"open","sticky":false,"template":"","format":"standard","meta":{"_seopress_robots_primary_cat":"","_seopress_titles_title":"","_seopress_titles_desc":"","_seopress_robots_index":"","footnotes":""},"categories":[53],"tags":[],"class_list":["post-38395","post","type-post","status-publish","format-standard","has-post-thumbnail","hentry","category-agronegocio"],"_links":{"self":[{"href":"https:\/\/mussicom.com\/noticias\/wp-json\/wp\/v2\/posts\/38395","targetHints":{"allow":["GET"]}}],"collection":[{"href":"https:\/\/mussicom.com\/noticias\/wp-json\/wp\/v2\/posts"}],"about":[{"href":"https:\/\/mussicom.com\/noticias\/wp-json\/wp\/v2\/types\/post"}],"author":[{"embeddable":true,"href":"https:\/\/mussicom.com\/noticias\/wp-json\/wp\/v2\/users\/5"}],"replies":[{"embeddable":true,"href":"https:\/\/mussicom.com\/noticias\/wp-json\/wp\/v2\/comments?post=38395"}],"version-history":[{"count":0,"href":"https:\/\/mussicom.com\/noticias\/wp-json\/wp\/v2\/posts\/38395\/revisions"}],"wp:featuredmedia":[{"embeddable":true,"href":"https:\/\/mussicom.com\/noticias\/wp-json\/wp\/v2\/media\/38396"}],"wp:attachment":[{"href":"https:\/\/mussicom.com\/noticias\/wp-json\/wp\/v2\/media?parent=38395"}],"wp:term":[{"taxonomy":"category","embeddable":true,"href":"https:\/\/mussicom.com\/noticias\/wp-json\/wp\/v2\/categories?post=38395"},{"taxonomy":"post_tag","embeddable":true,"href":"https:\/\/mussicom.com\/noticias\/wp-json\/wp\/v2\/tags?post=38395"}],"curies":[{"name":"wp","href":"https:\/\/api.w.org\/{rel}","templated":true}]}}