{"id":38360,"date":"2025-08-20T02:05:07","date_gmt":"2025-08-20T05:05:07","guid":{"rendered":"https:\/\/mussicom.com\/tribunal-ordena-libertacao-imediata-do-ex-presidente-alvaro-uribe\/"},"modified":"2025-08-20T02:05:07","modified_gmt":"2025-08-20T05:05:07","slug":"tribunal-ordena-libertacao-imediata-do-ex-presidente-alvaro-uribe","status":"publish","type":"post","link":"https:\/\/mussicom.com\/noticias\/tribunal-ordena-libertacao-imediata-do-ex-presidente-alvaro-uribe\/","title":{"rendered":"Tribunal ordena liberta\u00e7\u00e3o imediata do ex-presidente \u00c1lvaro Uribe"},"content":{"rendered":"<p> <br \/>\n<\/p>\n<div>\n<p class=\"postParagraph_post-paragraph-innerHtml__Q5vwc\">O Tribunal Superior do Distrito Judici\u00e1rio de Bogot\u00e1 ordenou nesta ter\u00e7a-feira (19) a liberta\u00e7\u00e3o imediata do ex-presidente da Col\u00f4mbia \u00c1lvaro Uribe &#8211; condenado em primeira inst\u00e2ncia a 12 anos de pris\u00e3o domiciliar por um caso de suborno &#8211; enquanto se resolve em segunda inst\u00e2ncia o recurso contra a senten\u00e7a.<\/p>\n<p class=\"postParagraph_post-paragraph__juWZN\">A Sala de Decis\u00e3o Penal do Tribunal decidiu \u201camparar o direito fundamental \u00e0 liberdade individual do cidad\u00e3o \u00c1lvaro Uribe V\u00e9lez\u201d e anulou a decis\u00e3o da ju\u00edza Sandra Heredia, do 44\u00ba Juizado Penal do Circuito de Bogot\u00e1, que na senten\u00e7a que imp\u00f4s 12 anos de pris\u00e3o em regime domiciliar havia ordenado sua \u201cpriva\u00e7\u00e3o de liberdade imediata\u201d.<\/p>\n<p class=\"postParagraph_post-paragraph__juWZN\">Uribe, fundador e l\u00edder do partido de direita Centro Democr\u00e1tico, tornou-se em 1\u00ba de agosto o primeiro ex-presidente colombiano a ser condenado criminalmente, depois que Heredia o considerou culpado pelos crimes de suborno em atua\u00e7\u00e3o penal e fraude processual no chamado \u201cjulgamento do s\u00e9culo\u201d na Col\u00f4mbia, um caso que ele mesmo iniciou em 2012.<\/p>\n<p class=\"postParagraph_post-paragraph__juWZN\">Tr\u00eas dias ap\u00f3s saber da pena, a defesa do ex-presidente apresentou ao Tribunal Superior de Bogot\u00e1 um recurso solicitando sua liberta\u00e7\u00e3o por considerar que a ju\u00edza violou seus direitos fundamentais.<\/p>\n<p class=\"postParagraph_post-paragraph__juWZN\">A equipe jur\u00eddica questionou, entre outros pontos, que a magistrada justificasse a pris\u00e3o imediata de Uribe com a necessidade de garantir \u201ca preserva\u00e7\u00e3o da conviv\u00eancia pac\u00edfica e harm\u00f4nica entre os cidad\u00e3os\u201d, argumento que a defesa classificou como amb\u00edguo e sem sustenta\u00e7\u00e3o, constituindo uma \u201cmotiva\u00e7\u00e3o aparente\u201d.<\/p>\n<p class=\"postParagraph_post-paragraph__juWZN\">A Sala decidiu a favor da defesa do ex-presidente, mas rejeitou um recurso similar apresentado pelo Centro Democr\u00e1tico, por considerar que n\u00e3o provou como a restri\u00e7\u00e3o da liberdade de seu l\u00edder afetava direitos fundamentais pr\u00f3prios ou do partido pol\u00edtico.<\/p>\n<p class=\"postParagraph_post-paragraph__juWZN\">A decis\u00e3o aponta que na apela\u00e7\u00e3o foram questionados v\u00e1rios coment\u00e1rios e decis\u00f5es do processo que \u201csupostamente revelam que a ju\u00edza e a promotoria agiram com parcialidade, abuso de fun\u00e7\u00f5es, desrespeito, defendendo interesses pol\u00edticos e ideol\u00f3gicos, e com avers\u00e3o ao cidad\u00e3o e ex-presidente processado\u201d, embora tenha esclarecido que essas acusa\u00e7\u00f5es dever\u00e3o ser resolvidas na segunda inst\u00e2ncia, e n\u00e3o nesse recurso inicial.<\/p>\n<p class=\"postParagraph_post-paragraph__juWZN\">Esse caso come\u00e7ou h\u00e1 13 anos, quando Uribe, hoje com 73 anos, processou na Corte Suprema de Justi\u00e7a o congressista de esquerda Iv\u00e1n Cepeda por suposta manipula\u00e7\u00e3o de testemunhas. Na \u00e9poca, Cepeda preparava uma den\u00fancia no Senado contra Uribe por supostos v\u00ednculos com grupos paramilitares.<\/p>\n<p class=\"postParagraph_post-paragraph__juWZN\">Ao contr\u00e1rio do que Uribe imaginou, a Corte decidiu n\u00e3o investigar Cepeda e, em vez disso, abriu um processo contra o ex-presidente por supostamente manipular testemunhas para que n\u00e3o depusessem contra ele.<\/p>\n<\/div>\n<p><br \/>\n<br \/>Fonte: <a href=\"https:\/\/www.gazetadopovo.com.br\/mundo\/tribunal-superior-de-bogota-ordena-libertacao-imediata-do-ex-presidente-alvaro-uribe\/\">Revista Oeste<\/a><\/p>\n","protected":false},"excerpt":{"rendered":"<p>O Tribunal Superior do Distrito Judici\u00e1rio de Bogot\u00e1 ordenou nesta ter\u00e7a-feira (19) a liberta\u00e7\u00e3o imediata do ex-presidente da Col\u00f4mbia \u00c1lvaro Uribe &#8211; condenado em primeira inst\u00e2ncia a 12 anos de pris\u00e3o domiciliar por um caso de suborno &#8211; enquanto se resolve em segunda inst\u00e2ncia o recurso contra a senten\u00e7a. A Sala de Decis\u00e3o Penal do [&hellip;]<\/p>\n","protected":false},"author":5,"featured_media":38361,"comment_status":"open","ping_status":"open","sticky":false,"template":"","format":"standard","meta":{"_seopress_robots_primary_cat":"","_seopress_titles_title":"","_seopress_titles_desc":"","_seopress_robots_index":"","footnotes":""},"categories":[48],"tags":[],"class_list":["post-38360","post","type-post","status-publish","format-standard","has-post-thumbnail","hentry","category-internacional"],"_links":{"self":[{"href":"https:\/\/mussicom.com\/noticias\/wp-json\/wp\/v2\/posts\/38360","targetHints":{"allow":["GET"]}}],"collection":[{"href":"https:\/\/mussicom.com\/noticias\/wp-json\/wp\/v2\/posts"}],"about":[{"href":"https:\/\/mussicom.com\/noticias\/wp-json\/wp\/v2\/types\/post"}],"author":[{"embeddable":true,"href":"https:\/\/mussicom.com\/noticias\/wp-json\/wp\/v2\/users\/5"}],"replies":[{"embeddable":true,"href":"https:\/\/mussicom.com\/noticias\/wp-json\/wp\/v2\/comments?post=38360"}],"version-history":[{"count":0,"href":"https:\/\/mussicom.com\/noticias\/wp-json\/wp\/v2\/posts\/38360\/revisions"}],"wp:featuredmedia":[{"embeddable":true,"href":"https:\/\/mussicom.com\/noticias\/wp-json\/wp\/v2\/media\/38361"}],"wp:attachment":[{"href":"https:\/\/mussicom.com\/noticias\/wp-json\/wp\/v2\/media?parent=38360"}],"wp:term":[{"taxonomy":"category","embeddable":true,"href":"https:\/\/mussicom.com\/noticias\/wp-json\/wp\/v2\/categories?post=38360"},{"taxonomy":"post_tag","embeddable":true,"href":"https:\/\/mussicom.com\/noticias\/wp-json\/wp\/v2\/tags?post=38360"}],"curies":[{"name":"wp","href":"https:\/\/api.w.org\/{rel}","templated":true}]}}