{"id":38259,"date":"2025-08-19T18:04:06","date_gmt":"2025-08-19T21:04:06","guid":{"rendered":"https:\/\/mussicom.com\/importacoes-crescem-e-preocupam-setor-calcadista-brasileiro\/"},"modified":"2025-08-19T18:04:06","modified_gmt":"2025-08-19T21:04:06","slug":"importacoes-crescem-e-preocupam-setor-calcadista-brasileiro","status":"publish","type":"post","link":"https:\/\/mussicom.com\/noticias\/importacoes-crescem-e-preocupam-setor-calcadista-brasileiro\/","title":{"rendered":"Importa\u00e7\u00f5es crescem e preocupam setor cal\u00e7adista brasileiro"},"content":{"rendered":"<p> <br \/>\n<\/p>\n<div>\n<p>As importa\u00e7\u00f5es de cal\u00e7ados v\u00eam mantendo um ritmo acelerado nos \u00faltimos meses e trazendo preocupa\u00e7\u00f5es para o setor no Brasil. <strong>S\u00f3 em julho deste ano, o pa\u00eds importou US$ 66 milh\u00f5es em cal\u00e7ados, maior valor j\u00e1 importado em d\u00f3lares desde o in\u00edcio da s\u00e9rie hist\u00f3rica, iniciada em 1997.<\/strong><img decoding=\"async\" src=\"https:\/\/agenciabrasil.ebc.com.br\/ebc.gif?id=1654996&amp;o=node\" style=\"width:1px; height:1px; display:inline;\"\/><\/p>\n<p>Segundo a Associa\u00e7\u00e3o Brasileira das Ind\u00fastrias de Cal\u00e7ados (Abical\u00e7ados), <strong>4,2 milh\u00f5es de pares de cal\u00e7ados foram importados em julho, o que representou aumento de 98,5% em rela\u00e7\u00e3o ao mesmo per\u00edodo do ano passado<\/strong>. Em receita, o aumento foi de 89,6%.<\/p>\n<p>Nos sete primeiros meses de 2025, as importa\u00e7\u00f5es somaram 26,58 milh\u00f5es de pares e US$ 337,8 milh\u00f5es, o que representou aumento tanto em volume (+27,5%) quanto em receita (+30,5%) na compara\u00e7\u00e3o ao mesmo per\u00edodo de 2024.<\/p>\n<h2>Exporta\u00e7\u00f5es em baixa<\/h2>\n<p>Ao mesmo tempo, as exporta\u00e7\u00f5es est\u00e3o em queda. Em julho, mais de 7,18 milh\u00f5es de unidades foram embarcadas, somando US$ 76,74 milh\u00f5es. Isso representou queda de 7,3% em volume e um recuo de 11,8% em rela\u00e7\u00e3o \u00e0 receita, na compara\u00e7\u00e3o com o mesmo m\u00eas do ano passado.<\/p>\n<p>J\u00e1 nos sete primeiros meses de 2025, as exporta\u00e7\u00f5es ainda seguem positivas, mas em um ritmo decrescente. No per\u00edodo, foram embarcados para o exterior 59,88 milh\u00f5es de pares, um incremento de 6,6%. Essas vendas\u00a0geraram US$ 574 milh\u00f5es, o que representa um crescimento de\u00a00,7%.<\/p>\n<p>Segundo a Abical\u00e7ados, a desacelera\u00e7\u00e3o das exporta\u00e7\u00f5es se d\u00e1 pelo acirramento da concorr\u00eancia internacional, principalmente porque a China redirecionou suas exporta\u00e7\u00f5es dos Estados Unidos para outros mercados, para fugir da sobretaxa que\u00a0aplicada pelo governo norte-americano. Com isso, as exporta\u00e7\u00f5es brasileiras para a Europa e para a Am\u00e9rica Latina t\u00eam sido diretamente impactadas.<\/p>\n<p>\u00a0<\/p>\n<p>      <!-- Relacionada --><\/p>\n<p>            <!-- Relacionada -->\n    <\/div>\n<p><br \/>\n<br \/>Fonte: <a href=\"https:\/\/agenciabrasil.ebc.com.br\/economia\/noticia\/2025-08\/importacoes-crescem-e-preocupam-setor-calcadista-brasileiro\">Gazeta do Povo<\/a><\/p>\n","protected":false},"excerpt":{"rendered":"<p>As importa\u00e7\u00f5es de cal\u00e7ados v\u00eam mantendo um ritmo acelerado nos \u00faltimos meses e trazendo preocupa\u00e7\u00f5es para o setor no Brasil. S\u00f3 em julho deste ano, o pa\u00eds importou US$ 66 milh\u00f5es em cal\u00e7ados, maior valor j\u00e1 importado em d\u00f3lares desde o in\u00edcio da s\u00e9rie hist\u00f3rica, iniciada em 1997. Segundo a Associa\u00e7\u00e3o Brasileira das Ind\u00fastrias de [&hellip;]<\/p>\n","protected":false},"author":5,"featured_media":38260,"comment_status":"open","ping_status":"open","sticky":false,"template":"","format":"standard","meta":{"_seopress_robots_primary_cat":"","_seopress_titles_title":"","_seopress_titles_desc":"","_seopress_robots_index":"","footnotes":""},"categories":[45],"tags":[],"class_list":["post-38259","post","type-post","status-publish","format-standard","has-post-thumbnail","hentry","category-economia"],"_links":{"self":[{"href":"https:\/\/mussicom.com\/noticias\/wp-json\/wp\/v2\/posts\/38259","targetHints":{"allow":["GET"]}}],"collection":[{"href":"https:\/\/mussicom.com\/noticias\/wp-json\/wp\/v2\/posts"}],"about":[{"href":"https:\/\/mussicom.com\/noticias\/wp-json\/wp\/v2\/types\/post"}],"author":[{"embeddable":true,"href":"https:\/\/mussicom.com\/noticias\/wp-json\/wp\/v2\/users\/5"}],"replies":[{"embeddable":true,"href":"https:\/\/mussicom.com\/noticias\/wp-json\/wp\/v2\/comments?post=38259"}],"version-history":[{"count":0,"href":"https:\/\/mussicom.com\/noticias\/wp-json\/wp\/v2\/posts\/38259\/revisions"}],"wp:featuredmedia":[{"embeddable":true,"href":"https:\/\/mussicom.com\/noticias\/wp-json\/wp\/v2\/media\/38260"}],"wp:attachment":[{"href":"https:\/\/mussicom.com\/noticias\/wp-json\/wp\/v2\/media?parent=38259"}],"wp:term":[{"taxonomy":"category","embeddable":true,"href":"https:\/\/mussicom.com\/noticias\/wp-json\/wp\/v2\/categories?post=38259"},{"taxonomy":"post_tag","embeddable":true,"href":"https:\/\/mussicom.com\/noticias\/wp-json\/wp\/v2\/tags?post=38259"}],"curies":[{"name":"wp","href":"https:\/\/api.w.org\/{rel}","templated":true}]}}