{"id":38193,"date":"2025-08-19T13:31:14","date_gmt":"2025-08-19T16:31:14","guid":{"rendered":"https:\/\/mussicom.com\/riedel-migra-para-o-pp-e-psdb-perde-ultimo-governador-eleito-em-2022\/"},"modified":"2025-08-19T13:31:14","modified_gmt":"2025-08-19T16:31:14","slug":"riedel-migra-para-o-pp-e-psdb-perde-ultimo-governador-eleito-em-2022","status":"publish","type":"post","link":"https:\/\/mussicom.com\/noticias\/riedel-migra-para-o-pp-e-psdb-perde-ultimo-governador-eleito-em-2022\/","title":{"rendered":"Riedel migra para o PP e PSDB perde \u00faltimo governador eleito em 2022"},"content":{"rendered":"<p> <br \/>\n<\/p>\n<div>\n<p class=\"postParagraph_post-paragraph__juWZN\">O PSDB perdeu nesta ter\u00e7a (19) seu \u00faltimo governador eleito em 2022 com a migra\u00e7\u00e3o de Eduardo Riedel (MS) para o PP. O evento de filia\u00e7\u00e3o ocorreu mais cedo e antecede o an\u00fancio oficial da federa\u00e7\u00e3o que formar\u00e1 com o Uni\u00e3o Brasil \u00e0 tarde.<\/p>\n<p class=\"postParagraph_post-paragraph__juWZN\">Riedel decidiu deixar o tucanato por mais tempo de propaganda de TV e de fundo eleitoral para disputar a reelei\u00e7\u00e3o ao Mato Grosso do Sul em 2026. Ele foi filiado ao PSDB por 20 anos.<\/p>\n<p class=\"postParagraph_post-paragraph__juWZN\">\u201cO Brasil mudou. Me sinto muito confort\u00e1vel de vir ao PP e encontrar um grupo de lideran\u00e7as pol\u00edticas que carrega dentro dos seus valores e da sua diretriz essencial os mesmos que eu carrego na vida p\u00fablica\u201d, disse em discurso se dirigindo ao senador Ciro Nogueira (PP-PI), que preside o partido.<\/p>\n<p class=\"postParagraph_post-paragraph-innerHtml__Q5vwc\">A <strong>Gazeta do Povo <\/strong>procurou o PSDB para comentar a sa\u00edda de Riedel e aguarda retorno.<\/p>\n<div class=\"postViewMore_post-view-more-container___5wai\" data-mrf-recirculation=\"Post - Veja tamb\u00e9m\">\n<p class=\"gp-styles-module-size-small-afeYRa gp-styles-module-font-family2-afeYRa gp-styles-module-color-secondary-afeYRa gp-styles-module-weight-bold-afeYRa\">VEJA TAMB\u00c9M:<\/p>\n<ul class=\"postViewMore_post-view-more-list__CU_CE\">\n<li class=\"postViewMore_post-view-more-item__2MzRb\">\n<div class=\"postViewMore_post-view-more-image__5gUSe\"><picture class=\"imageDefault_image-container__XGd8_\"><\/picture><\/div>\n<p>Tarc\u00edsio reafirma candidatura \u00e0 reelei\u00e7\u00e3o em SP ap\u00f3s cr\u00edticas de Carlos e Eduardo Bolsonaro<\/li>\n<\/ul>\n<\/div>\n<p class=\"postParagraph_post-paragraph-innerHtml__Q5vwc\">Al\u00e9m de Eduardo Riedel, o PSDB perdeu neste ano a governadora pernambucana Raquel Lyra e o governador ga\u00facho Eduardo Leite, que migraram para o PSD. Por outro lado, o PP ampliou a presen\u00e7a nos estados, que j\u00e1 conta com Ant\u00f4nio Denarium em Roraima e Gladson Cameli no Acre.<\/p>\n<p class=\"postParagraph_post-paragraph-innerHtml__Q5vwc\">A sa\u00edda de pol\u00edticos do PSDB reflete o encolhimento do partido desde as elei\u00e7\u00f5es de 2018, quando Geraldo Alckmin (ent\u00e3o filiado por SP) n\u00e3o passou sequer para o segundo turno. Na \u00e9poca, a disputa ficou entre Jair Bolsonaro (ent\u00e3o no PSL), eleito, e Fernando Haddad (PT).<\/p>\n<p class=\"postParagraph_post-paragraph__juWZN\">\u201cCom a tranquilidade e a seguran\u00e7a que estaremos unidos em torno de um prop\u00f3sito desse pa\u00eds\u201d, afirmou Riedel citando conquistas econ\u00f4micas da sua gest\u00e3o no Mato Grosso do Sul desde que foi eleito em 2022, como queda do desemprego e da pobreza extrema e crescimento acima da m\u00e9dia nacional.<\/p>\n<p class=\"postParagraph_post-paragraph-innerHtml__Q5vwc\">Na \u00faltima elei\u00e7\u00e3o nacional, o PSDB elegeu apenas 13 deputados federais, tr\u00eas governadores e nenhum senador. Foi a pior disputa da hist\u00f3ria do partido que j\u00e1 chegou a ser protagonista da pol\u00edtica nacional. Em meados de fevereiro, o presidente da legenda, Marconi Perillo, reconheceu o encolhimento do tucanato.<\/p>\n<p class=\"postParagraph_post-paragraph-innerHtml__Q5vwc\">\u201cHouve equ\u00edvocos [nesse tempo desde 2018], deixarmos de lan\u00e7ar candidatura pr\u00f3pria \u00e0 presid\u00eancia da Rep\u00fablica em 2022, na minha opini\u00e3o foi o maior erro. Quando o [Jo\u00e3o] Doria desistiu, defendi ferramente (sic) que o Eduardo Leite voltasse pro jogo e fosse candidato a presidente para defender o nosso projeto de poder\u201d, afirmou em entrevista \u00e0 <em>GloboNews<\/em>.<\/p>\n<p class=\"postParagraph_post-paragraph__juWZN\">Perillo tamb\u00e9m reconheceu que, ap\u00f3s a Opera\u00e7\u00e3o Lava Jato e as elei\u00e7\u00f5es de 2018, o PSDB n\u00e3o teve tanta for\u00e7a como o PT para se reabilitar na pol\u00edtica, por conta da pr\u00f3pria base de cria\u00e7\u00e3o dos partidos. E apontou que a maior d\u00favida hoje \u00e9 como manter o partido em evid\u00eancia.<\/p>\n<\/div>\n<p><br \/>\n<br \/>Fonte: <a href=\"https:\/\/www.gazetadopovo.com.br\/republica\/riedel-migra-pp-psdb-perde-ultimo-governador-eleito-2022\/\">Revista Oeste<\/a><\/p>\n","protected":false},"excerpt":{"rendered":"<p>O PSDB perdeu nesta ter\u00e7a (19) seu \u00faltimo governador eleito em 2022 com a migra\u00e7\u00e3o de Eduardo Riedel (MS) para o PP. O evento de filia\u00e7\u00e3o ocorreu mais cedo e antecede o an\u00fancio oficial da federa\u00e7\u00e3o que formar\u00e1 com o Uni\u00e3o Brasil \u00e0 tarde. Riedel decidiu deixar o tucanato por mais tempo de propaganda de [&hellip;]<\/p>\n","protected":false},"author":5,"featured_media":38194,"comment_status":"open","ping_status":"open","sticky":false,"template":"","format":"standard","meta":{"_seopress_robots_primary_cat":"","_seopress_titles_title":"","_seopress_titles_desc":"","_seopress_robots_index":"","footnotes":""},"categories":[1],"tags":[],"class_list":["post-38193","post","type-post","status-publish","format-standard","has-post-thumbnail","hentry","category-ultimas-noticias"],"_links":{"self":[{"href":"https:\/\/mussicom.com\/noticias\/wp-json\/wp\/v2\/posts\/38193","targetHints":{"allow":["GET"]}}],"collection":[{"href":"https:\/\/mussicom.com\/noticias\/wp-json\/wp\/v2\/posts"}],"about":[{"href":"https:\/\/mussicom.com\/noticias\/wp-json\/wp\/v2\/types\/post"}],"author":[{"embeddable":true,"href":"https:\/\/mussicom.com\/noticias\/wp-json\/wp\/v2\/users\/5"}],"replies":[{"embeddable":true,"href":"https:\/\/mussicom.com\/noticias\/wp-json\/wp\/v2\/comments?post=38193"}],"version-history":[{"count":0,"href":"https:\/\/mussicom.com\/noticias\/wp-json\/wp\/v2\/posts\/38193\/revisions"}],"wp:featuredmedia":[{"embeddable":true,"href":"https:\/\/mussicom.com\/noticias\/wp-json\/wp\/v2\/media\/38194"}],"wp:attachment":[{"href":"https:\/\/mussicom.com\/noticias\/wp-json\/wp\/v2\/media?parent=38193"}],"wp:term":[{"taxonomy":"category","embeddable":true,"href":"https:\/\/mussicom.com\/noticias\/wp-json\/wp\/v2\/categories?post=38193"},{"taxonomy":"post_tag","embeddable":true,"href":"https:\/\/mussicom.com\/noticias\/wp-json\/wp\/v2\/tags?post=38193"}],"curies":[{"name":"wp","href":"https:\/\/api.w.org\/{rel}","templated":true}]}}