{"id":37880,"date":"2025-08-18T11:14:16","date_gmt":"2025-08-18T14:14:16","guid":{"rendered":"https:\/\/mussicom.com\/querem-descredibilizar-o-agro-brasileiro\/"},"modified":"2025-08-18T11:14:16","modified_gmt":"2025-08-18T14:14:16","slug":"querem-descredibilizar-o-agro-brasileiro","status":"publish","type":"post","link":"https:\/\/mussicom.com\/noticias\/querem-descredibilizar-o-agro-brasileiro\/","title":{"rendered":"\u201cQuerem descredibilizar o agro brasileiro\u201d"},"content":{"rendered":"<p> <br \/>\n<\/p>\n<div>\n<p>H\u00e1 no Brasil um esfor\u00e7o crescente para descredibilizar o agroneg\u00f3cio, muitas vezes baseado em frases feitas que reduzem sua import\u00e2ncia. Segundo Al\u00ea Delara, consultor e palestrante, essas cr\u00edticas revelam mais desconhecimento estrat\u00e9gico do que an\u00e1lise real de cen\u00e1rio.&#13;\n<\/p>\n<p>\u201cS\u00e3o ideias recorrentes, travestidas de cr\u00edtica, que revelam mais ignor\u00e2ncia estrat\u00e9gica do que an\u00e1lise real de cen\u00e1rio. O agro brasileiro n\u00e3o \u00e9 um setor perif\u00e9rico \u2014 \u00e9 um instrumento de proje\u00e7\u00e3o internacional do pa\u00eds. E quem ainda v\u00ea isso como sinal de atraso n\u00e3o entendeu o mundo em que vivemos\u201d, comenta.<\/p>\n<p>Em um mundo marcado por crise alimentar, instabilidade log\u00edstica e press\u00f5es ambientais, a capacidade de produzir alimentos em escala tornou-se um ativo geopol\u00edtico. Dados da Embrapa e da Conab mostram que, entre 1990 e 2022, a produ\u00e7\u00e3o agr\u00edcola brasileira cresceu mais de 400%, enquanto a \u00e1rea plantada aumentou apenas 60%, resultado de tecnologia, efici\u00eancia e integra\u00e7\u00e3o de sistemas produtivos.&#13;\n<\/p>\n<p>O discurso de que o Brasil \u201cs\u00f3 exporta commodities\u201d ignora que a demanda global est\u00e1 centrada nesses produtos, al\u00e9m de desconsiderar a complexa cadeia agroindustrial nacional, que agrega valor em processamento, log\u00edstica, armazenagem e servi\u00e7os. Para Delara, n\u00e3o h\u00e1 crescimento sustent\u00e1vel sem exporta\u00e7\u00e3o, e a expans\u00e3o do agro depende de estrat\u00e9gia internacional bem estruturada.<\/p>\n<p>Nesse sentido, ele defende uma pol\u00edtica comercial que trate o setor como ativo de Estado, fortalecida por diplomacia t\u00e9cnica e narrativa institucional capaz de explicar ao mundo a real natureza do agro brasileiro. Afinal, quem alimenta o mundo, segundo Delara, deve negociar com vis\u00e3o, presen\u00e7a e projeto e n\u00e3o com timidez.&#13;\n<\/p>\n<p>\u201cEst\u00e1 na hora de parar de pedir desculpas por sermos fortes. De tratarmos o agro n\u00e3o como um problema a ser tolerado, mas como uma alavanca de proje\u00e7\u00e3o nacional. De deixarmos de lado o complexo de col\u00f4nia e assumirmos o protagonismo que j\u00e1 exercemos na pr\u00e1tica. Porque quem alimenta o mundo, n\u00e3o negocia com timidez. Negocia com vis\u00e3o, com presen\u00e7a e com projeto\u201d, conclui.<br \/>&#13;<br \/>\n\u00a0<\/p>\n<\/p><\/div>\n<p><script data-cfasync=\"false\">\n    !function (f, b, e, v, n, t, s) {\n        if (f.fbq) return; n = f.fbq = function () {\n            n.callMethod ?\n                n.callMethod.apply(n, arguments) : n.queue.push(arguments)\n        };\n        if (!f._fbq) f._fbq = n; n.push = n; n.loaded = !0; n.version = '2.0';\n        n.queue = []; t = b.createElement(e); t.async = !0;\n        t.src = v; s = b.getElementsByTagName(e)[0];\n        s.parentNode.insertBefore(t, s)\n    }(window, document, 'script',\n        'https:\/\/connect.facebook.net\/en_US\/fbevents.js');\n    fbq('init', '522546078623747');\n    fbq('track', 'PageView');\n<\/script><br \/>\n<br \/><br \/>\n<br \/>Fonte: <a href=\"https:\/\/www.agrolink.com.br\/noticias\/-querem-descredibilizar-o-agro-brasileiro-_505010.html\">AGROLINK<\/a><\/p>\n","protected":false},"excerpt":{"rendered":"<p>H\u00e1 no Brasil um esfor\u00e7o crescente para descredibilizar o agroneg\u00f3cio, muitas vezes baseado em frases feitas que reduzem sua import\u00e2ncia. Segundo Al\u00ea Delara, consultor e palestrante, essas cr\u00edticas revelam mais desconhecimento estrat\u00e9gico do que an\u00e1lise real de cen\u00e1rio.&#13; \u201cS\u00e3o ideias recorrentes, travestidas de cr\u00edtica, que revelam mais ignor\u00e2ncia estrat\u00e9gica do que an\u00e1lise real de cen\u00e1rio. [&hellip;]<\/p>\n","protected":false},"author":5,"featured_media":32845,"comment_status":"open","ping_status":"open","sticky":false,"template":"","format":"standard","meta":{"_seopress_robots_primary_cat":"","_seopress_titles_title":"","_seopress_titles_desc":"","_seopress_robots_index":"","footnotes":""},"categories":[53],"tags":[],"class_list":["post-37880","post","type-post","status-publish","format-standard","has-post-thumbnail","hentry","category-agronegocio"],"_links":{"self":[{"href":"https:\/\/mussicom.com\/noticias\/wp-json\/wp\/v2\/posts\/37880","targetHints":{"allow":["GET"]}}],"collection":[{"href":"https:\/\/mussicom.com\/noticias\/wp-json\/wp\/v2\/posts"}],"about":[{"href":"https:\/\/mussicom.com\/noticias\/wp-json\/wp\/v2\/types\/post"}],"author":[{"embeddable":true,"href":"https:\/\/mussicom.com\/noticias\/wp-json\/wp\/v2\/users\/5"}],"replies":[{"embeddable":true,"href":"https:\/\/mussicom.com\/noticias\/wp-json\/wp\/v2\/comments?post=37880"}],"version-history":[{"count":0,"href":"https:\/\/mussicom.com\/noticias\/wp-json\/wp\/v2\/posts\/37880\/revisions"}],"wp:featuredmedia":[{"embeddable":true,"href":"https:\/\/mussicom.com\/noticias\/wp-json\/wp\/v2\/media\/32845"}],"wp:attachment":[{"href":"https:\/\/mussicom.com\/noticias\/wp-json\/wp\/v2\/media?parent=37880"}],"wp:term":[{"taxonomy":"category","embeddable":true,"href":"https:\/\/mussicom.com\/noticias\/wp-json\/wp\/v2\/categories?post=37880"},{"taxonomy":"post_tag","embeddable":true,"href":"https:\/\/mussicom.com\/noticias\/wp-json\/wp\/v2\/tags?post=37880"}],"curies":[{"name":"wp","href":"https:\/\/api.w.org\/{rel}","templated":true}]}}