{"id":37827,"date":"2025-08-17T22:11:06","date_gmt":"2025-08-18T01:11:06","guid":{"rendered":"https:\/\/mussicom.com\/como-a-onu-reconhece-um-governo-repressor-na-africa\/"},"modified":"2025-08-17T22:11:06","modified_gmt":"2025-08-18T01:11:06","slug":"como-a-onu-reconhece-um-governo-repressor-na-africa","status":"publish","type":"post","link":"https:\/\/mussicom.com\/noticias\/como-a-onu-reconhece-um-governo-repressor-na-africa\/","title":{"rendered":"Como a ONU reconhece um governo repressor na \u00c1frica"},"content":{"rendered":"<p> <br \/>\n<\/p>\n<div>\n<p class=\"postParagraph_post-paragraph__juWZN\">O caso do Qu\u00eania ilustra uma acusa\u00e7\u00e3o que \u00e9 feita com frequ\u00eancia contra a ONU: de ser conivente com governos autorit\u00e1rios.<\/p>\n<p class=\"postParagraph_post-paragraph__juWZN\">Depois de o pa\u00eds africano ter sido eleito no ano passado para uma cadeira tempor\u00e1ria no Conselho de Direitos Humanos das Na\u00e7\u00f5es Unidas, a organiza\u00e7\u00e3o est\u00e1 cogitando transferir para o Qu\u00eania em 2026 as sedes de tr\u00eas ag\u00eancias hoje localizadas em Nova York.<\/p>\n<p class=\"postParagraph_post-paragraph__juWZN\">Em fevereiro, o primeiro-secret\u00e1rio do gabinete do governo queniano, Musalia Mudavadi, anunciou que o pa\u00eds est\u00e1 sendo cotado para receber as sedes do Fundo das Na\u00e7\u00f5es Unidas para a Inf\u00e2ncia (Unicef, na sigla em ingl\u00eas), o Fundo de Popula\u00e7\u00e3o das Na\u00e7\u00f5es Unidas (UNFPA) e a Entidade das Na\u00e7\u00f5es Unidas para a Igualdade de G\u00eanero e o Empoderamento das Mulheres (ONU Mulheres).<\/p>\n<p class=\"postParagraph_post-paragraph__juWZN\">Nair\u00f3bi, a capital queniana, j\u00e1 \u00e9 sede desde 1996 de um dos quatro principais escrit\u00f3rios da ONU, sede do Programa das Na\u00e7\u00f5es Unidas para o Meio Ambiente (Pnuma) e do Programa das Na\u00e7\u00f5es Unidas para os Assentamentos Humanos (ONU-Habitat).<\/p>\n<p class=\"postParagraph_post-paragraph__juWZN\">Nova York, Genebra e Viena s\u00e3o as outras tr\u00eas cidades que abrigam as principais estruturas da ONU, e a transfer\u00eancia de mais ag\u00eancias para o Qu\u00eania seria um grande reconhecimento, aumentando a import\u00e2ncia do escrit\u00f3rio. Por\u00e9m, o atual governo queniano est\u00e1 muito longe de merecer qualquer honraria.<\/p>\n<p class=\"postParagraph_post-paragraph__juWZN\">William Ruto, presidente do Qu\u00eania desde 2022, tem um hist\u00f3rico preocupante de viola\u00e7\u00f5es de direitos humanos. Antes de ocupar a cadeira presidencial, ele foi vice-presidente e ministro de tr\u00eas pastas diferentes (Interior, Agricultura e Ensino Superior).<\/p>\n<p class=\"postParagraph_post-paragraph__juWZN\">Ruto esteve entre os indiciados pelo Tribunal Penal Internacional (TPI) por envolvimento na viol\u00eancia pol\u00edtica no Qu\u00eania entre os anos de 2007 e 2008, mas as acusa\u00e7\u00f5es contra ele foram retiradas em 2016.<\/p>\n<p class=\"postParagraph_post-paragraph__juWZN\">Desde que ele se tornou presidente, h\u00e1 tr\u00eas anos, den\u00fancias de desrespeito aos direitos humanos voltaram a se tornar comuns no Qu\u00eania.<\/p>\n<p class=\"postParagraph_post-paragraph__juWZN\">No ano passado, quando o pa\u00eds africano lan\u00e7ou sua candidatura para uma cadeira no Conselho de Direitos Humanos da ONU para o per\u00edodo 2025\u20132027, a ONG Comiss\u00e3o de Direitos Humanos do Qu\u00eania (KHRC) divulgou uma carta manifestando oposi\u00e7\u00e3o.<\/p>\n<p class=\"postParagraph_post-paragraph__juWZN\">O documento citou uma s\u00e9rie de viola\u00e7\u00f5es cometidas pela gest\u00e3o Ruto, como repress\u00e3o a manifestantes e ativistas: a KHRC relatou pris\u00f5es de defensores dos direitos humanos, for\u00e7a excessiva da pol\u00edcia contra m\u00e9dicos em greve e moradores de assentamentos informais que se opuseram a deslocamentos durante enchentes e, mais grave, a violenta resposta a protestos ocorridos em junho e julho de 2024, contra uma lei que prop\u00f4s aumento de impostos.<\/p>\n<p class=\"postParagraph_post-paragraph__juWZN\">\u201cO Servi\u00e7o Nacional de Pol\u00edcia (NPS) e outras ag\u00eancias de seguran\u00e7a responderam com for\u00e7a brutal, resultando na morte de pelo menos 60 pessoas. A pol\u00edcia tamb\u00e9m foi respons\u00e1vel por in\u00fameros sequestros, desaparecimentos for\u00e7ados de 65 pessoas e pela deten\u00e7\u00e3o ilegal de mais de 1,4 mil manifestantes pac\u00edficos\u201d, denunciou a ONG.<\/p>\n<div class=\"postViewMore_post-view-more-container___5wai\" data-mrf-recirculation=\"Post - Veja tamb\u00e9m\">\n<p class=\"gp-styles-module-size-small-afeYRa gp-styles-module-font-family2-afeYRa gp-styles-module-color-secondary-afeYRa gp-styles-module-weight-bold-afeYRa\">VEJA TAMB\u00c9M:<\/p>\n<ul class=\"postViewMore_post-view-more-list__CU_CE\">\n<li class=\"postViewMore_post-view-more-item__2MzRb\"><span class=\"postViewMore_post-view-more-link-icon___stPC\"><svg xmlns=\"http:\/\/www.w3.org\/2000\/svg\" width=\"16\" height=\"16\" viewbox=\"0 0 16 16\"><rect width=\"16\" height=\"16\" fill=\"none\"\/><g transform=\"translate(3 3)\"><path d=\"M22.5,15l3.4,3.4-3.4,3.4\" transform=\"translate(-15.896 -11.793)\" fill=\"none\" stroke=\"#717171\" stroke-linecap=\"round\" stroke-width=\"1.4\"\/><path d=\"M6,6v4.2a2.452,2.452,0,0,0,2.5,2.4H16\" transform=\"translate(-6 -6)\" fill=\"none\" stroke=\"#717171\" stroke-linecap=\"round\" stroke-width=\"1.4\"\/><\/g><\/svg><\/span><span class=\"postViewMore_post-view-more-link-text__hO_kM\">\u201cAfrica First\u201d: volta de Trump \u00e0 Casa Branca muda discurso de desenvolvimento no continente<\/span><\/li>\n<\/ul>\n<\/div>\n<p class=\"postParagraph_post-paragraph__juWZN\">A KHRC tamb\u00e9m mencionou investiga\u00e7\u00f5es arbitr\u00e1rias e persegui\u00e7\u00e3o de organiza\u00e7\u00f5es da sociedade civil que criticam a gest\u00e3o Ruto e um alerta que o governo emitiu para ve\u00edculos de imprensa para que n\u00e3o fizessem cobertura ao vivo dos protestos reprimidos com viol\u00eancia.<\/p>\n<p class=\"postParagraph_post-paragraph__juWZN\">Outro ponto destacado pela ONG foi o desrespeito deliberado do Executivo queniano a ordens da Justi\u00e7a. Um exemplo citado foi o do ex-inspetor-geral interino de pol\u00edcia Gilbert Masengeli, que ignorou sete ordens judiciais para que revelasse o paradeiro de tr\u00eas defensores dos direitos humanos sequestrados por for\u00e7as de seguran\u00e7a.<\/p>\n<p class=\"postParagraph_post-paragraph__juWZN\">Por\u00e9m, o apelo da KHRC foi em v\u00e3o: em vota\u00e7\u00e3o na Assembleia Geral da ONU, o Qu\u00eania ganhou a cadeira tempor\u00e1ria no Conselho de Direitos Humanos.<\/p>\n<h2 class=\"postParagraph_post-paragraph__juWZN postParagraph_type-tag-h2__TtFkT\">A pr\u00f3pria ONU denunciou a repress\u00e3o no Qu\u00eania<\/h2>\n<p class=\"postParagraph_post-paragraph__juWZN\">O curioso \u00e9 que as pr\u00f3prias Na\u00e7\u00f5es Unidas fizeram no m\u00eas passado um alerta sobre as viola\u00e7\u00f5es do governo queniano.<\/p>\n<p class=\"postParagraph_post-paragraph__juWZN\">Um boletim do Alto Comissariado da ONU para os Direitos Humanos (OHCHR) mencionou que ocorreram pelo menos 11 mortes e 567 pris\u00f5es em novos protestos em 7 de julho, ap\u00f3s outros 15 manifestantes terem sido mortos e centenas terem ficado feridos durante protestos em 25 de junho em Nair\u00f3bi e outros pontos do Qu\u00eania.<\/p>\n<p class=\"postParagraph_post-paragraph__juWZN\">A porta-voz do OHCHR, Ravina Shamdasani, afirmou no comunicado que o alto comiss\u00e1rio da ONU para os Direitos Humanos, Volker T\u00fcrk, \u201crepete seu apelo para que todos os assassinatos relatados e outras supostas viola\u00e7\u00f5es e abusos do direito internacional dos direitos humanos, inclusive com rela\u00e7\u00e3o ao uso da for\u00e7a, sejam investigados de forma r\u00e1pida, completa, independente e transparente\u201d.<\/p>\n<p class=\"postParagraph_post-paragraph__juWZN\">Ap\u00f3s a cadeira tempor\u00e1ria no Conselho de Direitos Humanos, ainda n\u00e3o se sabe se a ONU realmente recompensar\u00e1 o Qu\u00eania novamente, com a transfer\u00eancia de tr\u00eas ag\u00eancias de Nova York.<\/p>\n<p class=\"postParagraph_post-paragraph__juWZN\">No come\u00e7o de agosto, o porta-voz adjunto da ONU, Farhan Haq, disse que tais conversas ainda est\u00e3o \u201cnos est\u00e1gios iniciais\u201d.<\/p>\n<p class=\"postParagraph_post-paragraph__juWZN\">\u201cN\u00e3o \u00e9 uma decis\u00e3o certa. H\u00e1 certas op\u00e7\u00f5es sendo consideradas para tornar as Na\u00e7\u00f5es Unidas menos custosas\u201d, afirmou Haq, segundo informa\u00e7\u00f5es do jornal The Kenya Times.<\/p>\n<p class=\"postParagraph_post-paragraph__juWZN\">\u201cUma das medidas que est\u00e3o sendo consideradas \u00e9 transferir mais opera\u00e7\u00f5es da ONU para o campo e para locais com custos operacionais mais baixos. Isso \u00e9 algo que as ag\u00eancias relevantes estar\u00e3o analisando\u201d, acrescentou. Resta saber se a ONU consumar\u00e1 esse vexame.<\/p>\n<\/div>\n<p><br \/>\n<br \/>Fonte: <a href=\"https:\/\/www.gazetadopovo.com.br\/mundo\/como-onu-reconhece-governo-repressao-africa\/\">Revista Oeste<\/a><\/p>\n","protected":false},"excerpt":{"rendered":"<p>O caso do Qu\u00eania ilustra uma acusa\u00e7\u00e3o que \u00e9 feita com frequ\u00eancia contra a ONU: de ser conivente com governos autorit\u00e1rios. Depois de o pa\u00eds africano ter sido eleito no ano passado para uma cadeira tempor\u00e1ria no Conselho de Direitos Humanos das Na\u00e7\u00f5es Unidas, a organiza\u00e7\u00e3o est\u00e1 cogitando transferir para o Qu\u00eania em 2026 as [&hellip;]<\/p>\n","protected":false},"author":5,"featured_media":37828,"comment_status":"open","ping_status":"open","sticky":false,"template":"","format":"standard","meta":{"_seopress_robots_primary_cat":"","_seopress_titles_title":"","_seopress_titles_desc":"","_seopress_robots_index":"","footnotes":""},"categories":[48],"tags":[],"class_list":["post-37827","post","type-post","status-publish","format-standard","has-post-thumbnail","hentry","category-internacional"],"_links":{"self":[{"href":"https:\/\/mussicom.com\/noticias\/wp-json\/wp\/v2\/posts\/37827","targetHints":{"allow":["GET"]}}],"collection":[{"href":"https:\/\/mussicom.com\/noticias\/wp-json\/wp\/v2\/posts"}],"about":[{"href":"https:\/\/mussicom.com\/noticias\/wp-json\/wp\/v2\/types\/post"}],"author":[{"embeddable":true,"href":"https:\/\/mussicom.com\/noticias\/wp-json\/wp\/v2\/users\/5"}],"replies":[{"embeddable":true,"href":"https:\/\/mussicom.com\/noticias\/wp-json\/wp\/v2\/comments?post=37827"}],"version-history":[{"count":0,"href":"https:\/\/mussicom.com\/noticias\/wp-json\/wp\/v2\/posts\/37827\/revisions"}],"wp:featuredmedia":[{"embeddable":true,"href":"https:\/\/mussicom.com\/noticias\/wp-json\/wp\/v2\/media\/37828"}],"wp:attachment":[{"href":"https:\/\/mussicom.com\/noticias\/wp-json\/wp\/v2\/media?parent=37827"}],"wp:term":[{"taxonomy":"category","embeddable":true,"href":"https:\/\/mussicom.com\/noticias\/wp-json\/wp\/v2\/categories?post=37827"},{"taxonomy":"post_tag","embeddable":true,"href":"https:\/\/mussicom.com\/noticias\/wp-json\/wp\/v2\/tags?post=37827"}],"curies":[{"name":"wp","href":"https:\/\/api.w.org\/{rel}","templated":true}]}}