{"id":37664,"date":"2025-08-16T19:43:07","date_gmt":"2025-08-16T22:43:07","guid":{"rendered":"https:\/\/mussicom.com\/melania-trump-envia-carta-a-putin-sobre-criancas-sequestradas\/"},"modified":"2025-08-16T19:43:07","modified_gmt":"2025-08-16T22:43:07","slug":"melania-trump-envia-carta-a-putin-sobre-criancas-sequestradas","status":"publish","type":"post","link":"https:\/\/mussicom.com\/noticias\/melania-trump-envia-carta-a-putin-sobre-criancas-sequestradas\/","title":{"rendered":"Melania Trump envia carta a Putin sobre crian\u00e7as sequestradas"},"content":{"rendered":"<p> <br \/>\n<\/p>\n<div>\n<p class=\"postParagraph_post-paragraph__juWZN\">A primeira-dama americana, Melania Trump, enviou uma carta direcionada ao ditador russo, Vladimir Putin, a respeito do sequestro de crian\u00e7as ucranianas, pr\u00e1tica exercida por Moscou.<\/p>\n<p class=\"postParagraph_post-paragraph-innerHtml__Q5vwc\">O documento foi entregue pelo chefe da Casa Branca, Donald Trump, a Putin durante a c\u00fapula entre ambos, ocorrida ontem (16), no Alasca, de acordo com informa\u00e7\u00f5es da ag\u00eancia de not\u00edcias <em>Reuters<\/em>. A \u00edntegra do texto n\u00e3o foi divulgada nem por autoridades americanas nem pelo Kremlin.<\/p>\n<p class=\"postParagraph_post-paragraph__juWZN\">O presidente da Ucr\u00e2nia, Volodymyr Zelensky,  agradeceu Melania pelo gesto, durante chamada com o republicano ap\u00f3s a reuni\u00e3o com o chefe do Kremlin.  J\u00e1 Andrii Sybiha, o chanceler ucraniano, classificou a atitude da primeira-dama americana como um \u201cato de humanismo\u201d.<\/p>\n<p class=\"postParagraph_post-paragraph__juWZN\">A esperada reuni\u00e3o entre Trump e e o ditador russo, Vladimir Putin, nesta sexta-feira em uma base militar em Anchorage, no Alasca, terminou sem um acordo para um cessar-fogo na Ucr\u00e2nia, mas ambos os l\u00edderes manifestaram sua sintonia e o americano classificou as conversas como &#8220;extremamente produtivas&#8221;.<\/p>\n<h2 class=\"postParagraph_post-paragraph__juWZN postParagraph_type-tag-h2__TtFkT\">Sequestro de crian\u00e7as<\/h2>\n<p class=\"postParagraph_post-paragraph__juWZN\">Em mar\u00e7o de 2023, o TPI emitiu um mandado de pris\u00e3o contra Putin e Alekseyevna Lvova-Belova, comiss\u00e1ria para os Direitos da Crian\u00e7a da R\u00fassia, pelo crime de guerra de sequestro de mais de 19 mil crian\u00e7as ucranianas, que foram enviadas a orfanatos ou entregues para ado\u00e7\u00e3o por fam\u00edlias estranhas na R\u00fassia.<\/p>\n<p class=\"postParagraph_post-paragraph-innerHtml__Q5vwc\">\u201cO Sr. Vladimir Vladimirovich Putin, nascido em 7 de outubro de 1952, Presidente da Federa\u00e7\u00e3o Russa, \u00e9 alegadamente respons\u00e1vel pelo\u00a0crime de guerra de deporta\u00e7\u00e3o ilegal de popula\u00e7\u00e3o (crian\u00e7as)\u00a0e\u00a0de transfer\u00eancia ilegal de popula\u00e7\u00e3o (crian\u00e7as)\u00a0de \u00e1reas ocupadas da Ucr\u00e2nia para a Federa\u00e7\u00e3o Russa\u201d, dizia a nota da condena\u00e7\u00e3o.<\/p>\n<p class=\"postParagraph_post-paragraph__juWZN\">A R\u00fassia alega que a decis\u00e3o &#8220;n\u00e3o tem sentido&#8221; e diz que suas a\u00e7\u00f5es foram apenas para proteger menores vulner\u00e1veis de uma zona de conflito.<\/p>\n<p class=\"postParagraph_post-paragraph__juWZN\">&#8220;As decis\u00f5es do Tribunal Penal Internacional n\u00e3o t\u00eam sentido para o nosso pa\u00eds, inclusive do ponto de vista jur\u00eddico&#8221;, afirmou, \u00e0 \u00e9poca, Maria Zakharova, porta-voz da diplomacia russa.<\/p>\n<p class=\"postParagraph_post-paragraph__juWZN\">Segundo a ONU (Organiza\u00e7\u00e3o das Na\u00e7\u00f5es Unidas) , desde a invas\u00e3o da R\u00fassia, entre 24 de fevereiro de 2022 e 31 de dezembro de 2024, 669 crian\u00e7as morreram e 1.833 ficaram feridas, principalmente por causa do uso extensivo de armas explosivas em \u00e1reas civis e povoadas.<\/p>\n<p class=\"postParagraph_post-paragraph__juWZN\">Ainda de acordo com a organiza\u00e7\u00e3o, 521 morreram e 1.529 ficaram feridas em territ\u00f3rio controlado pela Ucr\u00e2nia, enquanto 148 morreram e 304 ficaram feridas em \u00e1reas ocupadas por Moscou.<\/p>\n<p class=\"postParagraph_post-paragraph__juWZN\">Em mar\u00e7o deste ano, a ONU condenou o sofrimento \u201cinimagin\u00e1vel\u201d de milh\u00f5es de crian\u00e7as ucranianas nos mais de 3 anos desde o in\u00edcio da guerra.<\/p>\n<\/div>\n<p><br \/>\n<br \/>Fonte: <a href=\"https:\/\/www.gazetadopovo.com.br\/mundo\/melania-trump-envia-carta-a-putin-sobre-criancas-sequestradas-por-moscou\/\">Revista Oeste<\/a><\/p>\n","protected":false},"excerpt":{"rendered":"<p>A primeira-dama americana, Melania Trump, enviou uma carta direcionada ao ditador russo, Vladimir Putin, a respeito do sequestro de crian\u00e7as ucranianas, pr\u00e1tica exercida por Moscou. O documento foi entregue pelo chefe da Casa Branca, Donald Trump, a Putin durante a c\u00fapula entre ambos, ocorrida ontem (16), no Alasca, de acordo com informa\u00e7\u00f5es da ag\u00eancia de [&hellip;]<\/p>\n","protected":false},"author":5,"featured_media":37665,"comment_status":"open","ping_status":"open","sticky":false,"template":"","format":"standard","meta":{"_seopress_robots_primary_cat":"","_seopress_titles_title":"","_seopress_titles_desc":"","_seopress_robots_index":"","footnotes":""},"categories":[48],"tags":[],"class_list":["post-37664","post","type-post","status-publish","format-standard","has-post-thumbnail","hentry","category-internacional"],"_links":{"self":[{"href":"https:\/\/mussicom.com\/noticias\/wp-json\/wp\/v2\/posts\/37664","targetHints":{"allow":["GET"]}}],"collection":[{"href":"https:\/\/mussicom.com\/noticias\/wp-json\/wp\/v2\/posts"}],"about":[{"href":"https:\/\/mussicom.com\/noticias\/wp-json\/wp\/v2\/types\/post"}],"author":[{"embeddable":true,"href":"https:\/\/mussicom.com\/noticias\/wp-json\/wp\/v2\/users\/5"}],"replies":[{"embeddable":true,"href":"https:\/\/mussicom.com\/noticias\/wp-json\/wp\/v2\/comments?post=37664"}],"version-history":[{"count":0,"href":"https:\/\/mussicom.com\/noticias\/wp-json\/wp\/v2\/posts\/37664\/revisions"}],"wp:featuredmedia":[{"embeddable":true,"href":"https:\/\/mussicom.com\/noticias\/wp-json\/wp\/v2\/media\/37665"}],"wp:attachment":[{"href":"https:\/\/mussicom.com\/noticias\/wp-json\/wp\/v2\/media?parent=37664"}],"wp:term":[{"taxonomy":"category","embeddable":true,"href":"https:\/\/mussicom.com\/noticias\/wp-json\/wp\/v2\/categories?post=37664"},{"taxonomy":"post_tag","embeddable":true,"href":"https:\/\/mussicom.com\/noticias\/wp-json\/wp\/v2\/tags?post=37664"}],"curies":[{"name":"wp","href":"https:\/\/api.w.org\/{rel}","templated":true}]}}