{"id":37656,"date":"2025-08-16T18:42:05","date_gmt":"2025-08-16T21:42:05","guid":{"rendered":"https:\/\/mussicom.com\/bolivianos-vao-as-urnas-neste-domingo\/"},"modified":"2025-08-16T18:42:05","modified_gmt":"2025-08-16T21:42:05","slug":"bolivianos-vao-as-urnas-neste-domingo","status":"publish","type":"post","link":"https:\/\/mussicom.com\/noticias\/bolivianos-vao-as-urnas-neste-domingo\/","title":{"rendered":"Bolivianos v\u00e3o \u00e0s urnas neste domingo"},"content":{"rendered":"<p> <br \/>\n<\/p>\n<div>\n<p class=\"postParagraph_post-paragraph__juWZN\">Os bolivianos v\u00e3o \u00e0s urnas neste domingo (17) para eleger o novo governo e Parlamento para o pr\u00f3ximo quinqu\u00eanio, em elei\u00e7\u00f5es gerais que podem marcar uma guinada pol\u00edtica para o centro ou a direita ap\u00f3s 20 anos de hegemonia dos governos de esquerda, comandados pelo Movimento ao Socialismo (MAS).<\/p>\n<p class=\"postParagraph_post-paragraph__juWZN\">Na Bol\u00edvia, 7.567.207 pessoas maiores de 18 anos est\u00e3o habilitadas para eleger presidente, vice-presidente e os parlamentares para um per\u00edodo de cinco anos, e outros 369.308 cidad\u00e3os est\u00e3o aptos a votar no exterior, embora possam escolher somente a chapa presidencial e n\u00e3o sejam obrigados a votar.<\/p>\n<p class=\"postParagraph_post-paragraph__juWZN\">Entre as oito organiza\u00e7\u00f5es pol\u00edticas que concorrem \u00e0s elei\u00e7\u00f5es, duas candidaturas opositoras aparecem como favoritas: a do empres\u00e1rio de centro-direita Samuel Doria Medina e a do ex-presidente de direita Jorge Tuto Quiroga (2001-2002), que podem disputar um in\u00e9dito segundo turno, caso se confirme o que mostram as pesquisas.<\/p>\n<div class=\"postImage_post-content-image__2CJdu\"><picture class=\"imageDefault_image-container__XGd8_\"><source type=\"image\/webp\" srcset=\"https:\/\/media.gazetadopovo.com.br\/2025\/08\/16171632\/cms-2-1280x720.jpg.webp 1280w, https:\/\/media.gazetadopovo.com.br\/2025\/08\/16171632\/cms-2-960x540.jpg.webp 960w, https:\/\/media.gazetadopovo.com.br\/2025\/08\/16171632\/cms-2-660x372.jpg.webp 660w, https:\/\/media.gazetadopovo.com.br\/2025\/08\/16171632\/cms-2-540x304.jpg.webp 540w, https:\/\/media.gazetadopovo.com.br\/2025\/08\/16171632\/cms-2-380x214.jpg.webp 380w, https:\/\/media.gazetadopovo.com.br\/2025\/08\/16171632\/cms-2-720x720.jpg.webp 720w, https:\/\/media.gazetadopovo.com.br\/2025\/08\/16171632\/cms-2-540x540.jpg.webp 540w, https:\/\/media.gazetadopovo.com.br\/2025\/08\/16171632\/cms-2-372x372.jpg.webp 372w, https:\/\/media.gazetadopovo.com.br\/2025\/08\/16171632\/cms-2-214x214.jpg.webp 214w, https:\/\/media.gazetadopovo.com.br\/2025\/08\/16171632\/cms-2.jpg.webp 1920w\" sizes=\"(max-width: 767px) 328px, 638px\"\/><source type=\"image\/jpeg\" srcset=\"https:\/\/media.gazetadopovo.com.br\/2025\/08\/16171632\/cms-2-1280x720.jpg.webp 1280w, https:\/\/media.gazetadopovo.com.br\/2025\/08\/16171632\/cms-2-960x540.jpg.webp 960w, https:\/\/media.gazetadopovo.com.br\/2025\/08\/16171632\/cms-2-660x372.jpg.webp 660w, https:\/\/media.gazetadopovo.com.br\/2025\/08\/16171632\/cms-2-540x304.jpg.webp 540w, https:\/\/media.gazetadopovo.com.br\/2025\/08\/16171632\/cms-2-380x214.jpg.webp 380w, https:\/\/media.gazetadopovo.com.br\/2025\/08\/16171632\/cms-2-720x720.jpg.webp 720w, https:\/\/media.gazetadopovo.com.br\/2025\/08\/16171632\/cms-2-540x540.jpg.webp 540w, https:\/\/media.gazetadopovo.com.br\/2025\/08\/16171632\/cms-2-372x372.jpg.webp 372w, https:\/\/media.gazetadopovo.com.br\/2025\/08\/16171632\/cms-2-214x214.jpg.webp 214w, https:\/\/media.gazetadopovo.com.br\/2025\/08\/16171632\/cms-2.jpg.webp 1920w\" sizes=\"(max-width: 767px) 328px, 638px\"\/><\/picture><i class=\"postImage_post-image-caption__yoE82\">Os candidatos favoritos do bloco de oposi\u00e7\u00e3o: o empres\u00e1rio de centro-direita Samuel Doria Medina (E) e a do ex-presidente de direita Jorge Tuto Quiroga (D).<!-- --> <!-- -->(Foto: EFE\/Martin Alipaz ARCHIVO e EFE\/ Gabriel Marquez)<\/i><\/div>\n<p class=\"postParagraph_post-paragraph__juWZN\">Se isso ocorrer, ser\u00e1 a primeira vez que a Bol\u00edvia ter\u00e1 um segundo turno, possibilidade inclu\u00edda na Constitui\u00e7\u00e3o vigente desde 2009, que estabelece a condi\u00e7\u00e3o se nenhuma das candidaturas alcan\u00e7ar mais de 50% dos votos v\u00e1lidos ou um m\u00ednimo de 40% com pelo menos dez pontos de vantagem sobre o segundo colocado.<\/p>\n<p class=\"postParagraph_post-paragraph__juWZN\">Esse cen\u00e1rio tamb\u00e9m representar\u00e1 a sa\u00edda da esquerda do poder. As pesquisas situam o governista Eduardo del Castillo entre as \u00faltimas posi\u00e7\u00f5es, enquanto o presidente do Senado, Andr\u00f3nico Rodr\u00edguez, da Alian\u00e7a Popular, que era considerado o sucessor do ex-presidente Evo Morales, tamb\u00e9m n\u00e3o aparece com porcentagens que o aproximem sequer do segundo turno.<\/p>\n<p class=\"postParagraph_post-paragraph__juWZN\">O partido governista concorre dividido \u00e0 disputa eleitoral, pois, al\u00e9m das candidaturas de Del Castillo e de Rodr\u00edguez, Evo Morales se desvinculou do MAS ap\u00f3s n\u00e3o conseguir ser novamente o candidato da sigla.<\/p>\n<p class=\"postParagraph_post-paragraph__juWZN\">Morales insiste em ser candidato apesar de uma disposi\u00e7\u00e3o constitucional que o impede de voltar a concorrer em raz\u00e3o de j\u00e1 ter governado o pa\u00eds em tr\u00eas per\u00edodos e, no momento, sequer tem um partido pol\u00edtico.<\/p>\n<p class=\"postParagraph_post-paragraph__juWZN\">Nos \u00faltimos meses, os apoiadores do ex-presidente realizaram diversos protestos para for\u00e7ar sua inscri\u00e7\u00e3o, mas, ao n\u00e3o conseguir o objetivo, Morales e seus seguidores passaram a promover o voto nulo.<\/p>\n<div class=\"postImage_post-content-image__2CJdu\"><picture class=\"imageDefault_image-container__XGd8_\"><source type=\"image\/webp\" srcset=\"https:\/\/media.gazetadopovo.com.br\/2025\/08\/16171003\/e5f4d29b2e55bbbc43842aa8c7ab01b613ebeea1-1280x720.jpg.webp 1280w, https:\/\/media.gazetadopovo.com.br\/2025\/08\/16171003\/e5f4d29b2e55bbbc43842aa8c7ab01b613ebeea1-960x540.jpg.webp 960w, https:\/\/media.gazetadopovo.com.br\/2025\/08\/16171003\/e5f4d29b2e55bbbc43842aa8c7ab01b613ebeea1-660x372.jpg.webp 660w, https:\/\/media.gazetadopovo.com.br\/2025\/08\/16171003\/e5f4d29b2e55bbbc43842aa8c7ab01b613ebeea1-540x360.jpg.webp 540w, https:\/\/media.gazetadopovo.com.br\/2025\/08\/16171003\/e5f4d29b2e55bbbc43842aa8c7ab01b613ebeea1-380x214.jpg.webp 380w, https:\/\/media.gazetadopovo.com.br\/2025\/08\/16171003\/e5f4d29b2e55bbbc43842aa8c7ab01b613ebeea1-720x720.jpg.webp 720w, https:\/\/media.gazetadopovo.com.br\/2025\/08\/16171003\/e5f4d29b2e55bbbc43842aa8c7ab01b613ebeea1-540x540.jpg.webp 540w, https:\/\/media.gazetadopovo.com.br\/2025\/08\/16171003\/e5f4d29b2e55bbbc43842aa8c7ab01b613ebeea1-372x372.jpg.webp 372w, https:\/\/media.gazetadopovo.com.br\/2025\/08\/16171003\/e5f4d29b2e55bbbc43842aa8c7ab01b613ebeea1-214x214.jpg.webp 214w, https:\/\/media.gazetadopovo.com.br\/2025\/08\/16171003\/e5f4d29b2e55bbbc43842aa8c7ab01b613ebeea1-scaled.jpg.webp 2560w\" sizes=\"(max-width: 767px) 328px, 638px\"\/><source type=\"image\/jpeg\" srcset=\"https:\/\/media.gazetadopovo.com.br\/2025\/08\/16171003\/e5f4d29b2e55bbbc43842aa8c7ab01b613ebeea1-1280x720.jpg.webp 1280w, https:\/\/media.gazetadopovo.com.br\/2025\/08\/16171003\/e5f4d29b2e55bbbc43842aa8c7ab01b613ebeea1-960x540.jpg.webp 960w, https:\/\/media.gazetadopovo.com.br\/2025\/08\/16171003\/e5f4d29b2e55bbbc43842aa8c7ab01b613ebeea1-660x372.jpg.webp 660w, https:\/\/media.gazetadopovo.com.br\/2025\/08\/16171003\/e5f4d29b2e55bbbc43842aa8c7ab01b613ebeea1-540x360.jpg.webp 540w, https:\/\/media.gazetadopovo.com.br\/2025\/08\/16171003\/e5f4d29b2e55bbbc43842aa8c7ab01b613ebeea1-380x214.jpg.webp 380w, https:\/\/media.gazetadopovo.com.br\/2025\/08\/16171003\/e5f4d29b2e55bbbc43842aa8c7ab01b613ebeea1-720x720.jpg.webp 720w, https:\/\/media.gazetadopovo.com.br\/2025\/08\/16171003\/e5f4d29b2e55bbbc43842aa8c7ab01b613ebeea1-540x540.jpg.webp 540w, https:\/\/media.gazetadopovo.com.br\/2025\/08\/16171003\/e5f4d29b2e55bbbc43842aa8c7ab01b613ebeea1-372x372.jpg.webp 372w, https:\/\/media.gazetadopovo.com.br\/2025\/08\/16171003\/e5f4d29b2e55bbbc43842aa8c7ab01b613ebeea1-214x214.jpg.webp 214w, https:\/\/media.gazetadopovo.com.br\/2025\/08\/16171003\/e5f4d29b2e55bbbc43842aa8c7ab01b613ebeea1-scaled.jpg.webp 2560w\" sizes=\"(max-width: 767px) 328px, 638px\"\/><img loading=\"lazy\" alt=\"\" loading=\"lazy\" width=\"638\" height=\"359\" decoding=\"async\" data-nimg=\"1\" class=\"imageDefault_image-item__lU2Dk\" style=\"color:transparent\" src=\"https:\/\/media.gazetadopovo.com.br\/2025\/08\/16171003\/e5f4d29b2e55bbbc43842aa8c7ab01b613ebeea1-scaled.jpg.webp\"\/><\/picture><i class=\"postImage_post-image-caption__yoE82\">Mural pichado com mensagens de &#8220;Bukele para os pol\u00edticos&#8221;, em refer\u00eancia ao presidente de El Salvador e a manifesta\u00e7\u00e3o para o &#8220;voto nulo&#8221; para o pr\u00f3ximo quinqu\u00eanio \u2014 recado deixado, provavelmente, por um apoiador de Evo Morales, que n\u00e3o pode se reelger. EFE\/ Luis Gandarillas<!-- --> <!-- -->(Foto: EFE)<\/i><\/div>\n<p class=\"postParagraph_post-paragraph__juWZN\">As pesquisas tamb\u00e9m mostraram uma alta porcentagem de indecisos, votos em branco e nulos \u2014 inclusive antes de Morales iniciar sua campanha.<\/p>\n<p class=\"postParagraph_post-paragraph__juWZN\">Segundo a norma vigente, os votos nulos e em branco n\u00e3o entram nos v\u00e1lidos e somente s\u00e3o considerados para fins estat\u00edsticos da vota\u00e7\u00e3o em um processo eleitoral.<\/p>\n<p class=\"postParagraph_post-paragraph__juWZN\">Mesmo em um cen\u00e1rio de maioria de votos nulos ou brancos, a elei\u00e7\u00e3o dos novos dignit\u00e1rios ser\u00e1 realizada com base nos votos v\u00e1lidos.<\/p>\n<p class=\"postParagraph_post-paragraph__juWZN\">As se\u00e7\u00f5es eleitorais devem abrir a partir das 8h (9h de Bras\u00edlia) e funcionar durante oito horas cont\u00ednuas, ou at\u00e9 que o \u00faltimo eleitor na fila tenha emitido seu voto.<\/p>\n<p class=\"postParagraph_post-paragraph__juWZN\">O voto na Bol\u00edvia \u00e9 obrigat\u00f3rio e, ap\u00f3s votar, a pessoa recebe um certificado de sufr\u00e1gio que dever\u00e1 apresentar para realizar qualquer tr\u00e2mite em institui\u00e7\u00f5es p\u00fablicas e nos bancos nos 90 dias posteriores \u00e0s elei\u00e7\u00f5es.<\/p>\n<p class=\"postParagraph_post-paragraph__juWZN\">A Bol\u00edvia contar\u00e1 para esta elei\u00e7\u00e3o com o Sistema de Transmiss\u00e3o de Resultados Preliminares (Sirepre), cujo funcionamento foi testado com simula\u00e7\u00f5es em nove tribunais eleitorais departamentais, e que divulgar\u00e1 informa\u00e7\u00f5es ao t\u00e9rmino do pleito.<\/p>\n<p class=\"postParagraph_post-paragraph__juWZN\">Tamb\u00e9m est\u00e3o mobilizadas 14 miss\u00f5es internacionais de observa\u00e7\u00e3o eleitoral, as mais numerosas as da Uni\u00e3o Europeia (UE) e da Organiza\u00e7\u00e3o dos Estados Americanos (OEA), al\u00e9m de outras cinco delega\u00e7\u00f5es nacionais para vigiar o processo.<\/p>\n<p class=\"postParagraph_post-paragraph__juWZN\">No pa\u00eds, vigora o sil\u00eancio eleitoral desde quinta-feira e o &#8220;auto de bom governo&#8221;, que desde sexta-feira pro\u00edbe aglomera\u00e7\u00f5es ou reuni\u00f5es em massa, e a venda de bebidas alco\u00f3licas.<\/p>\n<p class=\"postParagraph_post-paragraph__juWZN\">Al\u00e9m disso, no domingo estar\u00e1 proibida a circula\u00e7\u00e3o de ve\u00edculos que n\u00e3o possuam autoriza\u00e7\u00e3o do \u00f3rg\u00e3o eleitoral.<\/p>\n<\/div>\n<p><br \/>\n<br \/>Fonte: <a href=\"https:\/\/www.gazetadopovo.com.br\/mundo\/bolivianos-vao-as-urnas-em-eleicao-que-pode-encerrar-duas-decadas-de-governos-de-esquerda\/\">Revista Oeste<\/a><\/p>\n","protected":false},"excerpt":{"rendered":"<p>Os bolivianos v\u00e3o \u00e0s urnas neste domingo (17) para eleger o novo governo e Parlamento para o pr\u00f3ximo quinqu\u00eanio, em elei\u00e7\u00f5es gerais que podem marcar uma guinada pol\u00edtica para o centro ou a direita ap\u00f3s 20 anos de hegemonia dos governos de esquerda, comandados pelo Movimento ao Socialismo (MAS). Na Bol\u00edvia, 7.567.207 pessoas maiores de [&hellip;]<\/p>\n","protected":false},"author":5,"featured_media":37657,"comment_status":"open","ping_status":"open","sticky":false,"template":"","format":"standard","meta":{"_seopress_robots_primary_cat":"","_seopress_titles_title":"","_seopress_titles_desc":"","_seopress_robots_index":"","footnotes":""},"categories":[48],"tags":[],"class_list":["post-37656","post","type-post","status-publish","format-standard","has-post-thumbnail","hentry","category-internacional"],"_links":{"self":[{"href":"https:\/\/mussicom.com\/noticias\/wp-json\/wp\/v2\/posts\/37656","targetHints":{"allow":["GET"]}}],"collection":[{"href":"https:\/\/mussicom.com\/noticias\/wp-json\/wp\/v2\/posts"}],"about":[{"href":"https:\/\/mussicom.com\/noticias\/wp-json\/wp\/v2\/types\/post"}],"author":[{"embeddable":true,"href":"https:\/\/mussicom.com\/noticias\/wp-json\/wp\/v2\/users\/5"}],"replies":[{"embeddable":true,"href":"https:\/\/mussicom.com\/noticias\/wp-json\/wp\/v2\/comments?post=37656"}],"version-history":[{"count":0,"href":"https:\/\/mussicom.com\/noticias\/wp-json\/wp\/v2\/posts\/37656\/revisions"}],"wp:featuredmedia":[{"embeddable":true,"href":"https:\/\/mussicom.com\/noticias\/wp-json\/wp\/v2\/media\/37657"}],"wp:attachment":[{"href":"https:\/\/mussicom.com\/noticias\/wp-json\/wp\/v2\/media?parent=37656"}],"wp:term":[{"taxonomy":"category","embeddable":true,"href":"https:\/\/mussicom.com\/noticias\/wp-json\/wp\/v2\/categories?post=37656"},{"taxonomy":"post_tag","embeddable":true,"href":"https:\/\/mussicom.com\/noticias\/wp-json\/wp\/v2\/tags?post=37656"}],"curies":[{"name":"wp","href":"https:\/\/api.w.org\/{rel}","templated":true}]}}