{"id":37631,"date":"2025-08-16T15:49:19","date_gmt":"2025-08-16T18:49:19","guid":{"rendered":"https:\/\/mussicom.com\/conferencia-aprova-80-propostas-de-politicas-sobre-economia-solidaria\/"},"modified":"2025-08-16T15:49:19","modified_gmt":"2025-08-16T18:49:19","slug":"conferencia-aprova-80-propostas-de-politicas-sobre-economia-solidaria","status":"publish","type":"post","link":"https:\/\/mussicom.com\/noticias\/conferencia-aprova-80-propostas-de-politicas-sobre-economia-solidaria\/","title":{"rendered":"Confer\u00eancia aprova 80 propostas de pol\u00edticas sobre economia solid\u00e1ria"},"content":{"rendered":"<p> <br \/>\n<\/p>\n<div>\n<p>A 4\u00aa Confer\u00eancia Nacional de Economia Popular e Solid\u00e1ria (Conaes) terminou neste s\u00e1bado (16), no Centro de Treinamento da Confedera\u00e7\u00e3o Nacional dos Trabalhadores na Ind\u00fastria (CNTI), em Luzi\u00e2nia (GO), com a <strong>aprova\u00e7\u00e3o de 80 propostas de pol\u00edticas p\u00fablicas que ser\u00e3o entregues ao governo federal<\/strong>. O setor envolve iniciativas que adotam um modelo de autogest\u00e3o baseado no<strong> cooperativismo, na solidariedade e no com\u00e9rcio justo<\/strong>.<img decoding=\"async\" src=\"https:\/\/agenciabrasil.ebc.com.br\/ebc.gif?id=1654681&amp;o=node\" style=\"width:1px; height:1px; display:inline;\"\/><\/p>\n<p>O encontro foi aberto na quarta-feira (13)\u00a0e marcou a retomada da iniciativa de participa\u00e7\u00e3o social interrompida desde 2014, quando foi elaborado o 1\u00ba Plano Nacional de Economia Popular e Solid\u00e1ria.<\/p>\n<p>Segundo o\u00a0secret\u00e1rio nacional de Participa\u00e7\u00e3o Social, Renato Sim\u00f5es, al\u00e9m de promover uma atualiza\u00e7\u00e3o do Plano Nacional de Economia Popular e Solid\u00e1ria, <strong>a retomada do Conaes faz parte da Estrat\u00e9gia Nacional de Participa\u00e7\u00e3o Social<\/strong>, que, desde 2023, j\u00e1 restabeleceu 100 conselhos nacionais e retomou 28 confer\u00eancias realizadas no pa\u00eds com o objetivo de ouvir a popula\u00e7\u00e3o. \u201cFoi um processo muito rico de reconstru\u00e7\u00e3o dessa participa\u00e7\u00e3o desde a base at\u00e9 o plano nacional, na reconstru\u00e7\u00e3o das pol\u00edticas p\u00fablicas\u201d, afirmou durante o encerramento do encontro.<\/p>\n<p>O 4\u00ba Conaes sintetizou os debates e as sugest\u00f5es apresentadas nas <strong>etapas preparat\u00f3rias<\/strong>, quando foram realizadas <strong>185 confer\u00eancias locais, 27 estaduais e 14 tem\u00e1ticas e envolveram a participa\u00e7\u00e3o de 6 mil pessoas de 1.584 munic\u00edpios<\/strong>.<\/p>\n<p>As propostas aprovadas foram organizadas em quatro eixos tem\u00e1ticos:<\/p>\n<ol>\n<li>Produ\u00e7\u00e3o, comercializa\u00e7\u00e3o e consumo;<\/li>\n<li>Financiamento, cr\u00e9dito e finan\u00e7as p\u00fablicas;<\/li>\n<li>Educa\u00e7\u00e3o, forma\u00e7\u00e3o e assessoramento t\u00e9cnico;<\/li>\n<li>Ambiente institucional, legisla\u00e7\u00e3o, gest\u00e3o e integra\u00e7\u00e3o de pol\u00edticas p\u00fablicas.<\/li>\n<\/ol>\n<p>Entre as demandas apresentadas est\u00e3o a<strong> cria\u00e7\u00e3o de um Minist\u00e9rio da Economia Popular e Solid\u00e1ria, de centros p\u00fablicos de economia solid\u00e1ria nos munic\u00edpios e territ\u00f3rios, al\u00e9m de um Programa Nacional de Feiras da Economia Popular Solid\u00e1ria.<\/strong><\/p>\n<p><strong>As demandas preveem ainda um Sistema Nacional de Finan\u00e7as Solid\u00e1rias e um Fundo Rotativo Nacional de Economia Solid\u00e1ria, al\u00e9m da destina\u00e7\u00e3o de no m\u00ednimo 0,1% do Or\u00e7amento p\u00fablico para contrata\u00e7\u00e3o de assist\u00eancia t\u00e9cnica, forma\u00e7\u00e3o de educadores e outras iniciativas de apoio ao modelo de autogest\u00e3o.<\/strong><\/p>\n<p>A plen\u00e1ria final aprovou tamb\u00e9m 17 mo\u00e7\u00f5es a serem integradas no relat\u00f3rio da confer\u00eancia e encaminhadas aos \u00f3rg\u00e3os citados.<\/p>\n<p>      <!-- Relacionada --><\/p>\n<p>            <!-- Relacionada -->\n    <\/div>\n<p><br \/>\n<br \/>Fonte: <a href=\"https:\/\/agenciabrasil.ebc.com.br\/economia\/noticia\/2025-08\/conferencia-aprova-80-propostas-de-politicas-sobre-economia-solidaria\">Gazeta do Povo<\/a><\/p>\n","protected":false},"excerpt":{"rendered":"<p>A 4\u00aa Confer\u00eancia Nacional de Economia Popular e Solid\u00e1ria (Conaes) terminou neste s\u00e1bado (16), no Centro de Treinamento da Confedera\u00e7\u00e3o Nacional dos Trabalhadores na Ind\u00fastria (CNTI), em Luzi\u00e2nia (GO), com a aprova\u00e7\u00e3o de 80 propostas de pol\u00edticas p\u00fablicas que ser\u00e3o entregues ao governo federal. O setor envolve iniciativas que adotam um modelo de autogest\u00e3o baseado [&hellip;]<\/p>\n","protected":false},"author":5,"featured_media":37632,"comment_status":"open","ping_status":"open","sticky":false,"template":"","format":"standard","meta":{"_seopress_robots_primary_cat":"","_seopress_titles_title":"","_seopress_titles_desc":"","_seopress_robots_index":"","footnotes":""},"categories":[45],"tags":[],"class_list":["post-37631","post","type-post","status-publish","format-standard","has-post-thumbnail","hentry","category-economia"],"_links":{"self":[{"href":"https:\/\/mussicom.com\/noticias\/wp-json\/wp\/v2\/posts\/37631","targetHints":{"allow":["GET"]}}],"collection":[{"href":"https:\/\/mussicom.com\/noticias\/wp-json\/wp\/v2\/posts"}],"about":[{"href":"https:\/\/mussicom.com\/noticias\/wp-json\/wp\/v2\/types\/post"}],"author":[{"embeddable":true,"href":"https:\/\/mussicom.com\/noticias\/wp-json\/wp\/v2\/users\/5"}],"replies":[{"embeddable":true,"href":"https:\/\/mussicom.com\/noticias\/wp-json\/wp\/v2\/comments?post=37631"}],"version-history":[{"count":0,"href":"https:\/\/mussicom.com\/noticias\/wp-json\/wp\/v2\/posts\/37631\/revisions"}],"wp:featuredmedia":[{"embeddable":true,"href":"https:\/\/mussicom.com\/noticias\/wp-json\/wp\/v2\/media\/37632"}],"wp:attachment":[{"href":"https:\/\/mussicom.com\/noticias\/wp-json\/wp\/v2\/media?parent=37631"}],"wp:term":[{"taxonomy":"category","embeddable":true,"href":"https:\/\/mussicom.com\/noticias\/wp-json\/wp\/v2\/categories?post=37631"},{"taxonomy":"post_tag","embeddable":true,"href":"https:\/\/mussicom.com\/noticias\/wp-json\/wp\/v2\/tags?post=37631"}],"curies":[{"name":"wp","href":"https:\/\/api.w.org\/{rel}","templated":true}]}}