{"id":37547,"date":"2025-08-16T06:44:02","date_gmt":"2025-08-16T09:44:02","guid":{"rendered":"https:\/\/mussicom.com\/denzel-washington-afirma-nao-estar-tao-interessado-no-oscar-apos-vence-lo-duas-vezes\/"},"modified":"2025-08-16T06:44:02","modified_gmt":"2025-08-16T09:44:02","slug":"denzel-washington-afirma-nao-estar-tao-interessado-no-oscar-apos-vence-lo-duas-vezes","status":"publish","type":"post","link":"https:\/\/mussicom.com\/noticias\/denzel-washington-afirma-nao-estar-tao-interessado-no-oscar-apos-vence-lo-duas-vezes\/","title":{"rendered":"Denzel Washington afirma n\u00e3o estar &#8216;t\u00e3o interessado&#8217; no Oscar ap\u00f3s venc\u00ea-lo duas vezes"},"content":{"rendered":"<p> <br \/>\n<\/p>\n<div>\n<p data-end=\"726\" data-start=\"365\"><strong>Denzel Washington<\/strong> (<em>Malcolm X<\/em>), um dos nomes mais consagrados do cinema, revelou que a import\u00e2ncia do Oscar diminuiu para ele ao longo da carreira. Com duas estatuetas j\u00e1 conquistadas \u2014 Melhor Ator Coadjuvante por <em data-end=\"583\" data-start=\"566\">Tempo de Gl\u00f3ria<\/em> (1990) e Melhor Ator por <em data-end=\"629\" data-start=\"609\">Dia de Treinamento<\/em> (2002) \u2014 e sete outras indica\u00e7\u00f5es, o ator afirmou que n\u00e3o est\u00e1 \u201c<em>t\u00e3o interessado<\/em>\u201d na premia\u00e7\u00e3o.<\/p>\n<p data-end=\"1038\" data-start=\"728\">\u201c<em>Tenho feito isso h\u00e1 muito tempo, e houve momentos em que ganhei quando n\u00e3o deveria, n\u00e3o ganhei quando deveria&#8230; O homem d\u00e1 o pr\u00eamio, Deus d\u00e1 o pr\u00eamio. N\u00e3o estou t\u00e3o interessado no Oscar. Quando me perguntam \u2018onde voc\u00ea guarda?\u2019, eu respondo: \u2018Ao lado do outro\u2019<\/em>\u201d, disse em entrevista ao canal <em data-end=\"1035\" data-start=\"1021\">Jake\u2019s Takes<\/em>.<\/p>\n<p data-end=\"1226\" data-start=\"1040\"><strong>Washington<\/strong> ainda refor\u00e7ou que n\u00e3o se trata de arrog\u00e2ncia, mas de perspectiva. \u201c<em>N\u00e3o estou me gabando, s\u00f3 dizendo como me sinto. No meu \u00faltimo dia, n\u00e3o vai me servir de nada<\/em>\u201d, completou.<\/p>\n<p data-end=\"1631\" data-start=\"1228\">A declara\u00e7\u00e3o vem \u00e0s v\u00e9speras da estreia de <strong><em data-end=\"1289\" data-start=\"1271\">Highest 2 Lowest<\/em><\/strong>, nova colabora\u00e7\u00e3o com <strong>Spike Lee<\/strong> (<em>Infiltrado na Klan<\/em>), que chega aos cinemas em 15 de agosto e ao Apple TV+ no dia 22. O longa \u00e9 uma releitura de <em data-end=\"1429\" data-start=\"1414\">C\u00e9u e Inferno<\/em> (1963), de <strong>Akira Kurosawa<\/strong>, e traz <strong>Washington<\/strong> no papel de um poderoso magnata da m\u00fasica, conhecido como tendo \u201co melhor ouvido do mercado\u201d, que se v\u00ea alvo de um arriscado plano de sequestro e resgate.<\/p>\n<p data-end=\"1893\" data-start=\"1633\">O elenco ainda conta com <strong>A$AP Rocky<\/strong>, <strong>Jeffrey Wright<\/strong>, <strong>Ice Spice<\/strong> e <strong>Wendell Pierce<\/strong>. Segundo <strong>Lee<\/strong>, <strong>Washington<\/strong> tem comentado sobre a possibilidade de aposentadoria, o que poderia fazer deste o \u00faltimo trabalho conjunto da dupla, que j\u00e1 colaborou em cinco produ\u00e7\u00f5es.<\/p>\n<p data-end=\"2152\" data-start=\"1895\">Al\u00e9m dos Oscars conquistados, o ator tamb\u00e9m foi indicado por <em data-end=\"1979\" data-start=\"1956\">Um Grito de Liberdade<\/em> (1987), <em data-end=\"1999\" data-start=\"1988\">Malcolm X<\/em> (1992), <em data-end=\"2031\" data-start=\"2008\">Hurricane \u2013 O Furac\u00e3o<\/em> (1999), <em data-end=\"2047\" data-start=\"2040\">O Voo<\/em> (2012), <em data-end=\"2077\" data-start=\"2056\">Um Limite Entre N\u00f3s<\/em> (2016), <em data-end=\"2109\" data-start=\"2086\">Roman J. Israel, Esq.<\/em> (2017) e <em data-end=\"2142\" data-start=\"2119\">A Trag\u00e9dia de Macbeth<\/em> (2021).<\/p>\n<p><strong>Fonte:<\/strong>Deadline<\/p>\n<p><strong>LEIA TAMB\u00c9M:<\/strong>Highest 2 Lowest n\u00e3o \u00e9 o melhor ou o pior de Spike Lee &#8211; apenas uma chance de ver Denzel intenso<\/p>\n<blockquote class=\"amdb-polls\" contenteditable=\"false\" data-sid=\"\/polls\/14\/embed\/\">\n<p>Qual foi o melhor filme de 2025 at\u00e9 agora? Vote no seu favorito!<\/p>\n<ul>\n<li>Anora<\/li>\n<li>Conclave<\/li>\n<li>Flow<\/li>\n<li>O Brutalista<\/li>\n<li>Mickey 17<\/li>\n<li>Vit\u00f3ria<\/li>\n<li>Pecadores<\/li>\n<li>Thunderbolts*<\/li>\n<li>Homem com H<\/li>\n<li>Karat\u00ea Kid: Lendas<\/li>\n<li>Premoni\u00e7\u00e3o 6: La\u00e7os de Sangue<\/li>\n<li>Miss\u00e3o: Imposs\u00edvel &#8211; O Acerto Final<\/li>\n<li>Como Treinar o Seu Drag\u00e3o<\/li>\n<li>F1: O Filme<\/li>\n<li>Superman<\/li>\n<li>Quarteto Fant\u00e1stico: Primeiros Passos<\/li>\n<li>Amores Materialistas<\/li>\n<li>A Melhor M\u00e3e do Mundo<\/li>\n<li>Uma Sexta-Feira Mais Louca Ainda<\/li>\n<li>A Hora do Mal<\/li>\n<\/ul>\n<\/blockquote>\n<\/div>\n<p><br \/>\n<br \/>Fonte: <a href=\"https:\/\/rollingstone.com.br\/cinema\/denzel-washington-afirma-nao-estar-tao-interessado-no-oscar-apos-vence-lo-duas-vezes\/\">rollingstone.com.br<\/a><\/p>\n","protected":false},"excerpt":{"rendered":"<p>Denzel Washington (Malcolm X), um dos nomes mais consagrados do cinema, revelou que a import\u00e2ncia do Oscar diminuiu para ele ao longo da carreira. Com duas estatuetas j\u00e1 conquistadas \u2014 Melhor Ator Coadjuvante por Tempo de Gl\u00f3ria (1990) e Melhor Ator por Dia de Treinamento (2002) \u2014 e sete outras indica\u00e7\u00f5es, o ator afirmou que [&hellip;]<\/p>\n","protected":false},"author":5,"featured_media":37548,"comment_status":"open","ping_status":"open","sticky":false,"template":"","format":"standard","meta":{"_seopress_robots_primary_cat":"","_seopress_titles_title":"","_seopress_titles_desc":"","_seopress_robots_index":"","footnotes":""},"categories":[51],"tags":[],"class_list":["post-37547","post","type-post","status-publish","format-standard","has-post-thumbnail","hentry","category-musica"],"_links":{"self":[{"href":"https:\/\/mussicom.com\/noticias\/wp-json\/wp\/v2\/posts\/37547","targetHints":{"allow":["GET"]}}],"collection":[{"href":"https:\/\/mussicom.com\/noticias\/wp-json\/wp\/v2\/posts"}],"about":[{"href":"https:\/\/mussicom.com\/noticias\/wp-json\/wp\/v2\/types\/post"}],"author":[{"embeddable":true,"href":"https:\/\/mussicom.com\/noticias\/wp-json\/wp\/v2\/users\/5"}],"replies":[{"embeddable":true,"href":"https:\/\/mussicom.com\/noticias\/wp-json\/wp\/v2\/comments?post=37547"}],"version-history":[{"count":0,"href":"https:\/\/mussicom.com\/noticias\/wp-json\/wp\/v2\/posts\/37547\/revisions"}],"wp:featuredmedia":[{"embeddable":true,"href":"https:\/\/mussicom.com\/noticias\/wp-json\/wp\/v2\/media\/37548"}],"wp:attachment":[{"href":"https:\/\/mussicom.com\/noticias\/wp-json\/wp\/v2\/media?parent=37547"}],"wp:term":[{"taxonomy":"category","embeddable":true,"href":"https:\/\/mussicom.com\/noticias\/wp-json\/wp\/v2\/categories?post=37547"},{"taxonomy":"post_tag","embeddable":true,"href":"https:\/\/mussicom.com\/noticias\/wp-json\/wp\/v2\/tags?post=37547"}],"curies":[{"name":"wp","href":"https:\/\/api.w.org\/{rel}","templated":true}]}}