{"id":37479,"date":"2025-08-16T01:05:24","date_gmt":"2025-08-16T04:05:24","guid":{"rendered":"https:\/\/mussicom.com\/lula-se-encontra-com-funkeiro-investigado-por-show-com-crianca\/"},"modified":"2025-08-16T01:05:24","modified_gmt":"2025-08-16T04:05:24","slug":"lula-se-encontra-com-funkeiro-investigado-por-show-com-crianca","status":"publish","type":"post","link":"https:\/\/mussicom.com\/noticias\/lula-se-encontra-com-funkeiro-investigado-por-show-com-crianca\/","title":{"rendered":"Lula se encontra com funkeiro investigado por show com crian\u00e7a"},"content":{"rendered":"<p> <br \/>\n<\/p>\n<div>\n<p class=\"postParagraph_post-paragraph__juWZN\">O presidente Luiz In\u00e1cio Lula da Silva (PT) participou de um encontro m\u00fasicos do estilo brega no Recife nesta quinta-feira (14). O evento celebrou a recente lei do Dia Nacional do Brega. O prefeito Jo\u00e3o Campos (PSB) e o deputado federal Pedro Campos (PSB-PE) articularam o encontro. Participaram do evento Anderson Neiff, Conde S\u00f3 Brega e Dany Myler.<\/p>\n<p class=\"postParagraph_post-paragraph-innerHtml__Q5vwc\">Contudo, a presen\u00e7a de Anderson Neiff gerou controv\u00e9rsias. O MC participou de um evento do grupo <em>Os Neiffs<\/em>, em Cubati, na Para\u00edba, em 13 de julho. A Pol\u00edcia Civil investiga o caso. Durante a apresenta\u00e7\u00e3o, uma menina de 11 anos teria dan\u00e7ado com movimentos sensuais. Uma briga tamb\u00e9m ocorreu, resultando na morte de um adolescente e deixando dois feridos.<\/p>\n<div class=\"postImage_post-content-image__2CJdu\"><picture class=\"imageDefault_image-container__XGd8_\"><source type=\"image\/webp\" srcset=\"https:\/\/media.gazetadopovo.com.br\/2025\/08\/15173509\/lula-mc-1-1280x720.jpg.webp 1280w, https:\/\/media.gazetadopovo.com.br\/2025\/08\/15173509\/lula-mc-1-960x540.jpg.webp 960w, https:\/\/media.gazetadopovo.com.br\/2025\/08\/15173509\/lula-mc-1-660x372.jpg.webp 660w, https:\/\/media.gazetadopovo.com.br\/2025\/08\/15173509\/lula-mc-1-540x360.jpg.webp 540w, https:\/\/media.gazetadopovo.com.br\/2025\/08\/15173509\/lula-mc-1-380x214.jpg.webp 380w, https:\/\/media.gazetadopovo.com.br\/2025\/08\/15173509\/lula-mc-1-720x720.jpg.webp 720w, https:\/\/media.gazetadopovo.com.br\/2025\/08\/15173509\/lula-mc-1-540x540.jpg.webp 540w, https:\/\/media.gazetadopovo.com.br\/2025\/08\/15173509\/lula-mc-1-372x372.jpg.webp 372w, https:\/\/media.gazetadopovo.com.br\/2025\/08\/15173509\/lula-mc-1-214x214.jpg.webp 214w, https:\/\/media.gazetadopovo.com.br\/2025\/08\/15173509\/lula-mc-1.jpg.webp 1772w\" sizes=\"(max-width: 767px) 328px, 638px\"\/><source type=\"image\/jpeg\" srcset=\"https:\/\/media.gazetadopovo.com.br\/2025\/08\/15173509\/lula-mc-1-1280x720.jpg.webp 1280w, https:\/\/media.gazetadopovo.com.br\/2025\/08\/15173509\/lula-mc-1-960x540.jpg.webp 960w, https:\/\/media.gazetadopovo.com.br\/2025\/08\/15173509\/lula-mc-1-660x372.jpg.webp 660w, https:\/\/media.gazetadopovo.com.br\/2025\/08\/15173509\/lula-mc-1-540x360.jpg.webp 540w, https:\/\/media.gazetadopovo.com.br\/2025\/08\/15173509\/lula-mc-1-380x214.jpg.webp 380w, https:\/\/media.gazetadopovo.com.br\/2025\/08\/15173509\/lula-mc-1-720x720.jpg.webp 720w, https:\/\/media.gazetadopovo.com.br\/2025\/08\/15173509\/lula-mc-1-540x540.jpg.webp 540w, https:\/\/media.gazetadopovo.com.br\/2025\/08\/15173509\/lula-mc-1-372x372.jpg.webp 372w, https:\/\/media.gazetadopovo.com.br\/2025\/08\/15173509\/lula-mc-1-214x214.jpg.webp 214w, https:\/\/media.gazetadopovo.com.br\/2025\/08\/15173509\/lula-mc-1.jpg.webp 1772w\" sizes=\"(max-width: 767px) 328px, 638px\"\/><\/picture><i class=\"postImage_post-image-caption__yoE82\">Lula posa ao lado de MC Neiff durante encontro com artistas do brega no Recife.<!-- --> <!-- -->(Foto: Reprodu\u00e7\u00e3o\/Instagram Anderson Neiff)<\/i><\/div>\n<h2 class=\"postParagraph_post-paragraph__juWZN postParagraph_type-tag-h2__TtFkT\">Repercuss\u00e3o e cr\u00edticas pol\u00edticas<\/h2>\n<p class=\"postParagraph_post-paragraph__juWZN\">Apesar da pol\u00eamica, Dany Myler celebrou o encontro. Ela destacou que o evento representou \u201ca consagra\u00e7\u00e3o de uma cultura vibrante que pulsa no cora\u00e7\u00e3o do povo pernambucano, sustentando fam\u00edlias e transformando vidas\u201d. Neiff tamb\u00e9m compartilhou imagens e afirmou n\u00e3o se alinhar \u201cnem \u00e0 esquerda e nem \u00e0 direita\u201d.<\/p>\n<p class=\"postParagraph_post-paragraph__juWZN\">O presidente Lula, por sua vez, apareceu com Neiff usando \u00f3culos Juliet, s\u00edmbolo do brega funk. Entretanto, pol\u00edticos reagiram com cr\u00edticas. O vereador Rubinho Nunes (Uni\u00e3o Brasil-SP) criticou o encontro. Ele escreveu em uma rede social: \u201cLula se encontra com Anderson Neiff, funkeiro investigado por show onde menina de 11 anos dan\u00e7ou de forma sexualizada, que terminou com a morte de um adolescente de 17 anos em briga!\u201d.<\/p>\n<p class=\"postParagraph_post-paragraph__juWZN\">Nunes completou: \u201cSim, s\u00e3o esses que dizem querer combater a adultiza\u00e7\u00e3o e proteger as crian\u00e7as!\u201d. O ex-deputado Roberto Freire (PPS) tamb\u00e9m criticou Lula, questionando seu apoio ao youtuber Felca. O inqu\u00e9rito policial sobre o caso de Cubati apura a autoriza\u00e7\u00e3o da participa\u00e7\u00e3o da menina e as circunst\u00e2ncias do epis\u00f3dio.<\/p>\n<div class=\"postViewMore_post-view-more-container___5wai\" data-mrf-recirculation=\"Post - Veja tamb\u00e9m\">\n<p class=\"gp-styles-module-size-small-afeYRa gp-styles-module-font-family2-afeYRa gp-styles-module-color-secondary-afeYRa gp-styles-module-weight-bold-afeYRa\">VEJA TAMB\u00c9M:<\/p>\n<ul class=\"postViewMore_post-view-more-list__CU_CE\">\n<li class=\"postViewMore_post-view-more-item__2MzRb\"><span class=\"postViewMore_post-view-more-link-icon___stPC\"><svg xmlns=\"http:\/\/www.w3.org\/2000\/svg\" width=\"16\" height=\"16\" viewbox=\"0 0 16 16\"><rect width=\"16\" height=\"16\" fill=\"none\"\/><g transform=\"translate(3 3)\"><path d=\"M22.5,15l3.4,3.4-3.4,3.4\" transform=\"translate(-15.896 -11.793)\" fill=\"none\" stroke=\"#717171\" stroke-linecap=\"round\" stroke-width=\"1.4\"\/><path d=\"M6,6v4.2a2.452,2.452,0,0,0,2.5,2.4H16\" transform=\"translate(-6 -6)\" fill=\"none\" stroke=\"#717171\" stroke-linecap=\"round\" stroke-width=\"1.4\"\/><\/g><\/svg><\/span><span class=\"postViewMore_post-view-more-link-text__hO_kM\">Lula recua e apoiar\u00e1 proposta j\u00e1 em tramita\u00e7\u00e3o no Congresso para proteger crian\u00e7as online<\/span><\/li>\n<li class=\"postViewMore_post-view-more-item__2MzRb\"><span class=\"postViewMore_post-view-more-link-icon___stPC\"><svg xmlns=\"http:\/\/www.w3.org\/2000\/svg\" width=\"16\" height=\"16\" viewbox=\"0 0 16 16\"><rect width=\"16\" height=\"16\" fill=\"none\"\/><g transform=\"translate(3 3)\"><path d=\"M22.5,15l3.4,3.4-3.4,3.4\" transform=\"translate(-15.896 -11.793)\" fill=\"none\" stroke=\"#717171\" stroke-linecap=\"round\" stroke-width=\"1.4\"\/><path d=\"M6,6v4.2a2.452,2.452,0,0,0,2.5,2.4H16\" transform=\"translate(-6 -6)\" fill=\"none\" stroke=\"#717171\" stroke-linecap=\"round\" stroke-width=\"1.4\"\/><\/g><\/svg><\/span><span class=\"postViewMore_post-view-more-link-text__hO_kM\">Governo Lula \u00e9 absolutamente contra a \u201cadultiza\u00e7\u00e3o\u201d de crian\u00e7as<\/span><\/li>\n<\/ul>\n<\/div>\n<\/div>\n<p><br \/>\n<br \/>Fonte: <a href=\"https:\/\/www.gazetadopovo.com.br\/republica\/lula-se-encontra-com-mc-investigado-por-apresentacao-de-crianca-em-show-de-funk\/\">Revista Oeste<\/a><\/p>\n","protected":false},"excerpt":{"rendered":"<p>O presidente Luiz In\u00e1cio Lula da Silva (PT) participou de um encontro m\u00fasicos do estilo brega no Recife nesta quinta-feira (14). O evento celebrou a recente lei do Dia Nacional do Brega. O prefeito Jo\u00e3o Campos (PSB) e o deputado federal Pedro Campos (PSB-PE) articularam o encontro. Participaram do evento Anderson Neiff, Conde S\u00f3 Brega [&hellip;]<\/p>\n","protected":false},"author":5,"featured_media":37480,"comment_status":"open","ping_status":"open","sticky":false,"template":"","format":"standard","meta":{"_seopress_robots_primary_cat":"","_seopress_titles_title":"","_seopress_titles_desc":"","_seopress_robots_index":"","footnotes":""},"categories":[1],"tags":[],"class_list":["post-37479","post","type-post","status-publish","format-standard","has-post-thumbnail","hentry","category-ultimas-noticias"],"_links":{"self":[{"href":"https:\/\/mussicom.com\/noticias\/wp-json\/wp\/v2\/posts\/37479","targetHints":{"allow":["GET"]}}],"collection":[{"href":"https:\/\/mussicom.com\/noticias\/wp-json\/wp\/v2\/posts"}],"about":[{"href":"https:\/\/mussicom.com\/noticias\/wp-json\/wp\/v2\/types\/post"}],"author":[{"embeddable":true,"href":"https:\/\/mussicom.com\/noticias\/wp-json\/wp\/v2\/users\/5"}],"replies":[{"embeddable":true,"href":"https:\/\/mussicom.com\/noticias\/wp-json\/wp\/v2\/comments?post=37479"}],"version-history":[{"count":0,"href":"https:\/\/mussicom.com\/noticias\/wp-json\/wp\/v2\/posts\/37479\/revisions"}],"wp:featuredmedia":[{"embeddable":true,"href":"https:\/\/mussicom.com\/noticias\/wp-json\/wp\/v2\/media\/37480"}],"wp:attachment":[{"href":"https:\/\/mussicom.com\/noticias\/wp-json\/wp\/v2\/media?parent=37479"}],"wp:term":[{"taxonomy":"category","embeddable":true,"href":"https:\/\/mussicom.com\/noticias\/wp-json\/wp\/v2\/categories?post=37479"},{"taxonomy":"post_tag","embeddable":true,"href":"https:\/\/mussicom.com\/noticias\/wp-json\/wp\/v2\/tags?post=37479"}],"curies":[{"name":"wp","href":"https:\/\/api.w.org\/{rel}","templated":true}]}}