{"id":37276,"date":"2025-08-15T09:07:56","date_gmt":"2025-08-15T12:07:56","guid":{"rendered":"https:\/\/mussicom.com\/trump-pode-incluir-europa-em-reuniao-com-putin-e-zelensky\/"},"modified":"2025-08-15T09:07:56","modified_gmt":"2025-08-15T12:07:56","slug":"trump-pode-incluir-europa-em-reuniao-com-putin-e-zelensky","status":"publish","type":"post","link":"https:\/\/mussicom.com\/noticias\/trump-pode-incluir-europa-em-reuniao-com-putin-e-zelensky\/","title":{"rendered":"Trump pode incluir europa em reuni\u00e3o com Putin e Zelensky"},"content":{"rendered":"<p> <br \/>\n<\/p>\n<div>\n<p class=\"postParagraph_post-paragraph__juWZN\">O presidente dos Estados Unidos, Donald Trump, disse nesta quinta-feira (14) que poder\u00e1 convidar alguns chefes de Estado europeus para participar de uma futura reuni\u00e3o com o ditador da R\u00fassia, Vladimir Putin, e o presidente da Ucr\u00e2nia, Volodymyr Zelensky. A possibilidade foi levantada durante coletiva no Sal\u00e3o Oval, um dia antes do encontro que ter\u00e1 com o l\u00edder russo no Alasca.<\/p>\n<p class=\"postParagraph_post-paragraph__juWZN\">\u201c(Depois da reuni\u00e3o no Alasca) nos reuniremos com o presidente Putin, o presidente Zelensky e eu, e talvez tragamos alguns l\u00edderes europeus, ou talvez n\u00e3o. N\u00e3o sei\u201d, declarou.<\/p>\n<p class=\"postParagraph_post-paragraph__juWZN\">A reuni\u00e3o com Putin est\u00e1 marcada para esta sexta-feira (15) em Anchorage, cidade estrat\u00e9gica no Alasca que abriga uma base militar americana, \u00e0s 16:30 pelo hor\u00e1rio de Bras\u00edlia. O di\u00e1logo ser\u00e1 o primeiro cara a cara entre os dois desde 2019, quando se encontraram em Osaka, no Jap\u00e3o, durante o primeiro mandato de Trump. O republicano afirmou que espera uma \u201cboa reuni\u00e3o\u201d e deixou claro que o pr\u00f3ximo passo dever\u00e1 ser um encontro tripartite, incluindo Zelensky, para tentar avan\u00e7ar no fim da guerra.<\/p>\n<p class=\"postParagraph_post-paragraph-innerHtml__Q5vwc\">Em entrevista \u00e0 r\u00e1dio <em>Fox News<\/em>, Trump explicou que o encontro direto entre Putin e Zelensky depender\u00e1 do resultado desta conversa no Alasca. Ele estimou em \u201capenas 25%\u201d a chance de o encontro n\u00e3o ser produtivo e disse acreditar que o l\u00edder russo \u201cquer chegar a um acordo\u201d.<\/p>\n<p class=\"postParagraph_post-paragraph__juWZN\">Na quarta-feira (13), Trump teve uma videoconfer\u00eancia com Zelensky e com autoridades europeias, como a presidente da Comiss\u00e3o Europeia, Ursula von der Leyen; o presidente do Conselho Europeu, Ant\u00f3nio Costa; o secret\u00e1rio-geral da Otan, Mark Rutte; al\u00e9m de l\u00edderes nacionais como o alem\u00e3o Friedrich Merz e o franc\u00eas Emmanuel Macron. A reuni\u00e3o serviu para ouvir as posi\u00e7\u00f5es de aliados antes da conversa com Putin.<\/p>\n<p class=\"postParagraph_post-paragraph__juWZN\">O encontro no Alasca acontece em meio \u00e0 press\u00e3o de Washington sobre Moscou para suspender os ataques \u00e0 Ucr\u00e2nia. Trump j\u00e1 sinalizou que, caso n\u00e3o haja avan\u00e7os, poder\u00e1 endurecer as san\u00e7\u00f5es contra a R\u00fassia, que j\u00e1 enfrenta restri\u00e7\u00f5es econ\u00f4micas impostas por pa\u00edses ocidentais desde o in\u00edcio da invas\u00e3o.<\/p>\n<\/div>\n<p><br \/>\n<br \/>Fonte: <a href=\"https:\/\/www.gazetadopovo.com.br\/mundo\/trump-diz-que-pode-incluir-lideres-europeus-em-futura-cupula-com-putin-e-zelensky\/\">Revista Oeste<\/a><\/p>\n","protected":false},"excerpt":{"rendered":"<p>O presidente dos Estados Unidos, Donald Trump, disse nesta quinta-feira (14) que poder\u00e1 convidar alguns chefes de Estado europeus para participar de uma futura reuni\u00e3o com o ditador da R\u00fassia, Vladimir Putin, e o presidente da Ucr\u00e2nia, Volodymyr Zelensky. A possibilidade foi levantada durante coletiva no Sal\u00e3o Oval, um dia antes do encontro que ter\u00e1 [&hellip;]<\/p>\n","protected":false},"author":5,"featured_media":36313,"comment_status":"open","ping_status":"open","sticky":false,"template":"","format":"standard","meta":{"_seopress_robots_primary_cat":"","_seopress_titles_title":"","_seopress_titles_desc":"","_seopress_robots_index":"","footnotes":""},"categories":[48],"tags":[],"class_list":["post-37276","post","type-post","status-publish","format-standard","has-post-thumbnail","hentry","category-internacional"],"_links":{"self":[{"href":"https:\/\/mussicom.com\/noticias\/wp-json\/wp\/v2\/posts\/37276","targetHints":{"allow":["GET"]}}],"collection":[{"href":"https:\/\/mussicom.com\/noticias\/wp-json\/wp\/v2\/posts"}],"about":[{"href":"https:\/\/mussicom.com\/noticias\/wp-json\/wp\/v2\/types\/post"}],"author":[{"embeddable":true,"href":"https:\/\/mussicom.com\/noticias\/wp-json\/wp\/v2\/users\/5"}],"replies":[{"embeddable":true,"href":"https:\/\/mussicom.com\/noticias\/wp-json\/wp\/v2\/comments?post=37276"}],"version-history":[{"count":0,"href":"https:\/\/mussicom.com\/noticias\/wp-json\/wp\/v2\/posts\/37276\/revisions"}],"wp:featuredmedia":[{"embeddable":true,"href":"https:\/\/mussicom.com\/noticias\/wp-json\/wp\/v2\/media\/36313"}],"wp:attachment":[{"href":"https:\/\/mussicom.com\/noticias\/wp-json\/wp\/v2\/media?parent=37276"}],"wp:term":[{"taxonomy":"category","embeddable":true,"href":"https:\/\/mussicom.com\/noticias\/wp-json\/wp\/v2\/categories?post=37276"},{"taxonomy":"post_tag","embeddable":true,"href":"https:\/\/mussicom.com\/noticias\/wp-json\/wp\/v2\/tags?post=37276"}],"curies":[{"name":"wp","href":"https:\/\/api.w.org\/{rel}","templated":true}]}}