{"id":37226,"date":"2025-08-15T04:02:55","date_gmt":"2025-08-15T07:02:55","guid":{"rendered":"https:\/\/mussicom.com\/trump-chama-brasil-de-pessimo-parceiro-e-defende-bolsonaro\/"},"modified":"2025-08-15T04:02:55","modified_gmt":"2025-08-15T07:02:55","slug":"trump-chama-brasil-de-pessimo-parceiro-e-defende-bolsonaro","status":"publish","type":"post","link":"https:\/\/mussicom.com\/noticias\/trump-chama-brasil-de-pessimo-parceiro-e-defende-bolsonaro\/","title":{"rendered":"Trump chama Brasil de \u201cp\u00e9ssimo parceiro\u201d e defende Bolsonaro"},"content":{"rendered":"<p> <br \/>\n<\/p>\n<div>\n<p class=\"postParagraph_post-paragraph__juWZN\">O presidente americano, Donald Trump, afirmou nesta quinta-feira (14) que o Brasil \u00e9 um &#8220;p\u00e9ssimo parceiro comercial&#8221; e voltou a defender o ex-presidente Jair Messias Bolsonaro (PL) do processo que investiga uma suposta tentativa de golpe de Estado ap\u00f3s as elei\u00e7\u00f5es de 2022.<\/p>\n<p class=\"postParagraph_post-paragraph__juWZN\">&#8220;O Brasil tem sido um p\u00e9ssimo parceiro comercial em termos de tarifas \u2014 como voc\u00ea sabe, eles nos cobram tarifas enormes, muito, muito maiores do que as que n\u00f3s cobramos, e, basicamente, n\u00f3s nem est\u00e1vamos cobrando nada&#8221;, disse o republicano ao ser questionado sobre as tarifas aplicadas a pa\u00edses sul-americanos e suas rela\u00e7\u00f5es pr\u00f3ximas com a China, em coletiva de imprensa na Casa Branca.<\/p>\n<p class=\"postParagraph_post-paragraph__juWZN\">&#8220;Eles cobram tarifas enormes e tornaram tudo muito dif\u00edcil de fazer. Ent\u00e3o, agora est\u00e3o sendo cobrados 50% de tarifas, e n\u00e3o est\u00e3o felizes, mas \u00e9 assim que funciona&#8221;, afirmou.<\/p>\n<p class=\"postParagraph_post-paragraph__juWZN\">No dia 9 de julho, Trump anunciou tarifas de 50% ao Brasil \u2014 que entraram em vigor no dia 6 de agosto \u2014 ap\u00f3s enviar uma carta direcionada ao presidente Luiz In\u00e1cio Lula da Silva (PT). No documento, o republicano criticou a rela\u00e7\u00e3o comercial considerada injusta entre os pa\u00edses, e a postura do Supremo Tribunal Federal (STF) contra o ex-mandat\u00e1rio.<\/p>\n<p class=\"postParagraph_post-paragraph__juWZN\">Sobre o Bolsonaro, que atualmente est\u00e1 em pris\u00e3o domiciliar por decis\u00e3o do ministro do STF Alexandre de Moraes, o chefe da Casa Branca voltou a defend\u00ea-lo e elogi\u00e1-lo.<\/p>\n<p class=\"postParagraph_post-paragraph__juWZN\">&#8220;O Brasil tem algumas leis muito ruins acontecendo&#8230; Quando eles pegam um presidente e eles o colocam na pris\u00e3o ou est\u00e3o tentando prend\u00ea-lo. Eu conhe\u00e7o esse homem e vou lhe dizer \u2014 eu sou bom em avaliar pessoas: acho que ele \u00e9 um homem honesto. Acho que o que fizeram \u00e9 uma coisa\u2026 Isso \u00e9 realmente uma execu\u00e7\u00e3o pol\u00edtica que est\u00e3o tentando fazer com o Bolsonaro&#8221;.<\/p>\n<h2 class=\"postParagraph_post-paragraph__juWZN postParagraph_type-tag-h2__TtFkT\">Moraes afirmou que ignoraria san\u00e7\u00f5es<\/h2>\n<p class=\"postParagraph_post-paragraph__juWZN\">No dia 30 de julho, ap\u00f3s Moraes &#8220;e seus aliados&#8221; terem perdido o visto americano, o ministro relator do processo contra Bolsonaro foi alvo da Lei Magnitsky pelo Departamento de Estado americano. Ele foi inclu\u00eddo na lista da Ofac (Office of Foreign Assets Control), \u00f3rg\u00e3o do Tesouro dos EUA, acusado de liderar uma \u201ccampanha opressiva de censura\u201d e autorizar pris\u00f5es abusivas de r\u00e9us da invas\u00e3o do Congresso em 8 de janeiro de 2023.<\/p>\n<p class=\"postParagraph_post-paragraph__juWZN\">As san\u00e7\u00f5es contra o magistrado, segundo a nota do Tesouro Americano, incluem o bloqueio de seus bens nos Estados Unidos, a proibi\u00e7\u00e3o de transa\u00e7\u00f5es com cidad\u00e3os e empresas americanas e a exclus\u00e3o do sistema banc\u00e1rio internacional vinculado ao d\u00f3lar. Na pr\u00e1tica, a medida \u00e9 considerada uma esp\u00e9cie de \u201cpena de morte financeira\u201d.<\/p>\n<p class=\"postParagraph_post-paragraph__juWZN\">No come\u00e7o do m\u00eas, durante a sess\u00e3o de retomada dos trabalhos do STF ap\u00f3s o recesso judici\u00e1rio, Moraes afirmou que seguir\u00e1 com a mesma condu\u00e7\u00e3o dos processos referentes \u00e0 suposta tentativa de golpe e que\u00a0ir\u00e1 ignorar as san\u00e7\u00f5es impostas a ele.<\/p>\n<p class=\"postParagraph_post-paragraph__juWZN\">\u201cO rito processual do STF ir\u00e1 ignorar as san\u00e7\u00f5es praticadas. Esse relator vai ignorar as san\u00e7\u00f5es que foram aplicadas e continuar trabalhando como vem fazendo tanto no Plen\u00e1rio quanto na Primeira Turma, sempre de forma colegiada, diferentemente das mentiras, inverdades e desinforma\u00e7\u00e3o das redes sociais\u201d, afirmou sob o\u00a0apoio do presidente da Corte, Lu\u00eds Roberto Barroso, e do decano do STF, Gilmar Mendes.<\/p>\n<h2 class=\"postParagraph_post-paragraph__juWZN postParagraph_type-tag-h2__TtFkT\">Processos contra Bolsonaro<\/h2>\n<p class=\"postParagraph_post-paragraph__juWZN\">No dia 4 de agosto, Moraes imp\u00f4s pris\u00e3o domiciliar a Bolsonaro ap\u00f3s considerar que o ex-mandat\u00e1rio descumpriu medidas cautelares que ele havia imposto, que inclu\u00edam recolhimento domiciliar noturno, uso de tornozeleira eletr\u00f4nica e proibi\u00e7\u00e3o total de usar redes sociais, em um processo que apurava\u00a0tentativas de interfer\u00eancia de autoridades estrangeiras no Judici\u00e1rio brasileiro.<\/p>\n<p class=\"postParagraph_post-paragraph__juWZN\">Moraes afirmou que o ex-presidente burlou sistematicamente essas restri\u00e7\u00f5es ao produzir conte\u00fado em manifesta\u00e7\u00f5es e eventos para ser posteriormente publicado nas contas dos filhos e apoiadores pol\u00edticos, mantendo o mesmo padr\u00e3o de conduta que motivou as investiga\u00e7\u00f5es.<\/p>\n<p class=\"postParagraph_post-paragraph__juWZN\">Bolsonaro tamb\u00e9m \u00e9 r\u00e9u no Supremo no processo que investiga a suposta tentativa de golpe de Estado. O ex-presidente que governou o pa\u00eds entre 2019 e 2022 j\u00e1 foi interrogado por Moraes no STF e afirmou que sempre atuou \u201cdentro das quatro linhas\u201d da Constitui\u00e7\u00e3o, destacou que golpe de Estado &#8220;\u00e9 uma coisa abomin\u00e1vel&#8221; e reiterou que a possibilidade de ruptura institucional &#8220;nem sequer foi cogitada&#8221; em seu governo.<\/p>\n<p class=\"postParagraph_post-paragraph__juWZN\">Nesta a\u00e7\u00e3o penal, al\u00e9m de Bolsonaro, se tornaram r\u00e9us Alexandre Ramagem, deputado federal e ex-diretor da Abin, Almir Garnier, ex-comandante da Marinha, Anderson Torres, ex-ministro da Justi\u00e7a, Augusto Heleno, ex-ministro do Gabinete de Seguran\u00e7a Institucional, Mauro Cid, ex-ajudante de ordens de Bolsonaro, Paulo S\u00e9rgio Nogueira, ex-ministro da Defesa e Walter Braga Netto, ex-ministro da Casa Civil.<\/p>\n<h2 class=\"postParagraph_post-paragraph__juWZN postParagraph_type-tag-h2__TtFkT\">Trump j\u00e1 defendeu Bolsonaro em outras ocasi\u00f5es<\/h2>\n<p class=\"postParagraph_post-paragraph__juWZN\">N\u00e3o \u00e9 a primeira vez que o presidente americano sai em defesa de Bolsonaro. No m\u00eas passado, Trump j\u00e1 havia afirmado, em mais de uma ocasi\u00e3o, que Bolsonaro era inocente, um bom negociador e que ia acompanhar seu caso de perto.<\/p>\n<p class=\"postParagraph_post-paragraph__juWZN\">&#8220;O Brasil est\u00e1 fazendo uma coisa terr\u00edvel no tratamento ao ex-presidente Jair Bolsonaro. Eu tenho assistido, assim como o mundo, como eles n\u00e3o fizeram nada al\u00e9m de ir atr\u00e1s dele, dia ap\u00f3s dia, noite ap\u00f3s noite, m\u00eas ap\u00f3s m\u00eas, ano ap\u00f3s ano!&#8221;, afirmou Trump em sua rede social, a Truth Social, no dia 7 de julho.<\/p>\n<p class=\"postParagraph_post-paragraph__juWZN\">Na ocasi\u00e3o, ele destacou que o &#8220;\u00fanico julgamento que deveria estar acontecendo \u00e9 um julgamento pelos eleitores do Brasil&#8221; e que Bolsonaro &#8220;n\u00e3o \u00e9 culpado de nada, exceto por ter lutado pelo povo&#8221;.<\/p>\n<p class=\"postParagraph_post-paragraph__juWZN\">Ele tamb\u00e9m comparou a &#8220;persegui\u00e7\u00e3o pol\u00edtica&#8221; que o ex-presidente vem sofrendo, com a que ele alega ter sofrido antes das elei\u00e7\u00f5es americanas ano passado e pediu reiteradamente para que &#8220;deixem Bolsonaro em paz!&#8221;.<\/p>\n<p class=\"postParagraph_post-paragraph__juWZN\">&#8220;Sua elei\u00e7\u00e3o foi muito apertada e agora, ele est\u00e1 liderando nas pesquisas. Isso n\u00e3o \u00e9 nada mais, nada menos, do que um ataque a um oponente pol\u00edtico \u2014 algo que eu sei muito sobre! Aconteceu comigo, vezes 10, e agora nosso pa\u00eds \u00e9 o &#8216;MAIS QUENTE&#8217; do mundo!&#8221;.<\/p>\n<\/div>\n<p><br \/>\n<br \/>Fonte: <a href=\"https:\/\/www.gazetadopovo.com.br\/mundo\/trump-diz-que-brasil-e-pessimo-parceiro-comercial-e-que-bolsonaro-sofre-execucao-politica\/\">Revista Oeste<\/a><\/p>\n","protected":false},"excerpt":{"rendered":"<p>O presidente americano, Donald Trump, afirmou nesta quinta-feira (14) que o Brasil \u00e9 um &#8220;p\u00e9ssimo parceiro comercial&#8221; e voltou a defender o ex-presidente Jair Messias Bolsonaro (PL) do processo que investiga uma suposta tentativa de golpe de Estado ap\u00f3s as elei\u00e7\u00f5es de 2022. &#8220;O Brasil tem sido um p\u00e9ssimo parceiro comercial em termos de tarifas [&hellip;]<\/p>\n","protected":false},"author":5,"featured_media":37227,"comment_status":"open","ping_status":"open","sticky":false,"template":"","format":"standard","meta":{"_seopress_robots_primary_cat":"","_seopress_titles_title":"","_seopress_titles_desc":"","_seopress_robots_index":"","footnotes":""},"categories":[48],"tags":[],"class_list":["post-37226","post","type-post","status-publish","format-standard","has-post-thumbnail","hentry","category-internacional"],"_links":{"self":[{"href":"https:\/\/mussicom.com\/noticias\/wp-json\/wp\/v2\/posts\/37226","targetHints":{"allow":["GET"]}}],"collection":[{"href":"https:\/\/mussicom.com\/noticias\/wp-json\/wp\/v2\/posts"}],"about":[{"href":"https:\/\/mussicom.com\/noticias\/wp-json\/wp\/v2\/types\/post"}],"author":[{"embeddable":true,"href":"https:\/\/mussicom.com\/noticias\/wp-json\/wp\/v2\/users\/5"}],"replies":[{"embeddable":true,"href":"https:\/\/mussicom.com\/noticias\/wp-json\/wp\/v2\/comments?post=37226"}],"version-history":[{"count":0,"href":"https:\/\/mussicom.com\/noticias\/wp-json\/wp\/v2\/posts\/37226\/revisions"}],"wp:featuredmedia":[{"embeddable":true,"href":"https:\/\/mussicom.com\/noticias\/wp-json\/wp\/v2\/media\/37227"}],"wp:attachment":[{"href":"https:\/\/mussicom.com\/noticias\/wp-json\/wp\/v2\/media?parent=37226"}],"wp:term":[{"taxonomy":"category","embeddable":true,"href":"https:\/\/mussicom.com\/noticias\/wp-json\/wp\/v2\/categories?post=37226"},{"taxonomy":"post_tag","embeddable":true,"href":"https:\/\/mussicom.com\/noticias\/wp-json\/wp\/v2\/tags?post=37226"}],"curies":[{"name":"wp","href":"https:\/\/api.w.org\/{rel}","templated":true}]}}