{"id":37087,"date":"2025-08-14T16:31:01","date_gmt":"2025-08-14T19:31:01","guid":{"rendered":"https:\/\/mussicom.com\/gazeta-do-povo-ultimas-noticias-do-brasil-e-do-mundo-3\/"},"modified":"2025-08-14T16:31:01","modified_gmt":"2025-08-14T19:31:01","slug":"gazeta-do-povo-ultimas-noticias-do-brasil-e-do-mundo-3","status":"publish","type":"post","link":"https:\/\/mussicom.com\/noticias\/gazeta-do-povo-ultimas-noticias-do-brasil-e-do-mundo-3\/","title":{"rendered":"Gazeta do Povo | \u00daltimas not\u00edcias do Brasil e do Mundo"},"content":{"rendered":"<p> <br \/>\n<\/p>\n<div>\n<p class=\"postParagraph_post-paragraph__juWZN\">A possibilidade de os Estados Unidos estenderem a outros ministros do Supremo Tribunal Federal (STF) a san\u00e7\u00e3o aplicada a Alexandre de Moraes, um desalento pessoal, e o interesse por uma vaga no tribunal, fizeram crescer, em Bras\u00edlia, as especula\u00e7\u00f5es sobre um poss\u00edvel plano de Lu\u00eds Roberto Barroso de deixar o cargo de ministro.<\/p>\n<p class=\"postParagraph_post-paragraph__juWZN\">H\u00e1 12 anos no STF, o atual presidente do STF tem 67 anos e pode ficar na Corte at\u00e9 mar\u00e7o de 2033, quando completa 75, idade da aposentadoria compuls\u00f3ria. Nada impede que saia antes, no entanto, se quiser.<\/p>\n<p class=\"postParagraph_post-paragraph__juWZN\">O rumor de uma sa\u00edda antecipada \u00e9 refor\u00e7ado pelo interesse de aspirantes \u00e0 vaga que seria aberta, e que j\u00e1 se movimentam para ventilar &#8211; por meio de interlocutores, no meio pol\u00edtico e jur\u00eddico e tamb\u00e9m na imprensa &#8211; que seriam \u201ccotados\u201d ou \u201cfavoritos\u201d para ocupar a cadeira.<\/p>\n<p class=\"postParagraph_post-paragraph__juWZN\">Desde 2022, ap\u00f3s presidir o Tribunal Superior Eleitoral (TSE), Barroso passou a ser alvo de hostilidades mais intensas, nas redes sociais e nas ruas, inclusive fora do Brasil, por suas declara\u00e7\u00f5es. As mais embara\u00e7osas foram o \u201cperdeu, man\u00e9!\u201d, em 15 de novembro de 2022, que ele disse para um eleitor do ex-presidente Jair Bolsonaro que o importunava em Nova York; e o \u201cn\u00f3s derrotamos o bolsonarismo\u201d, em discurso exaltado para estudantes esquerdistas, que o vaiavam durante evento da UNE Bras\u00edlia, em julho de 2023.<\/p>\n<p class=\"postParagraph_post-paragraph__juWZN\">A animosidade popular contra o STF e sua atua\u00e7\u00e3o em particular aumentou, o que tem frustrado o ministro no autodeclarado esfor\u00e7o de \u201crecivilizar\u201d o pa\u00eds.<\/p>\n<p class=\"postParagraph_post-paragraph__juWZN\">Nos \u00faltimos meses, advogados que circulam em Bras\u00edlia e t\u00eam contato com Barroso dizem que ele anda desanimado e cogita deixar o cargo ap\u00f3s seu mandato como presidente do STF, que termina no fim de setembro. Interlocutores mais pr\u00f3ximos, no entanto, dizem que, nas \u00faltimas semanas, ele tem se mostrado mais disposto a ficar.<\/p>\n<p class=\"postParagraph_post-paragraph__juWZN\">Um fator que pesa \u00e9 a amea\u00e7a de novas san\u00e7\u00f5es dos EUA. Sem o cargo de ministro do STF, ele ficaria mais exposto a ofensivas pol\u00edticas externas e internas. Uma solu\u00e7\u00e3o, j\u00e1 aventada por gente no governo, \u00e9 dar a ele uma embaixada na Europa. Com isso, manteria o foro privilegiado e ficaria longe de intrigas no Brasil.<\/p>\n<p class=\"postParagraph_post-paragraph__juWZN\">Uma ideia \u00e9 Barroso ficar por mais alguns meses \u201cat\u00e9 a poeira abaixar\u201d, nas palavras de um conhecido, aguardando, por exemplo, que o Tribunal de Contas da Uni\u00e3o (TCU) aprove as contas do STF durante sua gest\u00e3o, em 2026.<\/p>\n<div class=\"postViewMore_post-view-more-container___5wai\" data-mrf-recirculation=\"Post - Veja tamb\u00e9m\">\n<p class=\"gp-styles-module-size-small-afeYRa gp-styles-module-font-family2-afeYRa gp-styles-module-color-secondary-afeYRa gp-styles-module-weight-bold-afeYRa\">VEJA TAMB\u00c9M:<\/p>\n<ul class=\"postViewMore_post-view-more-list__CU_CE\">\n<li class=\"postViewMore_post-view-more-item__2MzRb\">\n<div class=\"postViewMore_post-view-more-image__5gUSe\"><picture class=\"imageDefault_image-container__XGd8_\"><\/picture><\/div>\n<p>Escalada da crise com os EUA desafia Congresso Nacional a romper seu impasse e reagir<\/li>\n<li class=\"postViewMore_post-view-more-item__2MzRb\">\n<div class=\"postViewMore_post-view-more-image__5gUSe\"><picture class=\"imageDefault_image-container__XGd8_\"><img decoding=\"async\" class=\"imageDefault_image-item__lU2Dk\" src=\"https:\/\/media.gazetadopovo.com.br\/2025\/08\/12164350\/marcelo-camargo-2-380x214.jpg.webp\" alt=\"Fachin promete defesa firme da democracia e dos direitos humanos ao assumir o\u00a0comando\u00a0do\u00a0STF.\" width=\"72\" height=\"72\"\/><\/picture><\/div>\n<p>\u00c0s v\u00e9speras de assumir o STF, Fachin condena \u201ceros\u00e3o democr\u00e1tica\u201d<\/li>\n<\/ul>\n<\/div>\n<h2 class=\"postParagraph_post-paragraph__juWZN postParagraph_type-tag-h2__TtFkT\">Barroso tem rela\u00e7\u00e3o antiga com os EUA<\/h2>\n<p class=\"postParagraph_post-paragraph__juWZN\">A recente san\u00e7\u00e3o a Alexandre de Moraes no \u00e2mbito da Lei Magnitsky Global, seguida da suspens\u00e3o de vistos do ministro e seus familiares, elevou a desola\u00e7\u00e3o de Barroso.<\/p>\n<p class=\"postParagraph_post-paragraph-innerHtml__Q5vwc\">O ministro tem rela\u00e7\u00e3o afetuosa, de longa data, com os EUA. Quando era adolescente, fez interc\u00e2mbio e passou uma temporada morando com uma fam\u00edlia americana. Em 1989, concluiu seu mestrado na Faculdade de Direito de Yale, em Connecticut. Nessa \u00e9poca, tornou-se advogado associado do escrit\u00f3rio norte-americano Arnold &amp; Porter.<\/p>\n<p class=\"postParagraph_post-paragraph__juWZN\">Desde 2011, \u00e9 professor visitante da Escola de Direito de Harvard, para onde costuma ir todos os anos para um per\u00edodo de estudos, palestras e para escrever artigos.<\/p>\n<p class=\"postParagraph_post-paragraph__juWZN\">Em janeiro deste ano, por exemplo, esteve na Harvard Kennedy School, em Yale e Princeton, para defender o papel do STF na \u201cdefesa da democracia e na resist\u00eancia institucional ao populismo autorit\u00e1rio\u201d.<\/p>\n<p class=\"postParagraph_post-paragraph-innerHtml__Q5vwc\">Barroso tem amigos nos EUA e contato frequente com acad\u00eamicos e intelectuais, os quais costuma trazer ao Brasil para palestras no STF \u2013 a convite dele, j\u00e1 veio ao pa\u00eds, por exemplo, o professor de Filosofia de Harvard e<em> best-seller<\/em> Michael Sandel.<\/p>\n<p class=\"postParagraph_post-paragraph__juWZN\">A filha, Luna, fez mestrado em Yale, e o filho, Bernardo, \u00e9 diretor do BTG Pactual em Miami. Neste m\u00eas, Barroso recomendou que ele voltasse ao Brasil ap\u00f3s as f\u00e9rias na Europa, por receio de que o filho fosse barrado na imigra\u00e7\u00e3o.<\/p>\n<p class=\"postParagraph_post-paragraph__juWZN\">At\u00e9 hoje a fam\u00edlia n\u00e3o sabe ao certo se est\u00e1 sem visto e, assim como outros ministros, Barroso teme ser sancionado na Magnitsky, que imp\u00f5e severas restri\u00e7\u00f5es financeiras em transa\u00e7\u00f5es internacionais \u2013 o ministro tem um im\u00f3vel declarado na Fl\u00f3rida.<\/p>\n<h2 class=\"postParagraph_post-paragraph__juWZN postParagraph_type-tag-h2__TtFkT\">Destino de Barroso no STF \u00e9 outro fator que pesa pela sa\u00edda<\/h2>\n<p class=\"postParagraph_post-paragraph__juWZN\">Outro fator que pesa a favor da sa\u00edda \u00e9 o destino de Barroso no STF ap\u00f3s deixar a presid\u00eancia: a Segunda Turma, formada hoje por Gilmar Mendes, Dias Toffoli, Kassio Nunes Marques, Andr\u00e9 Mendon\u00e7a e Edson Fachin. Barroso ocuparia a vaga de Fachin, que assumir\u00e1 a presid\u00eancia do STF e herda tamb\u00e9m seus processos.<\/p>\n<p class=\"postParagraph_post-paragraph__juWZN\">Com isso, Barroso ficar\u00e1 tamb\u00e9m com as a\u00e7\u00f5es que restam da extinta Lava Jato, que tem sido aniquilada h\u00e1 anos pelo trio Gilmar-Toffoli-Kassio. Apesar de manter rela\u00e7\u00e3o cordial, Barroso n\u00e3o \u00e9 t\u00e3o pr\u00f3ximo dos futuros colegas de Segunda Turma, que nunca ocupou desde que chegou \u00e0 Corte, em 2013.<\/p>\n<p class=\"postParagraph_post-paragraph__juWZN\">No colegiado, Barroso, que j\u00e1 defendeu com unhas e dentes a opera\u00e7\u00e3o e o combate firme \u00e0 corrup\u00e7\u00e3o, sofreria derrotas sucessivas com os processos remanescentes. Do ponto de vista simb\u00f3lico, encerraria melhor sua carreira no STF pela porta da presid\u00eancia, como fez sua antecessora, Rosa Weber.<\/p>\n<p class=\"postParagraph_post-paragraph__juWZN\">Deixaria como legado decis\u00f5es como a descriminaliza\u00e7\u00e3o do uso da maconha, o plano para reduzir a viol\u00eancia policial nas favelas e a maior responsabiliza\u00e7\u00e3o das redes sociais por conte\u00fados nocivos e &#8220;antidemocr\u00e1ticos&#8221;; al\u00e9m de uma s\u00e9rie de projetos que implementou no comando do Judici\u00e1rio, com destaque para a promo\u00e7\u00e3o de negros e mulheres na magistratura e o incentivo ao uso da linguagem simples nos tribunais.<\/p>\n<div class=\"postViewMore_post-view-more-container___5wai\" data-mrf-recirculation=\"Post - Veja tamb\u00e9m\">\n<p class=\"gp-styles-module-size-small-afeYRa gp-styles-module-font-family2-afeYRa gp-styles-module-color-secondary-afeYRa gp-styles-module-weight-bold-afeYRa\">VEJA TAMB\u00c9M:<\/p>\n<ul class=\"postViewMore_post-view-more-list__CU_CE\">\n<li class=\"postViewMore_post-view-more-item__2MzRb\">\n<div class=\"postViewMore_post-view-more-image__5gUSe\"><picture class=\"imageDefault_image-container__XGd8_\"><img decoding=\"async\" class=\"imageDefault_image-item__lU2Dk\" src=\"https:\/\/media.gazetadopovo.com.br\/2025\/08\/12170133\/relatorio.eua_.dh_-380x214.jpg.webp\" alt=\"\" width=\"72\" height=\"72\"\/><\/picture><\/div>\n<p>Relat\u00f3rio dos EUA aponta \u201cdecl\u00ednio\u201d dos direitos humanos no Brasil e cita Lula e Moraes<\/li>\n<li class=\"postViewMore_post-view-more-item__2MzRb\">\n<div class=\"postViewMore_post-view-more-image__5gUSe\"><picture class=\"imageDefault_image-container__XGd8_\"><img decoding=\"async\" class=\"imageDefault_image-item__lU2Dk\" src=\"https:\/\/media.gazetadopovo.com.br\/2025\/08\/12155608\/Marcelo-Camargo-380x214.jpg.webp\" alt=\"Gilmar Mendes diz que fim do foro privilegiado pode ampliar abusos e sobrecarregar o STF.\" width=\"72\" height=\"72\"\/><\/picture><\/div>\n<p>Gilmar Mendes admite conversas sobre efeitos das san\u00e7\u00f5es da Magnitsky<\/li>\n<\/ul>\n<\/div>\n<h2 class=\"postParagraph_post-paragraph__juWZN postParagraph_type-tag-h2__TtFkT\">Aspirantes a ministro se movimentam para herdar vaga de Barroso no STF<\/h2>\n<p class=\"postParagraph_post-paragraph__juWZN\">O rumor de que Barroso poderia sair, de qualquer modo, levou aspirantes a uma vaga no STF a se movimentar em Bras\u00edlia. Hoje, os mais interessados s\u00e3o o advogado-geral da Uni\u00e3o, Jorge Messias; o senador Rodrigo Pacheco (PSD-MG); o ministro do TCU Bruno Dantas; e o ministro da Controladoria-Geral da Uni\u00e3o, Vin\u00edcius Carvalho.<\/p>\n<p class=\"postParagraph_post-paragraph__juWZN\">O primeiro tem a simpatia do governo, do PT e do grupo de advogados lulistas Prerrogativas, em raz\u00e3o da defesa ferrenha de Lula em qualquer tema pol\u00edtico. Nas palavras de um advogado influente no meio jur\u00eddico, seria mais governista que Cristiano Zanin e Fl\u00e1vio Dino, os dois \u00faltimos indicados do presidente.<\/p>\n<p class=\"postParagraph_post-paragraph__juWZN\">J\u00e1 Pacheco tem simpatia dentro do STF, porque blindou os ministros no per\u00edodo que presidiu o Senado, recusando sucessivos pedidos de impeachment \u2013 gostam dele Barroso, Moraes, C\u00e1rmen L\u00facia e Luiz Fux; mas existe a avalia\u00e7\u00e3o que Lula n\u00e3o abrir\u00e1 m\u00e3o dele porque precisa ter um palanque em Minas em 2026 \u2013 o senador quer o governo estadual, embora prefira a cadeira vital\u00edcia do STF.<\/p>\n<p class=\"postParagraph_post-paragraph__juWZN\">Dantas tem o apoio do Centr\u00e3o \u2013 ex-consultor do Senado, chegou ao TCU pelas m\u00e3os de Renan Calheiros (PMDB-AL) \u2013, mas hoje est\u00e1 em baixa e cogitaria deixar o servi\u00e7o p\u00fablico para atuar na iniciativa privada. J\u00e1 Vin\u00edcius Carvalho tem apoio de uma ala minorit\u00e1ria do Prerrogativas e de Gilmar Mendes, o decano do STF, mas \u00e9 considerado muito t\u00e9cnico e pouco pol\u00edtico para o cargo.<\/p>\n<p class=\"postParagraph_post-paragraph__juWZN\">A campanha antecipada pela vaga \u2013 sempre acirrada quando surge uma cadeira \u2013tamb\u00e9m tem contribu\u00eddo para Barroso recuar da cogita\u00e7\u00e3o de sair do STF. Quanto mais tempo demorar uma eventual sa\u00edda, mais candidatos surgir\u00e3o e, com isso, mais especula\u00e7\u00f5es e notas plantadas na imprensa de um pretendente contra o outro.<\/p>\n<\/div>\n<p><br \/>\n<br \/>Fonte: <a href=\"https:\/\/www.gazetadopovo.com.br\/republica\/interesse-por-vaga-faz-crescer-especulacoes-sobre-possivel-saida-de-barroso-do-stf\/\">Revista Oeste<\/a><\/p>\n","protected":false},"excerpt":{"rendered":"<p>A possibilidade de os Estados Unidos estenderem a outros ministros do Supremo Tribunal Federal (STF) a san\u00e7\u00e3o aplicada a Alexandre de Moraes, um desalento pessoal, e o interesse por uma vaga no tribunal, fizeram crescer, em Bras\u00edlia, as especula\u00e7\u00f5es sobre um poss\u00edvel plano de Lu\u00eds Roberto Barroso de deixar o cargo de ministro. H\u00e1 12 [&hellip;]<\/p>\n","protected":false},"author":5,"featured_media":37066,"comment_status":"open","ping_status":"open","sticky":false,"template":"","format":"standard","meta":{"_seopress_robots_primary_cat":"","_seopress_titles_title":"","_seopress_titles_desc":"","_seopress_robots_index":"","footnotes":""},"categories":[1],"tags":[],"class_list":["post-37087","post","type-post","status-publish","format-standard","has-post-thumbnail","hentry","category-ultimas-noticias"],"_links":{"self":[{"href":"https:\/\/mussicom.com\/noticias\/wp-json\/wp\/v2\/posts\/37087","targetHints":{"allow":["GET"]}}],"collection":[{"href":"https:\/\/mussicom.com\/noticias\/wp-json\/wp\/v2\/posts"}],"about":[{"href":"https:\/\/mussicom.com\/noticias\/wp-json\/wp\/v2\/types\/post"}],"author":[{"embeddable":true,"href":"https:\/\/mussicom.com\/noticias\/wp-json\/wp\/v2\/users\/5"}],"replies":[{"embeddable":true,"href":"https:\/\/mussicom.com\/noticias\/wp-json\/wp\/v2\/comments?post=37087"}],"version-history":[{"count":0,"href":"https:\/\/mussicom.com\/noticias\/wp-json\/wp\/v2\/posts\/37087\/revisions"}],"wp:featuredmedia":[{"embeddable":true,"href":"https:\/\/mussicom.com\/noticias\/wp-json\/wp\/v2\/media\/37066"}],"wp:attachment":[{"href":"https:\/\/mussicom.com\/noticias\/wp-json\/wp\/v2\/media?parent=37087"}],"wp:term":[{"taxonomy":"category","embeddable":true,"href":"https:\/\/mussicom.com\/noticias\/wp-json\/wp\/v2\/categories?post=37087"},{"taxonomy":"post_tag","embeddable":true,"href":"https:\/\/mussicom.com\/noticias\/wp-json\/wp\/v2\/tags?post=37087"}],"curies":[{"name":"wp","href":"https:\/\/api.w.org\/{rel}","templated":true}]}}