{"id":37075,"date":"2025-08-14T15:24:56","date_gmt":"2025-08-14T18:24:56","guid":{"rendered":"https:\/\/mussicom.com\/padilha-chama-trump-de-inimigo-da-saude-e-afirma-que-sancao-e-absurda\/"},"modified":"2025-08-14T15:24:56","modified_gmt":"2025-08-14T18:24:56","slug":"padilha-chama-trump-de-inimigo-da-saude-e-afirma-que-sancao-e-absurda","status":"publish","type":"post","link":"https:\/\/mussicom.com\/noticias\/padilha-chama-trump-de-inimigo-da-saude-e-afirma-que-sancao-e-absurda\/","title":{"rendered":"Padilha chama Trump de inimigo da sa\u00fade e afirma que san\u00e7\u00e3o \u00e9 absurda"},"content":{"rendered":"<p> <br \/>\n<\/p>\n<div>\n<p><strong>O ministro\u00a0da Sa\u00fade, Alexandre Padilha (foto), classificou como absurda a san\u00e7\u00e3o imposta pelo governo dos Estados Unidos a dois profissionais brasileiros vinculados ao programa Mais M\u00e9dicos. Hoje (14), durante a inaugura\u00e7\u00e3o de uma nova etapa da f\u00e1brica de hemoderivados da Hemobr\u00e1s, em Pernambuco, ele se referiu ao presidente norte-americano Donald Trump como \u201cinimigo da sa\u00fade\u201d.<\/strong><img decoding=\"async\" src=\"https:\/\/agenciabrasil.ebc.com.br\/ebc.gif?id=1654402&amp;o=node\" style=\"width:1px; height:1px; display:inline;\"\/><\/p>\n<p>\u201cEstamos enfrentando n\u00e3o s\u00f3 o tarifa\u00e7o. Estamos enfrentando a figura do presidente atual dos EUA, um inimigo da sa\u00fade. Antes das tarifas, desde o come\u00e7o do governo dele, a cada momento, ele faz ataques \u00e0 sa\u00fade do mundo como um todo\u201d, disse, ao citar o corte de recursos feito por Trump para a produ\u00e7\u00e3o de vacinas em territ\u00f3rio estadunidense.<\/p>\n<h2>Persegui\u00e7\u00e3o<\/h2>\n<p><strong>O ministro da Sa\u00fade avaliou que o mandat\u00e1rio norte-americano incentivou \u201cuma verdadeira persegui\u00e7\u00e3o\u201d contra pesquisadores de vacinas nos EUA.<\/strong><\/p>\n<blockquote>\n<p>\u201cTanto \u00e9 que estamos atraindo aqui para o Brasil, para a Hemobr\u00e1s e para a Fiocruz, para as empresas nacionais e para as empresas privadas internacionais que investem no Brasil, v\u00e1rios pesquisadores que est\u00e3o saindo\u00a0dos EUA porque n\u00e3o aguentam mais a persegui\u00e7\u00e3o do negacionismo da extrema direita\u201d, argumentou.<\/p>\n<\/blockquote>\n<p>Em seu discurso, o ministro lembrou ainda que Trump tamb\u00e9m retirou recursos provenientes dos EUA da Organiza\u00e7\u00e3o Mundial da Sa\u00fade (OMS) e dos principais fundos de produ\u00e7\u00e3o de vacinas, al\u00e9m de ter rompido contratos de produ\u00e7\u00e3o de vacinas nos EUA \u201cporque n\u00e3o quer apostar mais na vacina RNA\u00a0mensageiro\u201d.<\/p>\n<h2>Ataque<\/h2>\n<p><strong>\u201cO \u00faltimo ataque que o governo Trump fez \u00e0 sa\u00fade foi a san\u00e7\u00e3o absurda ontem (13) contra dois brasileiros \u2013 um deles, inclusive, pernambucano de cora\u00e7\u00e3o, Mozart Sales \u2013 que tiveram, pelo governo dos EUA, seus vistos e o direito retirados, deles e das fam\u00edlias deles, filhos e esposas, de poder entrar nos EUA porque participaram da cria\u00e7\u00e3o do programa Mais M\u00e9dicos,\u201d argumentou Padilha.<\/strong><\/p>\n<p>E acrescentou: \u201cdigo ao querido Mozar Sales, ao Alberto Kleiman e a todos aqueles que participaram do programa Mais M\u00e9dicos: tenho orgulho do que voc\u00eas fizeram. Tenho orgulho da luta de voc\u00eas\u201d, assegurou Padilha, ao destacar que, atualmente, o programa contabiliza mais de 28 mil profissionais espalhados pelo pa\u00eds, sendo mais de 95% deles brasileiros.<\/p>\n<blockquote>\n<p>\u201cNo Mais M\u00e9dicos, l\u00e1 atr\u00e1s, a gente n\u00e3o s\u00f3 trouxe m\u00e9dicos para onde faltava. A gente abriu possibilidade para que jovens brasileiros pudessem entrar numa faculdade de medicina, abrindo mais cursos. Hoje, mais jovens brasileiros se formam e, por isso, ocupam as vagas no Mais M\u00e9dicos\u201d, concluiu o ministro.<\/p>\n<\/blockquote>\n<h2>Entenda<\/h2>\n<p><strong>O Departamento de Estado norte-americano anunciou, nessa quarta-feira (13), a revoga\u00e7\u00e3o dos vistos de funcion\u00e1rios do governo brasileiro, de ex-funcion\u00e1rios da Organiza\u00e7\u00e3o Pan-Americana da Sa\u00fade (Opas) e de seus familiares. A justificativa do governo Trump \u00e9 que eles atuaram na implementa\u00e7\u00e3o do Mais M\u00e9dicos enquanto trabalhavam no Minist\u00e9rio da Sa\u00fade e que s\u00e3o c\u00famplices \u201cdo trabalho for\u00e7ado do governo cubano\u201d.<\/strong><\/p>\n<p><strong>Foram revogados os vistos do secret\u00e1rio de Aten\u00e7\u00e3o Especializada \u00e0 Sa\u00fade do Minist\u00e9rio da Sa\u00fade, Mozart Sales,\u00a0e do ex-assessor de Rela\u00e7\u00f5es Internacionais do Minist\u00e9rio da Sa\u00fade e atual coordenador-geral para a 30\u00aa Confer\u00eancia da Organiza\u00e7\u00e3o das Na\u00e7\u00f5es Unidas (ONU) sobre Mudan\u00e7as Clim\u00e1ticas COP30, Alberto Kleiman.<\/strong><\/p>\n<p>Logo ap\u00f3s a san\u00e7\u00e3o, Padilha defendeu o programa que, segundo ele, \u201csobreviver\u00e1 aos ataques injustific\u00e1veis de quem quer que seja\u201d.<\/p>\n<p>\u201cO programa salva vidas e \u00e9 aprovado por quem mais importa: a popula\u00e7\u00e3o brasileira. N\u00e3o nos curvaremos a quem persegue as vacinas, os pesquisadores, a ci\u00eancia e, agora, duas das pessoas fundamentais para o Mais M\u00e9dicos na minha primeira gest\u00e3o como ministro da Sa\u00fade, Mozart Sales e Alberto Kleiman\u201d, disse em postagem nas redes sociais.<\/p>\n<p>Ap\u00f3s ter o visto revogado, Mozart Sales tamb\u00e9m defendeu o programa, citando impactos positivos e melhoria expressiva na sa\u00fade da popula\u00e7\u00e3o.<\/p>\n<h2>\u00a0Manifesta\u00e7\u00e3o<\/h2>\n<p>Em seu perfil no Instagram, o m\u00e9dico classificou o programa como \u201ciniciativa primordial\u201d para garantir atendimento a milh\u00f5es de brasileiros e lembrou que, no momento da cria\u00e7\u00e3o do Mais M\u00e9dicos, o governo brasileiro recorreu \u00e0 possibilidade de coopera\u00e7\u00e3o com a Organiza\u00e7\u00e3o Pan-Americana da Sa\u00fade (Opas), levando \u00e0 contrata\u00e7\u00e3o de profissionais cubanos.<\/p>\n<p>\u201cM\u00e9dicos cubanos j\u00e1 prestavam esse atendimento em outros 58 pa\u00edses de diferentes orienta\u00e7\u00f5es pol\u00edtico-ideol\u00f3gicas, por meio de mecanismos de coopera\u00e7\u00e3o internacional. Gra\u00e7as a essa iniciativa, a presen\u00e7a de profissionais brasileiros, cubanos e de outras nacionalidades ofereceu aten\u00e7\u00e3o b\u00e1sica de sa\u00fade e m\u00e3os fraternas a quem mais precisava. Diminuiu dores, sofrimentos e mortes\u201d, escreveu Mozart.<\/p>\n<p>      <!-- Relacionada --><\/p>\n<p>            <!-- Relacionada -->\n    <\/div>\n<p><br \/>\n<br \/>Fonte: <a href=\"https:\/\/agenciabrasil.ebc.com.br\/saude\/noticia\/2025-08\/padilha-chama-trump-de-inimigo-da-saude-e-diz-que-sancao-e-absurda\">Ag\u00eancia Brasil<\/a><\/p>\n","protected":false},"excerpt":{"rendered":"<p>O ministro\u00a0da Sa\u00fade, Alexandre Padilha (foto), classificou como absurda a san\u00e7\u00e3o imposta pelo governo dos Estados Unidos a dois profissionais brasileiros vinculados ao programa Mais M\u00e9dicos. Hoje (14), durante a inaugura\u00e7\u00e3o de uma nova etapa da f\u00e1brica de hemoderivados da Hemobr\u00e1s, em Pernambuco, ele se referiu ao presidente norte-americano Donald Trump como \u201cinimigo da sa\u00fade\u201d. [&hellip;]<\/p>\n","protected":false},"author":5,"featured_media":37076,"comment_status":"open","ping_status":"open","sticky":false,"template":"","format":"standard","meta":{"_seopress_robots_primary_cat":"","_seopress_titles_title":"","_seopress_titles_desc":"","_seopress_robots_index":"","footnotes":""},"categories":[46],"tags":[],"class_list":["post-37075","post","type-post","status-publish","format-standard","has-post-thumbnail","hentry","category-saude"],"_links":{"self":[{"href":"https:\/\/mussicom.com\/noticias\/wp-json\/wp\/v2\/posts\/37075","targetHints":{"allow":["GET"]}}],"collection":[{"href":"https:\/\/mussicom.com\/noticias\/wp-json\/wp\/v2\/posts"}],"about":[{"href":"https:\/\/mussicom.com\/noticias\/wp-json\/wp\/v2\/types\/post"}],"author":[{"embeddable":true,"href":"https:\/\/mussicom.com\/noticias\/wp-json\/wp\/v2\/users\/5"}],"replies":[{"embeddable":true,"href":"https:\/\/mussicom.com\/noticias\/wp-json\/wp\/v2\/comments?post=37075"}],"version-history":[{"count":0,"href":"https:\/\/mussicom.com\/noticias\/wp-json\/wp\/v2\/posts\/37075\/revisions"}],"wp:featuredmedia":[{"embeddable":true,"href":"https:\/\/mussicom.com\/noticias\/wp-json\/wp\/v2\/media\/37076"}],"wp:attachment":[{"href":"https:\/\/mussicom.com\/noticias\/wp-json\/wp\/v2\/media?parent=37075"}],"wp:term":[{"taxonomy":"category","embeddable":true,"href":"https:\/\/mussicom.com\/noticias\/wp-json\/wp\/v2\/categories?post=37075"},{"taxonomy":"post_tag","embeddable":true,"href":"https:\/\/mussicom.com\/noticias\/wp-json\/wp\/v2\/tags?post=37075"}],"curies":[{"name":"wp","href":"https:\/\/api.w.org\/{rel}","templated":true}]}}