{"id":36983,"date":"2025-08-14T06:27:07","date_gmt":"2025-08-14T09:27:07","guid":{"rendered":"https:\/\/mussicom.com\/boi-gordo-mantem-precos-apos-altas-recentes\/"},"modified":"2025-08-14T06:27:07","modified_gmt":"2025-08-14T09:27:07","slug":"boi-gordo-mantem-precos-apos-altas-recentes","status":"publish","type":"post","link":"https:\/\/mussicom.com\/noticias\/boi-gordo-mantem-precos-apos-altas-recentes\/","title":{"rendered":"Boi gordo mant\u00e9m pre\u00e7os ap\u00f3s altas recentes"},"content":{"rendered":"<p> <br \/>\n<\/p>\n<div>\n<div class=\"row\">\n<div class=\"col-lg col-infos mt-0 mt-lg-0\">\n<div class=\"section-sub-title\">\n<p itemprop=\"description\">&#13;<br \/>\n                                Boi gordo e \u201cboi China\u201d t\u00eam alta no Esp\u00edrito Santo&#13;\n                            <\/p>\n<\/p><\/div>\n<div class=\"container\">\n<div class=\"row\">\n<div class=\"col-lg p-0\">\n<div>\n<div class=\"block-news-main-infos mt-3 text-start\">\n<p>                                            <strong class=\"fn\" itemprop=\"author\" style=\"color: rgb(112, 112, 112); \">&#13;<br \/>\n                                                Agrolink&#13;<br \/>\n&#13;<br \/>\n                                                    &#8211; Seane Lennon&#13;<br \/>\n&#13;<br \/>\n                                            <\/strong><br \/>\n                                        <\/p>\n<p>                                            <abbr><time datetime=\"2025-08-13T16:46\" itemprop=\"datePublished dateModified\">Publicado em 13\/08\/2025 \u00e0s 16:46h.<\/time><\/abbr><br \/>\n                                            <\/p><\/div>\n<\/p><\/div>\n<\/p><\/div>\n<div class=\"col-lg p-0 text-lg-end\">\n<div>\n<div id=\"mdEnviarPagina\" class=\"modal fade\" role=\"dialog\">\n<div class=\"modal-dialog\">\n<div class=\"modal-content\">\n<div class=\"modal-body\">\n<p><strong>Estimado usu\u00e1rio.<\/strong><br \/>Preencha o formul\u00e1rio abaixo para remeter a p\u00e1gina.<\/p>\n<\/p><\/div>\n<\/p><\/div>\n<\/p><\/div>\n<\/div><\/div>\n<\/p><\/div>\n<\/p><\/div>\n<\/p><\/div>\n<\/p><\/div>\n<\/p><\/div>\n<div class=\"row justify-content-md-center mt-3\">\n<div class=\"col-lg-auto col-image block-news-main-image\">\n<p>                                <br \/>\n                                                <span class=\"publicity-photo d-block mt-1\">Foto: Divulga\u00e7\u00e3o<\/span><\/p><\/div>\n<\/p><\/div>\n<div class=\"section-description section-description-noticias mt-3\">\n<p style=\"text-align:justify\">O mercado do boi gordo em S\u00e3o Paulo iniciou a quarta-feira (13) est\u00e1vel, ap\u00f3s as altas registradas no dia anterior, sustentadas pela melhora no escoamento da carne e pela redu\u00e7\u00e3o na oferta de animais para abate. Segundo an\u00e1lise do informativo \u201cTem Boi na Linha\u201d, da Scot Consultoria, as escalas de abate atendiam, em m\u00e9dia, a sete dias.&#13;\n<\/p>\n<p style=\"text-align:justify\">Na regi\u00e3o Noroeste do Paran\u00e1, as ofertas para o \u201cboi China\u201d e para a vaca gorda abriram em patamar mais elevado, enquanto os pre\u00e7os do boi gordo e da novilha permaneceram inalterados na compara\u00e7\u00e3o di\u00e1ria. As escalas de abate tinham, em m\u00e9dia, oito dias.&#13;\n<\/p>\n<p style=\"text-align:justify\">No Esp\u00edrito Santo, o mercado iniciou o dia com reajuste positivo para o boi gordo e o \u201cboi China\u201d, sem altera\u00e7\u00f5es nas cota\u00e7\u00f5es da vaca e da novilha. As escalas atendiam, em m\u00e9dia, a sete dias.<\/p>\n<p style=\"text-align:justify\">No Oeste do Maranh\u00e3o, o boi gordo registrou dois dias consecutivos de alta, enquanto os pre\u00e7os das f\u00eameas se mantiveram est\u00e1veis.<\/p>\n<p style=\"text-align:justify\">Dados divulgados nesta quarta-feira pelo Instituto Brasileiro de Geografia e Estat\u00edstica (IBGE) mostram que o abate de bovinos no segundo trimestre de 2025 somou 10,4 milh\u00f5es de cabe\u00e7as sob algum tipo de inspe\u00e7\u00e3o sanit\u00e1ria. O resultado representa alta de 3,3% em rela\u00e7\u00e3o ao mesmo per\u00edodo de 2024 e de 5,4% na compara\u00e7\u00e3o com o primeiro trimestre de 2025, configurando desempenho recorde para o per\u00edodo.&#13;\n<\/p>\n<\/p><\/div>\n<\/p><\/div>\n<p><script data-cfasync=\"false\">\n    !function (f, b, e, v, n, t, s) {\n        if (f.fbq) return; n = f.fbq = function () {\n            n.callMethod ?\n                n.callMethod.apply(n, arguments) : n.queue.push(arguments)\n        };\n        if (!f._fbq) f._fbq = n; n.push = n; n.loaded = !0; n.version = '2.0';\n        n.queue = []; t = b.createElement(e); t.async = !0;\n        t.src = v; s = b.getElementsByTagName(e)[0];\n        s.parentNode.insertBefore(t, s)\n    }(window, document, 'script',\n        'https:\/\/connect.facebook.net\/en_US\/fbevents.js');\n    fbq('init', '522546078623747');\n    fbq('track', 'PageView');\n<\/script><br \/>\n<br \/><br \/>\n<br \/>Fonte: <a href=\"https:\/\/www.agrolink.com.br\/noticias\/boi-gordo-mantem-precos-apos-altas-recentes_504901.html\">AGROLINK<\/a><\/p>\n","protected":false},"excerpt":{"rendered":"<p>&#13; Boi gordo e \u201cboi China\u201d t\u00eam alta no Esp\u00edrito Santo&#13; &#13; Agrolink&#13; &#13; &#8211; Seane Lennon&#13; &#13; Publicado em 13\/08\/2025 \u00e0s 16:46h. Estimado usu\u00e1rio.Preencha o formul\u00e1rio abaixo para remeter a p\u00e1gina. Foto: Divulga\u00e7\u00e3o O mercado do boi gordo em S\u00e3o Paulo iniciou a quarta-feira (13) est\u00e1vel, ap\u00f3s as altas registradas no dia anterior, sustentadas [&hellip;]<\/p>\n","protected":false},"author":5,"featured_media":30069,"comment_status":"open","ping_status":"open","sticky":false,"template":"","format":"standard","meta":{"_seopress_robots_primary_cat":"","_seopress_titles_title":"","_seopress_titles_desc":"","_seopress_robots_index":"","footnotes":""},"categories":[53],"tags":[],"class_list":["post-36983","post","type-post","status-publish","format-standard","has-post-thumbnail","hentry","category-agronegocio"],"_links":{"self":[{"href":"https:\/\/mussicom.com\/noticias\/wp-json\/wp\/v2\/posts\/36983","targetHints":{"allow":["GET"]}}],"collection":[{"href":"https:\/\/mussicom.com\/noticias\/wp-json\/wp\/v2\/posts"}],"about":[{"href":"https:\/\/mussicom.com\/noticias\/wp-json\/wp\/v2\/types\/post"}],"author":[{"embeddable":true,"href":"https:\/\/mussicom.com\/noticias\/wp-json\/wp\/v2\/users\/5"}],"replies":[{"embeddable":true,"href":"https:\/\/mussicom.com\/noticias\/wp-json\/wp\/v2\/comments?post=36983"}],"version-history":[{"count":0,"href":"https:\/\/mussicom.com\/noticias\/wp-json\/wp\/v2\/posts\/36983\/revisions"}],"wp:featuredmedia":[{"embeddable":true,"href":"https:\/\/mussicom.com\/noticias\/wp-json\/wp\/v2\/media\/30069"}],"wp:attachment":[{"href":"https:\/\/mussicom.com\/noticias\/wp-json\/wp\/v2\/media?parent=36983"}],"wp:term":[{"taxonomy":"category","embeddable":true,"href":"https:\/\/mussicom.com\/noticias\/wp-json\/wp\/v2\/categories?post=36983"},{"taxonomy":"post_tag","embeddable":true,"href":"https:\/\/mussicom.com\/noticias\/wp-json\/wp\/v2\/tags?post=36983"}],"curies":[{"name":"wp","href":"https:\/\/api.w.org\/{rel}","templated":true}]}}