{"id":36939,"date":"2025-08-14T01:33:40","date_gmt":"2025-08-14T04:33:40","guid":{"rendered":"https:\/\/mussicom.com\/eua-revogam-vistos-de-brasileiros-devido-ao-mais-medicos\/"},"modified":"2025-08-14T01:33:40","modified_gmt":"2025-08-14T04:33:40","slug":"eua-revogam-vistos-de-brasileiros-devido-ao-mais-medicos","status":"publish","type":"post","link":"https:\/\/mussicom.com\/noticias\/eua-revogam-vistos-de-brasileiros-devido-ao-mais-medicos\/","title":{"rendered":"EUA revogam vistos de brasileiros devido ao Mais M\u00e9dicos"},"content":{"rendered":"<p> <br \/>\n<\/p>\n<div>\n<p class=\"postParagraph_post-paragraph__juWZN\">O secret\u00e1rio de Estado americano, Marco Rubio, anunciou nesta quarta-feira (13) que a gest\u00e3o Trump revogou vistos de funcion\u00e1rios p\u00fablicos de Cuba e outros pa\u00edses, incluindo ex-integrantes do Minist\u00e9rio da Sa\u00fade da ex-presidente brasileira Dilma Rousseff (2011-2016), em raz\u00e3o do envio de m\u00e9dicos cubanos para trabalharem em outras na\u00e7\u00f5es.<\/p>\n<p class=\"postParagraph_post-paragraph__juWZN\">\u201cOs Estados Unidos est\u00e3o expandindo sua pol\u00edtica de restri\u00e7\u00e3o de vistos para Cuba. O Departamento de Estado tomou medidas para restringir a emiss\u00e3o de vistos para funcion\u00e1rios do governo cubano e de terceiros pa\u00edses c\u00famplices, bem como para indiv\u00edduos respons\u00e1veis pelo programa explorat\u00f3rio de exporta\u00e7\u00e3o de m\u00e3o de obra cubana. Promoveremos a responsabiliza\u00e7\u00e3o do regime cubano pela opress\u00e3o do seu povo e daqueles que lucram com o trabalho for\u00e7ado\u201d, escreveu Rubio no X.<\/p>\n<p class=\"postParagraph_post-paragraph__juWZN\">Numa postagem publicada em seguida, o secret\u00e1rio citou que brasileiros tiveram vistos revogados.<\/p>\n<p class=\"postParagraph_post-paragraph__juWZN\">\u201cO Departamento de Estado tamb\u00e9m est\u00e1 tomando medidas para revogar vistos e impor restri\u00e7\u00f5es de visto a v\u00e1rios funcion\u00e1rios do governo brasileiro e ex-funcion\u00e1rios da Opas [Organiza\u00e7\u00e3o Pan-Americana da Sa\u00fade] c\u00famplices do esquema de exporta\u00e7\u00e3o de m\u00e3o de obra for\u00e7ada do regime cubano. O Mais M\u00e9dicos foi um golpe diplom\u00e1tico inconceb\u00edvel de \u2018miss\u00f5es m\u00e9dicas\u2019 estrangeiras\u201d, afirmou Rubio.<\/p>\n<p class=\"postParagraph_post-paragraph__juWZN\">Em nota, o Departamento de Estado informou que entre os sancionados est\u00e3o Mozart Julio Tabosa Sales e Alberto Kleiman.<\/p>\n<p class=\"postParagraph_post-paragraph__juWZN\">\u201cComo parte do programa Mais M\u00e9dicos do Brasil, essas autoridades usaram a Opas como intermedi\u00e1ria junto \u00e0 ditadura cubana para implementar o programa sem seguir os requisitos constitucionais brasileiros, driblando as san\u00e7\u00f5es americanas a Cuba e, conscientemente, pagando ao regime cubano o que era devido aos profissionais de sa\u00fade cubanos. Dezenas de m\u00e9dicos cubanos que atuaram no programa relataram terem sido explorados pelo regime cubano como parte do programa\u201d, afirmou a pasta.<\/p>\n<p class=\"postParagraph_post-paragraph__juWZN\">\u201cO departamento revogou os vistos de Mozart J\u00falio Tabosa Sales e Alberto Kleiman, que trabalharam no Minist\u00e9rio da Sa\u00fade do Brasil durante o programa Mais M\u00e9dicos e desempenharam um papel no planejamento e na implementa\u00e7\u00e3o do programa. Nossa a\u00e7\u00e3o envia uma mensagem inequ\u00edvoca de que os Estados Unidos promovem a responsabiliza\u00e7\u00e3o daqueles que permitem o esquema de exporta\u00e7\u00e3o de trabalho for\u00e7ado do regime cubano\u201d, acrescentou o Departamento de Estado.<\/p>\n<p class=\"postParagraph_post-paragraph__juWZN\">Sales \u00e9 secret\u00e1rio de Aten\u00e7\u00e3o Especializada \u00e0 Sa\u00fade do Minist\u00e9rio da Sa\u00fade e no governo Dilma foi chefe de gabinete e secret\u00e1rio Nacional da Secretaria de Gest\u00e3o do Trabalho e Educa\u00e7\u00e3o na Sa\u00fade da pasta.<\/p>\n<p class=\"postParagraph_post-paragraph__juWZN\">J\u00e1 Kleiman foi diretor do Departamento de Rela\u00e7\u00f5es Internacionais do Minist\u00e9rio da Sa\u00fade na gest\u00e3o Dilma e hoje \u00e9 coordenador-geral do governo Lula para a COP30.<\/p>\n<p class=\"postParagraph_post-paragraph-innerHtml__Q5vwc\">A <strong>Gazeta do Povo<\/strong> solicitou posicionamento de Kleiman junto \u00e0 assessoria de imprensa da COP30, mas ainda n\u00e3o obteve retorno. Este texto ser\u00e1 atualizado caso haja resposta.<\/p>\n<p class=\"postParagraph_post-paragraph__juWZN\">A respeito da situa\u00e7\u00e3o de Sales, a assessoria de imprensa do Minist\u00e9rio da Sa\u00fade direcionou para um post do titular da pasta, Alexandre Padilha, no X.<\/p>\n<p class=\"postParagraph_post-paragraph__juWZN\">\u201cO Mais M\u00e9dicos, assim como o Pix, sobreviver\u00e1 aos ataques injustific\u00e1veis de quem quer que seja. O programa salva vidas e \u00e9 aprovado por quem mais importa: a popula\u00e7\u00e3o brasileira\u201d, escreveu o ministro.<\/p>\n<p class=\"postParagraph_post-paragraph__juWZN\">\u201cN\u00e3o nos curvaremos a quem persegue as vacinas, os pesquisadores, a ci\u00eancia e, agora, duas das pessoas fundamentais para o Mais M\u00e9dicos na minha primeira gest\u00e3o como Ministro da Sa\u00fade, Mozart Sales e Alberto Kleiman\u201d, afirmou Padilha.<\/p>\n<\/div>\n<p><br \/>\n<br \/>Fonte: <a href=\"https:\/\/www.gazetadopovo.com.br\/mundo\/eua-revogam-vistos-de-funcionarios-da-gestao-dilma-devido-ao-mais-medicos\/\">Revista Oeste<\/a><\/p>\n","protected":false},"excerpt":{"rendered":"<p>O secret\u00e1rio de Estado americano, Marco Rubio, anunciou nesta quarta-feira (13) que a gest\u00e3o Trump revogou vistos de funcion\u00e1rios p\u00fablicos de Cuba e outros pa\u00edses, incluindo ex-integrantes do Minist\u00e9rio da Sa\u00fade da ex-presidente brasileira Dilma Rousseff (2011-2016), em raz\u00e3o do envio de m\u00e9dicos cubanos para trabalharem em outras na\u00e7\u00f5es. \u201cOs Estados Unidos est\u00e3o expandindo sua [&hellip;]<\/p>\n","protected":false},"author":5,"featured_media":36940,"comment_status":"open","ping_status":"open","sticky":false,"template":"","format":"standard","meta":{"_seopress_robots_primary_cat":"","_seopress_titles_title":"","_seopress_titles_desc":"","_seopress_robots_index":"","footnotes":""},"categories":[48],"tags":[],"class_list":["post-36939","post","type-post","status-publish","format-standard","has-post-thumbnail","hentry","category-internacional"],"_links":{"self":[{"href":"https:\/\/mussicom.com\/noticias\/wp-json\/wp\/v2\/posts\/36939","targetHints":{"allow":["GET"]}}],"collection":[{"href":"https:\/\/mussicom.com\/noticias\/wp-json\/wp\/v2\/posts"}],"about":[{"href":"https:\/\/mussicom.com\/noticias\/wp-json\/wp\/v2\/types\/post"}],"author":[{"embeddable":true,"href":"https:\/\/mussicom.com\/noticias\/wp-json\/wp\/v2\/users\/5"}],"replies":[{"embeddable":true,"href":"https:\/\/mussicom.com\/noticias\/wp-json\/wp\/v2\/comments?post=36939"}],"version-history":[{"count":0,"href":"https:\/\/mussicom.com\/noticias\/wp-json\/wp\/v2\/posts\/36939\/revisions"}],"wp:featuredmedia":[{"embeddable":true,"href":"https:\/\/mussicom.com\/noticias\/wp-json\/wp\/v2\/media\/36940"}],"wp:attachment":[{"href":"https:\/\/mussicom.com\/noticias\/wp-json\/wp\/v2\/media?parent=36939"}],"wp:term":[{"taxonomy":"category","embeddable":true,"href":"https:\/\/mussicom.com\/noticias\/wp-json\/wp\/v2\/categories?post=36939"},{"taxonomy":"post_tag","embeddable":true,"href":"https:\/\/mussicom.com\/noticias\/wp-json\/wp\/v2\/tags?post=36939"}],"curies":[{"name":"wp","href":"https:\/\/api.w.org\/{rel}","templated":true}]}}