{"id":36908,"date":"2025-08-13T22:53:53","date_gmt":"2025-08-14T01:53:53","guid":{"rendered":"https:\/\/mussicom.com\/edson-fachin-presidira-stf-com-alexandre-de-moraes-como-vice\/"},"modified":"2025-08-13T22:53:53","modified_gmt":"2025-08-14T01:53:53","slug":"edson-fachin-presidira-stf-com-alexandre-de-moraes-como-vice","status":"publish","type":"post","link":"https:\/\/mussicom.com\/noticias\/edson-fachin-presidira-stf-com-alexandre-de-moraes-como-vice\/","title":{"rendered":"Edson Fachin presidir\u00e1 STF com Alexandre de Moraes como vice"},"content":{"rendered":"<p> <br \/>\n<\/p>\n<div>\n<p class=\"postParagraph_post-paragraph__juWZN\">Edson Fachin foi eleito para presidir o Supremo Tribunal Federal (STF) no bi\u00eanio de 2025 a 2027, com Alexandre de Moraes na vice-presid\u00eancia, nesta quarta-feira (13). A posse ser\u00e1 em 29 de setembro, quando Fachin suceder\u00e1 ao presidente Lu\u00eds Roberto Barroso.<\/p>\n<p class=\"postParagraph_post-paragraph__juWZN\">A vota\u00e7\u00e3o no STF \u00e9 secreta e realizada pelos pr\u00f3prios ministros, uma formalidade que normalmente consagra o ministro mais antigo que ainda n\u00e3o presidiu a corte. Fachin e Moraes foram eleitos com dez votos cada, respeitando o regimento interno que veda o voto no pr\u00f3prio nome. Al\u00e9m da presid\u00eancia do STF, Fachin tamb\u00e9m comandar\u00e1 o Conselho Nacional de Justi\u00e7a (CNJ).<\/p>\n<p class=\"postParagraph_post-paragraph__juWZN\">Com 67 anos, Edson Fachin \u00e9 natural de Rondinha, Rio Grande do Sul, e foi indicado ao STF em 2015 pela presidente Dilma Rousseff (PT). Doutor em Direito Civil, atua como professor titular na Universidade Federal do Paran\u00e1 (UFPR). Antes da corte suprema, trabalhou como procurador do Estado do Paran\u00e1 e participou da reforma do Judici\u00e1rio e da elabora\u00e7\u00e3o do novo C\u00f3digo Civil.<\/p>\n<p class=\"postParagraph_post-paragraph__juWZN\">No STF, Fachin acumulou experi\u00eancia em mais de 53 mil processos, incluindo a relatoria da Opera\u00e7\u00e3o Lava Jato ap\u00f3s a morte do ministro Teori Zavascki. A nova gest\u00e3o do STF dever\u00e1 ser marcada pelo perfil discreto e conciliador de Fachin, com foco na harmonia entre os Poderes e na constru\u00e7\u00e3o de consensos.<\/p>\n<p class=\"postParagraph_post-paragraph__juWZN\">A defesa dos direitos humanos e a autonomia do Judici\u00e1rio s\u00e3o prioridades em seu discurso. Fachin alertou para \u201ctentativas de eros\u00e3o democr\u00e1tica\u201d e \u201cataques \u00e0 independ\u00eancia judicial\u201d, posi\u00e7\u00e3o interpretada como rea\u00e7\u00e3o a tens\u00e3o com os Estados Unidos.<\/p>\n<h2 class=\"postParagraph_post-paragraph__juWZN postParagraph_type-tag-h2__TtFkT\">Fachin e Moraes j\u00e1 atuaram juntos no TSE<\/h2>\n<p class=\"postParagraph_post-paragraph__juWZN\">\u201cRecebo (a presid\u00eancia) com o sentido de miss\u00e3o e com a consci\u00eancia de um dever a cumprir e, portanto, agrade\u00e7o (ao presidente Barroso) a condu\u00e7\u00e3o de vossa excel\u00eancia, (&#8230;) n\u00f3s continuaremos buscando fortalecer a colegialidade e a pluralidade sempre abertos ao di\u00e1logo\u201d, destacou em seu discurso. J\u00e1 Alexandre de Moraes lembrou que trabalhou com Fachin no TSE. \u201c\u00c9 uma grande honra de novamente poder ser vice-presidente do ministro Fachin\u201d, declarou.<\/p>\n<p class=\"postParagraph_post-paragraph__juWZN\">Lu\u00eds Roberto Barroso felicitou Fachin e Moraes, destacando que a presid\u00eancia \u00e9 \u201cdura, mas \u00e9 boa\u201d. Alexandre de Moraes, al\u00e9m de vice-presidente, \u00e9 apontado para a presid\u00eancia do STF a partir de 2027, seguindo a sequ\u00eancia hist\u00f3rica baseada na antiguidade.<\/p>\n<p class=\"postParagraph_post-paragraph__juWZN\">A proje\u00e7\u00e3o para presidentes futuros inclui Kassio Nunes Marques (2029-2031), Andr\u00e9 Mendon\u00e7a (2031-2033) e Cristiano Zanin (2033-2035), respeitando o crit\u00e9rio de antiguidade e experi\u00eancia.<\/p>\n<\/div>\n<p><br \/>\n<br \/>Fonte: <a href=\"https:\/\/www.gazetadopovo.com.br\/republica\/ministro-edson-fachin-assume-presidencia-do-stf-e-alexandre-de-moraes-sera-vice\/\">Revista Oeste<\/a><\/p>\n","protected":false},"excerpt":{"rendered":"<p>Edson Fachin foi eleito para presidir o Supremo Tribunal Federal (STF) no bi\u00eanio de 2025 a 2027, com Alexandre de Moraes na vice-presid\u00eancia, nesta quarta-feira (13). A posse ser\u00e1 em 29 de setembro, quando Fachin suceder\u00e1 ao presidente Lu\u00eds Roberto Barroso. A vota\u00e7\u00e3o no STF \u00e9 secreta e realizada pelos pr\u00f3prios ministros, uma formalidade que [&hellip;]<\/p>\n","protected":false},"author":5,"featured_media":36909,"comment_status":"open","ping_status":"open","sticky":false,"template":"","format":"standard","meta":{"_seopress_robots_primary_cat":"","_seopress_titles_title":"","_seopress_titles_desc":"","_seopress_robots_index":"","footnotes":""},"categories":[1],"tags":[],"class_list":["post-36908","post","type-post","status-publish","format-standard","has-post-thumbnail","hentry","category-ultimas-noticias"],"_links":{"self":[{"href":"https:\/\/mussicom.com\/noticias\/wp-json\/wp\/v2\/posts\/36908","targetHints":{"allow":["GET"]}}],"collection":[{"href":"https:\/\/mussicom.com\/noticias\/wp-json\/wp\/v2\/posts"}],"about":[{"href":"https:\/\/mussicom.com\/noticias\/wp-json\/wp\/v2\/types\/post"}],"author":[{"embeddable":true,"href":"https:\/\/mussicom.com\/noticias\/wp-json\/wp\/v2\/users\/5"}],"replies":[{"embeddable":true,"href":"https:\/\/mussicom.com\/noticias\/wp-json\/wp\/v2\/comments?post=36908"}],"version-history":[{"count":0,"href":"https:\/\/mussicom.com\/noticias\/wp-json\/wp\/v2\/posts\/36908\/revisions"}],"wp:featuredmedia":[{"embeddable":true,"href":"https:\/\/mussicom.com\/noticias\/wp-json\/wp\/v2\/media\/36909"}],"wp:attachment":[{"href":"https:\/\/mussicom.com\/noticias\/wp-json\/wp\/v2\/media?parent=36908"}],"wp:term":[{"taxonomy":"category","embeddable":true,"href":"https:\/\/mussicom.com\/noticias\/wp-json\/wp\/v2\/categories?post=36908"},{"taxonomy":"post_tag","embeddable":true,"href":"https:\/\/mussicom.com\/noticias\/wp-json\/wp\/v2\/tags?post=36908"}],"curies":[{"name":"wp","href":"https:\/\/api.w.org\/{rel}","templated":true}]}}