{"id":36897,"date":"2025-08-13T22:06:28","date_gmt":"2025-08-14T01:06:28","guid":{"rendered":"https:\/\/mussicom.com\/saude-e-soberania-nao-se-negociam-diz-padilha-apos-sancao-dos-eua\/"},"modified":"2025-08-13T22:06:28","modified_gmt":"2025-08-14T01:06:28","slug":"saude-e-soberania-nao-se-negociam-diz-padilha-apos-sancao-dos-eua","status":"publish","type":"post","link":"https:\/\/mussicom.com\/noticias\/saude-e-soberania-nao-se-negociam-diz-padilha-apos-sancao-dos-eua\/","title":{"rendered":"&#8220;Sa\u00fade e soberania n\u00e3o se negociam&#8221;, diz Padilha ap\u00f3s san\u00e7\u00e3o dos EUA"},"content":{"rendered":"<p> <br \/>\n<\/p>\n<div>\n<p><strong>Ap\u00f3s o governo dos Estados Unidos revogar os vistos de integrantes do governo ligados ao Mais M\u00e9dicos, o ministro da Sa\u00fade, Alexandre Padilha, defendeu\u00a0na noite desta quarta-feira (13) o programa.<\/strong><img decoding=\"async\" src=\"https:\/\/agenciabrasil.ebc.com.br\/ebc.gif?id=1654330&amp;o=node\" style=\"width:1px; height:1px; display:inline;\"\/><\/p>\n<p>Segundo o ministro, o <strong>Mais M\u00e9dicos &#8220;sobreviver\u00e1 aos ataques injustific\u00e1veis de quem quer que seja&#8221;, assim como o Pix<\/strong>, sistema de pagamento brasileiro que tamb\u00e9m j\u00e1 foi alvo de cr\u00edticas do governo de Donald Trump.<\/p>\n<blockquote>\n<p>&#8220;O programa salva vidas e \u00e9 aprovado por quem mais importa: a popula\u00e7\u00e3o brasileira. N\u00e3o nos curvaremos a quem persegue as vacinas, os pesquisadores, a ci\u00eancia e, agora, duas das pessoas fundamentais para o Mais M\u00e9dicos na minha primeira gest\u00e3o como Ministro da Sa\u00fade, Mozart Sales e Alberto Kleiman&#8221;, disse em postagem nas redes sociais.<\/p>\n<\/blockquote>\n<p>Mais cedo, <strong>o secret\u00e1rio de Estado dos Estados Unidos, Marco Rubio,\u00a0anunciou a revoga\u00e7\u00e3o dos vistos de funcion\u00e1rios do governo brasileiro, ex-funcion\u00e1rios da Organiza\u00e7\u00e3o Pan-Americana da Sa\u00fade (Opas) e seus familiares.<\/strong><\/p>\n<p>De acordo com comunicado,<strong> foram revogados os vistos de\u00a0Mozart Julio Tabosa Sales, secret\u00e1rio de Aten\u00e7\u00e3o Especializada \u00e0 Sa\u00fade do Minist\u00e9rio da Sa\u00fade,\u00a0e\u00a0Alberto Kleiman, ex-assessor de Rela\u00e7\u00f5es Internacionais\u00a0do minist\u00e9rio e atual coordenador-geral para COP30.<\/strong><\/p>\n<p>A justificativa do governo de Donald Trump foram que <strong>eles desempenharam um papel na implementa\u00e7\u00e3o do programa enquanto trabalhavam no Minist\u00e9rio da Sa\u00fade do Brasil e que s\u00e3o c\u00famplices &#8220;com o trabalho for\u00e7ado do governo cubano&#8221; por meio do programa.\u00a0<\/strong><\/p>\n<p>Nas redes sociais, Padilha afirmou ainda que,\u00a0nos \u00faltimos dois anos, o n\u00famero de profissionais no programa dobrou.<\/p>\n<blockquote>\n<p>&#8220;Temos muito orgulho de todo esse legado que leva atendimento m\u00e9dico para milh\u00f5es de brasileiros que antes n\u00e3o tinham acesso \u00e0 sa\u00fade. Seguiremos firmes em nossas posi\u00e7\u00f5es: sa\u00fade e soberania n\u00e3o se negociam. Sempre estaremos do lado do povo brasileiro&#8221;, acrescentou.<\/p>\n<\/blockquote>\n<p>Criado em 2013, o Programa Mais M\u00e9dicos atende regi\u00f5es remotas, de dif\u00edcil acesso, vulner\u00e1veis e com escassez desses profissionais. Na \u00e9poca, foram contratados m\u00e9dicos cubanos por meio de coopera\u00e7\u00e3o com a Opas, at\u00e9 2018. Em 2023, o governo federal retomou o programa, rebatizado de Mais M\u00e9dicos para o Brasil, com prioridade para profissionais brasileiros e abertura de vagas para outras \u00e1reas de\u00a0sa\u00fade, como dentistas, enfermeiros e assistentes sociais.<\/p>\n<p>      <!-- Relacionada --><\/p>\n<p>            <!-- Relacionada -->\n    <\/div>\n<p><br \/>\n<br \/>Fonte: <a href=\"https:\/\/agenciabrasil.ebc.com.br\/saude\/noticia\/2025-08\/saude-e-soberania-nao-se-negociam-diz-padilha-apos-sancao-dos-eua\">Ag\u00eancia Brasil<\/a><\/p>\n","protected":false},"excerpt":{"rendered":"<p>Ap\u00f3s o governo dos Estados Unidos revogar os vistos de integrantes do governo ligados ao Mais M\u00e9dicos, o ministro da Sa\u00fade, Alexandre Padilha, defendeu\u00a0na noite desta quarta-feira (13) o programa. Segundo o ministro, o Mais M\u00e9dicos &#8220;sobreviver\u00e1 aos ataques injustific\u00e1veis de quem quer que seja&#8221;, assim como o Pix, sistema de pagamento brasileiro que tamb\u00e9m [&hellip;]<\/p>\n","protected":false},"author":5,"featured_media":36898,"comment_status":"open","ping_status":"open","sticky":false,"template":"","format":"standard","meta":{"_seopress_robots_primary_cat":"","_seopress_titles_title":"","_seopress_titles_desc":"","_seopress_robots_index":"","footnotes":""},"categories":[46],"tags":[],"class_list":["post-36897","post","type-post","status-publish","format-standard","has-post-thumbnail","hentry","category-saude"],"_links":{"self":[{"href":"https:\/\/mussicom.com\/noticias\/wp-json\/wp\/v2\/posts\/36897","targetHints":{"allow":["GET"]}}],"collection":[{"href":"https:\/\/mussicom.com\/noticias\/wp-json\/wp\/v2\/posts"}],"about":[{"href":"https:\/\/mussicom.com\/noticias\/wp-json\/wp\/v2\/types\/post"}],"author":[{"embeddable":true,"href":"https:\/\/mussicom.com\/noticias\/wp-json\/wp\/v2\/users\/5"}],"replies":[{"embeddable":true,"href":"https:\/\/mussicom.com\/noticias\/wp-json\/wp\/v2\/comments?post=36897"}],"version-history":[{"count":0,"href":"https:\/\/mussicom.com\/noticias\/wp-json\/wp\/v2\/posts\/36897\/revisions"}],"wp:featuredmedia":[{"embeddable":true,"href":"https:\/\/mussicom.com\/noticias\/wp-json\/wp\/v2\/media\/36898"}],"wp:attachment":[{"href":"https:\/\/mussicom.com\/noticias\/wp-json\/wp\/v2\/media?parent=36897"}],"wp:term":[{"taxonomy":"category","embeddable":true,"href":"https:\/\/mussicom.com\/noticias\/wp-json\/wp\/v2\/categories?post=36897"},{"taxonomy":"post_tag","embeddable":true,"href":"https:\/\/mussicom.com\/noticias\/wp-json\/wp\/v2\/tags?post=36897"}],"curies":[{"name":"wp","href":"https:\/\/api.w.org\/{rel}","templated":true}]}}