{"id":36784,"date":"2025-08-13T14:04:13","date_gmt":"2025-08-13T17:04:13","guid":{"rendered":"https:\/\/mussicom.com\/precos-do-algodao-cedem-mas-negocios-seguem-ativos-no-spot\/"},"modified":"2025-08-13T14:04:13","modified_gmt":"2025-08-13T17:04:13","slug":"precos-do-algodao-cedem-mas-negocios-seguem-ativos-no-spot","status":"publish","type":"post","link":"https:\/\/mussicom.com\/noticias\/precos-do-algodao-cedem-mas-negocios-seguem-ativos-no-spot\/","title":{"rendered":"Pre\u00e7os do algod\u00e3o cedem, mas neg\u00f3cios seguem ativos no spot"},"content":{"rendered":"<p> <br \/>\n<\/p>\n<div>\n<div class=\"row\">\n<div class=\"col-lg col-infos mt-0 mt-lg-0\">\n<div class=\"section-sub-title\">\n<p itemprop=\"description\">&#13;<br \/>\n                                Apesar do recuo nas cota\u00e7\u00f5es, o ambiente de neg\u00f3cios segue ativo&#13;\n                            <\/p>\n<\/p><\/div>\n<div class=\"container\">\n<div class=\"row\">\n<div class=\"col-lg p-0\">\n<div>\n<div class=\"block-news-main-infos mt-3 text-start\">\n<p>                                            <strong class=\"fn\" itemprop=\"author\" style=\"color: rgb(112, 112, 112); \">&#13;<br \/>\n                                                Agrolink&#13;<br \/>\n&#13;<br \/>\n                                                    &#8211; Aline Merladete&#13;<br \/>\n&#13;<br \/>\n                                            <\/strong><br \/>\n                                        <\/p>\n<p>                                            <abbr><time datetime=\"2025-08-13T13:19\" itemprop=\"datePublished dateModified\">Publicado em 13\/08\/2025 \u00e0s 13:19h.<\/time><\/abbr><br \/>\n                                            <\/p><\/div>\n<\/p><\/div>\n<\/p><\/div>\n<div class=\"col-lg p-0 text-lg-end\">\n<div>\n<div id=\"mdEnviarPagina\" class=\"modal fade\" role=\"dialog\">\n<div class=\"modal-dialog\">\n<div class=\"modal-content\">\n<div class=\"modal-body\">\n<p><strong>Estimado usu\u00e1rio.<\/strong><br \/>Preencha o formul\u00e1rio abaixo para remeter a p\u00e1gina.<\/p>\n<\/p><\/div>\n<\/p><\/div>\n<\/p><\/div>\n<\/div><\/div>\n<\/p><\/div>\n<\/p><\/div>\n<\/p><\/div>\n<\/p><\/div>\n<\/p><\/div>\n<div class=\"row justify-content-md-center mt-3\">\n<div class=\"col-lg-auto col-image block-news-main-image\">\n<p>                                <br \/>\n                                                <span class=\"publicity-photo d-block mt-1\">Foto: Pexels<\/span><\/p><\/div>\n<\/p><\/div>\n<div class=\"section-description section-description-noticias mt-3\">\n<p style=\"text-align:justify\">O mercado spot de algod\u00e3o em pluma apresentou maior movimenta\u00e7\u00e3o nos \u00faltimos dias, com intensifica\u00e7\u00e3o nas negocia\u00e7\u00f5es tanto \u00e0 vista quanto nos contratos a termo. Segundo levantamento do Cepea (Centro de Estudos Avan\u00e7ados em Economia Aplicada), o cen\u00e1rio tem sido impulsionado pelo interesse de compradores e vendedores em fechar neg\u00f3cios diante de expectativas de curto prazo mais atrativas para o mercado interno.&#13;\n<\/p>\n<p style=\"text-align:justify\">De acordo com pesquisadores do Cepea, o avan\u00e7o das negocia\u00e7\u00f5es ocorre em paralelo \u00e0 retra\u00e7\u00e3o nos pre\u00e7os m\u00e9dios do algod\u00e3o em pluma, reflexo direto da menor paridade de exporta\u00e7\u00e3o. Essa paridade tem se mantido nos mesmos n\u00edveis registrados em maio de 2024, o que reduz a competitividade do produto brasileiro no mercado internacional e favorece as vendas dom\u00e9sticas.<\/p>\n<p style=\"text-align:justify\">Apesar do recuo nas cota\u00e7\u00f5es, o ambiente de neg\u00f3cios segue ativo, impulsionado por contratos a termo que voltaram a ganhar ritmo. Esses contratos t\u00eam sido uma alternativa para mitigar riscos diante das oscila\u00e7\u00f5es cambiais e da instabilidade nas cota\u00e7\u00f5es externas, principalmente em um momento de margens mais estreitas para exportadores.&#13;\n<\/p>\n<p style=\"text-align:justify\">O Indicador CEPEA\/ESALQ, com pagamento em oito dias, registrou queda acumulada de 3% na primeira dezena de agosto. Ainda assim, a m\u00e9dia apurada pelo \u00edndice segue 8% acima da paridade de exporta\u00e7\u00e3o, o que refor\u00e7a a atratividade das vendas no mercado interno.<\/p>\n<p style=\"text-align:justify\">Al\u00e9m da quest\u00e3o da paridade, o cen\u00e1rio cambial tamb\u00e9m tem influenciado a tomada de decis\u00e3o dos agentes. A valoriza\u00e7\u00e3o do real frente ao d\u00f3lar ao longo das \u00faltimas semanas contribuiu para a perda de competitividade do algod\u00e3o brasileiro no exterior, pressionando ainda mais os pre\u00e7os voltados \u00e0 exporta\u00e7\u00e3o.&#13;\n<\/p>\n<p style=\"text-align:justify\">Com isso, a tend\u00eancia para os pr\u00f3ximos dias \u00e9 de que o foco das negocia\u00e7\u00f5es continue no mercado dom\u00e9stico, especialmente se a paridade externa n\u00e3o apresentar recupera\u00e7\u00e3o significativa. O Cepea segue acompanhando de perto os movimentos de oferta, demanda e pre\u00e7os, com aten\u00e7\u00e3o especial ao comportamento dos agentes diante do novo patamar de paridade.<\/p>\n<\/p><\/div>\n<\/p><\/div>\n<p><script data-cfasync=\"false\">\n    !function (f, b, e, v, n, t, s) {\n        if (f.fbq) return; n = f.fbq = function () {\n            n.callMethod ?\n                n.callMethod.apply(n, arguments) : n.queue.push(arguments)\n        };\n        if (!f._fbq) f._fbq = n; n.push = n; n.loaded = !0; n.version = '2.0';\n        n.queue = []; t = b.createElement(e); t.async = !0;\n        t.src = v; s = b.getElementsByTagName(e)[0];\n        s.parentNode.insertBefore(t, s)\n    }(window, document, 'script',\n        'https:\/\/connect.facebook.net\/en_US\/fbevents.js');\n    fbq('init', '522546078623747');\n    fbq('track', 'PageView');\n<\/script><br \/>\n<br \/><br \/>\n<br \/>Fonte: <a href=\"https:\/\/www.agrolink.com.br\/noticias\/precos-do-algodao-cedem--mas-negocios-seguem-ativos-no-spot_504888.html\">AGROLINK<\/a><\/p>\n","protected":false},"excerpt":{"rendered":"<p>&#13; Apesar do recuo nas cota\u00e7\u00f5es, o ambiente de neg\u00f3cios segue ativo&#13; &#13; Agrolink&#13; &#13; &#8211; Aline Merladete&#13; &#13; Publicado em 13\/08\/2025 \u00e0s 13:19h. Estimado usu\u00e1rio.Preencha o formul\u00e1rio abaixo para remeter a p\u00e1gina. Foto: Pexels O mercado spot de algod\u00e3o em pluma apresentou maior movimenta\u00e7\u00e3o nos \u00faltimos dias, com intensifica\u00e7\u00e3o nas negocia\u00e7\u00f5es tanto \u00e0 vista [&hellip;]<\/p>\n","protected":false},"author":5,"featured_media":36785,"comment_status":"open","ping_status":"open","sticky":false,"template":"","format":"standard","meta":{"_seopress_robots_primary_cat":"","_seopress_titles_title":"","_seopress_titles_desc":"","_seopress_robots_index":"","footnotes":""},"categories":[53],"tags":[],"class_list":["post-36784","post","type-post","status-publish","format-standard","has-post-thumbnail","hentry","category-agronegocio"],"_links":{"self":[{"href":"https:\/\/mussicom.com\/noticias\/wp-json\/wp\/v2\/posts\/36784","targetHints":{"allow":["GET"]}}],"collection":[{"href":"https:\/\/mussicom.com\/noticias\/wp-json\/wp\/v2\/posts"}],"about":[{"href":"https:\/\/mussicom.com\/noticias\/wp-json\/wp\/v2\/types\/post"}],"author":[{"embeddable":true,"href":"https:\/\/mussicom.com\/noticias\/wp-json\/wp\/v2\/users\/5"}],"replies":[{"embeddable":true,"href":"https:\/\/mussicom.com\/noticias\/wp-json\/wp\/v2\/comments?post=36784"}],"version-history":[{"count":0,"href":"https:\/\/mussicom.com\/noticias\/wp-json\/wp\/v2\/posts\/36784\/revisions"}],"wp:featuredmedia":[{"embeddable":true,"href":"https:\/\/mussicom.com\/noticias\/wp-json\/wp\/v2\/media\/36785"}],"wp:attachment":[{"href":"https:\/\/mussicom.com\/noticias\/wp-json\/wp\/v2\/media?parent=36784"}],"wp:term":[{"taxonomy":"category","embeddable":true,"href":"https:\/\/mussicom.com\/noticias\/wp-json\/wp\/v2\/categories?post=36784"},{"taxonomy":"post_tag","embeddable":true,"href":"https:\/\/mussicom.com\/noticias\/wp-json\/wp\/v2\/tags?post=36784"}],"curies":[{"name":"wp","href":"https:\/\/api.w.org\/{rel}","templated":true}]}}