{"id":36633,"date":"2025-08-13T00:19:20","date_gmt":"2025-08-13T03:19:20","guid":{"rendered":"https:\/\/mussicom.com\/comissao-derruba-norma-do-governo-sobre-cameras-corporais\/"},"modified":"2025-08-13T00:19:20","modified_gmt":"2025-08-13T03:19:20","slug":"comissao-derruba-norma-do-governo-sobre-cameras-corporais","status":"publish","type":"post","link":"https:\/\/mussicom.com\/noticias\/comissao-derruba-norma-do-governo-sobre-cameras-corporais\/","title":{"rendered":"Comiss\u00e3o derruba norma do governo sobre c\u00e2meras corporais"},"content":{"rendered":"<p> <br \/>\n<\/p>\n<div>\n<p class=\"postParagraph_post-paragraph__juWZN\">A Comiss\u00e3o de Seguran\u00e7a P\u00fablica da C\u00e2mara aprovou nesta ter\u00e7a-feira (12) o projeto que revoga a portaria do governo Lula (PT) que estabelece regras sobre o uso de c\u00e2meras corporais por policiais. O texto segue para an\u00e1lise da Comiss\u00e3o de Constitui\u00e7\u00e3o e Justi\u00e7a (CCJ).<\/p>\n<p class=\"postParagraph_post-paragraph__juWZN\">Caso seja aprovada na CCJ, a mat\u00e9ria ser\u00e1 votada no plen\u00e1rio. O projeto de decreto legislativo (PDL) 294\/24 foi apresentado pelo deputado Alberto Fraga (PL-DF) para revogar a portaria publicada pelo Minist\u00e9rio da Justi\u00e7a, em maio de 2024.<\/p>\n<p class=\"postParagraph_post-paragraph-innerHtml__Q5vwc\">O parlamentar apontou que, embora a norma estabele\u00e7a par\u00e2metros sobre o equipamento, a regula\u00e7\u00e3o, especialmente quanto \u00e0s pol\u00edcias militares, s\u00f3 pode ser feita por lei federal. O relator da proposta, Sargento Portugal (Podemos-RJ), concordou com o entendimento de Fraga e votou pela aprova\u00e7\u00e3o da proposta.<\/p>\n<div class=\"postViewMore_post-view-more-container___5wai\" data-mrf-recirculation=\"Post - Veja tamb\u00e9m\">\n<p class=\"gp-styles-module-size-small-afeYRa gp-styles-module-font-family2-afeYRa gp-styles-module-color-secondary-afeYRa gp-styles-module-weight-bold-afeYRa\">VEJA TAMB\u00c9M:<\/p>\n<ul class=\"postViewMore_post-view-more-list__CU_CE\">\n<li class=\"postViewMore_post-view-more-item__2MzRb\"><span class=\"postViewMore_post-view-more-link-icon___stPC\"><svg xmlns=\"http:\/\/www.w3.org\/2000\/svg\" width=\"16\" height=\"16\" viewbox=\"0 0 16 16\"><rect width=\"16\" height=\"16\" fill=\"none\"\/><g transform=\"translate(3 3)\"><path d=\"M22.5,15l3.4,3.4-3.4,3.4\" transform=\"translate(-15.896 -11.793)\" fill=\"none\" stroke=\"#717171\" stroke-linecap=\"round\" stroke-width=\"1.4\"\/><path d=\"M6,6v4.2a2.452,2.452,0,0,0,2.5,2.4H16\" transform=\"translate(-6 -6)\" fill=\"none\" stroke=\"#717171\" stroke-linecap=\"round\" stroke-width=\"1.4\"\/><\/g><\/svg><\/span><span class=\"postViewMore_post-view-more-link-text__hO_kM\">Avi\u00e3o russo de empresa sancionada pelos EUA pousa em Bras\u00edlia e levanta suspeitas<\/span><\/li>\n<\/ul>\n<\/div>\n<p class=\"postParagraph_post-paragraph__juWZN\">A regra em vigor tem o objetivo de uniformizar o uso de c\u00e2meras corporais. Cabe aos estados decidirem pela ado\u00e7\u00e3o ou n\u00e3o do equipamento. No entanto, a portaria condiciona o repasse de recursos federais do Fundo Nacional de Seguran\u00e7a P\u00fablica e do Fundo Penitenci\u00e1rio Nacional para os estados ao cumprimento da norma.<\/p>\n<p class=\"postParagraph_post-paragraph__juWZN\">\u201cA portaria mostra-se mera carta de inten\u00e7\u00f5es, sem for\u00e7a normativa, servindo mais para propaganda governamental, sem qualquer viabilidade normativa. Ainda que fosse dirigida \u00e0s suas pr\u00f3prias pol\u00edcias (Uni\u00e3o) isso deveria dar-se por documento interno delas (pol\u00edcias) e n\u00e3o por meio da Senasp, \u00e0 qual n\u00e3o est\u00e3o subordinadas\u201d, destacou Fraga ao justificar a proposta.<\/p>\n<\/div>\n<p><br \/>\n<br \/>Fonte: <a href=\"https:\/\/www.gazetadopovo.com.br\/republica\/comissao-aprova-projeto-derruba-norma-governo-cameras-corporais-policiais\/\">Revista Oeste<\/a><\/p>\n","protected":false},"excerpt":{"rendered":"<p>A Comiss\u00e3o de Seguran\u00e7a P\u00fablica da C\u00e2mara aprovou nesta ter\u00e7a-feira (12) o projeto que revoga a portaria do governo Lula (PT) que estabelece regras sobre o uso de c\u00e2meras corporais por policiais. O texto segue para an\u00e1lise da Comiss\u00e3o de Constitui\u00e7\u00e3o e Justi\u00e7a (CCJ). Caso seja aprovada na CCJ, a mat\u00e9ria ser\u00e1 votada no plen\u00e1rio. [&hellip;]<\/p>\n","protected":false},"author":5,"featured_media":36634,"comment_status":"open","ping_status":"open","sticky":false,"template":"","format":"standard","meta":{"_seopress_robots_primary_cat":"","_seopress_titles_title":"","_seopress_titles_desc":"","_seopress_robots_index":"","footnotes":""},"categories":[1],"tags":[],"class_list":["post-36633","post","type-post","status-publish","format-standard","has-post-thumbnail","hentry","category-ultimas-noticias"],"_links":{"self":[{"href":"https:\/\/mussicom.com\/noticias\/wp-json\/wp\/v2\/posts\/36633","targetHints":{"allow":["GET"]}}],"collection":[{"href":"https:\/\/mussicom.com\/noticias\/wp-json\/wp\/v2\/posts"}],"about":[{"href":"https:\/\/mussicom.com\/noticias\/wp-json\/wp\/v2\/types\/post"}],"author":[{"embeddable":true,"href":"https:\/\/mussicom.com\/noticias\/wp-json\/wp\/v2\/users\/5"}],"replies":[{"embeddable":true,"href":"https:\/\/mussicom.com\/noticias\/wp-json\/wp\/v2\/comments?post=36633"}],"version-history":[{"count":0,"href":"https:\/\/mussicom.com\/noticias\/wp-json\/wp\/v2\/posts\/36633\/revisions"}],"wp:featuredmedia":[{"embeddable":true,"href":"https:\/\/mussicom.com\/noticias\/wp-json\/wp\/v2\/media\/36634"}],"wp:attachment":[{"href":"https:\/\/mussicom.com\/noticias\/wp-json\/wp\/v2\/media?parent=36633"}],"wp:term":[{"taxonomy":"category","embeddable":true,"href":"https:\/\/mussicom.com\/noticias\/wp-json\/wp\/v2\/categories?post=36633"},{"taxonomy":"post_tag","embeddable":true,"href":"https:\/\/mussicom.com\/noticias\/wp-json\/wp\/v2\/tags?post=36633"}],"curies":[{"name":"wp","href":"https:\/\/api.w.org\/{rel}","templated":true}]}}