{"id":36439,"date":"2025-08-12T09:01:40","date_gmt":"2025-08-12T12:01:40","guid":{"rendered":"https:\/\/mussicom.com\/moraes-reconhece-erros-e-acertos-mas-diz-que-decisoes-sao-corrigidas\/"},"modified":"2025-08-12T09:01:40","modified_gmt":"2025-08-12T12:01:40","slug":"moraes-reconhece-erros-e-acertos-mas-diz-que-decisoes-sao-corrigidas","status":"publish","type":"post","link":"https:\/\/mussicom.com\/noticias\/moraes-reconhece-erros-e-acertos-mas-diz-que-decisoes-sao-corrigidas\/","title":{"rendered":"Moraes reconhece \u201cerros e acertos\u201d, mas diz que decis\u00f5es s\u00e3o corrigidas"},"content":{"rendered":"<p> <br \/>\n<\/p>\n<div>\n<p class=\"postParagraph_post-paragraph-innerHtml__Q5vwc\">O ministro Alexandre de Moraes, do Supremo Tribunal Federal (STF), reconheceu que o Judici\u00e1rio pode cometer \u201cerros e acertos\u201d em suas decis\u00f5es, mas que a Corte \u00e9 um \u201c\u00f3rg\u00e3o colegiado\u201d para que os demais magistrados corrijam os equ\u00edvocos uns dos outros. As mais recentes dele, no entanto, como as medidas cautelares e a pris\u00e3o domiciliar do ex-presidente Jair Bolsonaro (PL), foram criticadas por especialistas por terem sido monocr\u00e1ticas.<\/p>\n<p class=\"postParagraph_post-paragraph-innerHtml__Q5vwc\">O \u201cmea culpa\u201d ocorreu durante um evento no Tribunal de Contas do Estado de S\u00e3o Paulo (TCE-SP), na segunda (11), em que ele voltou a frisar que houve uma tentativa de golpe de Estado no dia 8 de janeiro de 2023.<\/p>\n<p class=\"postParagraph_post-paragraph__juWZN\">\u201cAs institui\u00e7\u00f5es reagiram, souberam atuar dentro do que a Constitui\u00e7\u00e3o estabeleceu. N\u00f3s realmente podemos, com erros e acertos, porque isso faz parte de qualquer institui\u00e7\u00e3o composta por seres humanos, elas acabam repetindo os erros dos seres humanos. Exatamente por isso o Judici\u00e1rio \u00e9 um \u00f3rg\u00e3o colegiado, para que uns corrijam os equ\u00edvocos dos outros\u201d, afirmou.<\/p>\n<div class=\"postViewMore_post-view-more-container___5wai\" data-mrf-recirculation=\"Post - Veja tamb\u00e9m\">\n<p class=\"gp-styles-module-size-small-afeYRa gp-styles-module-font-family2-afeYRa gp-styles-module-color-secondary-afeYRa gp-styles-module-weight-bold-afeYRa\">VEJA TAMB\u00c9M:<\/p>\n<ul class=\"postViewMore_post-view-more-list__CU_CE\">\n<li class=\"postViewMore_post-view-more-item__2MzRb\">\n<div class=\"postViewMore_post-view-more-image__5gUSe\"><picture class=\"imageDefault_image-container__XGd8_\"><\/picture><\/div>\n<p>Maioria v\u00ea motiva\u00e7\u00e3o pol\u00edtica em tarifa\u00e7o de Trump, mas retalia\u00e7\u00e3o divide brasileiros<\/li>\n<\/ul>\n<\/div>\n<p class=\"postParagraph_post-paragraph__juWZN\">Ainda citando a suposta tentativa de golpe de Estado, Moraes defendeu o fortalecimento da independ\u00eancia do Judici\u00e1rio e a garantia de \u201cmais seguran\u00e7a jur\u00eddica\u201d \u00e0s institui\u00e7\u00f5es. Para ele, as Cortes devem combater o que v\u00ea como um \u201cnovo populismo extremista\u201d.<\/p>\n<p class=\"postParagraph_post-paragraph__juWZN\">\u201c\u00c9 verdade que a pr\u00f3pria democracia vem sendo atacada de forma jamais vista desde a redemocratiza\u00e7\u00e3o do mundo, p\u00f3s-segunda grande guerra. E se \u00e9 verdade que vem sendo atacada por um novo populismo extremista, n\u00e3o podemos fingir que n\u00e3o h\u00e1 bases que permitiram esse discurso antidemocr\u00e1tico florescer. E \u00e9 a\u00ed que as institui\u00e7\u00f5es devem se fortalecer para ver como atacar essas bases\u201d, disparou.<\/p>\n<p class=\"postParagraph_post-paragraph__juWZN\">Moraes tamb\u00e9m defendeu, nesta mesma toada, uma reforma tanto da Justi\u00e7a como da pol\u00edtica eleitoral para conter \u201cesse populismo extremista\u201d, com a alega\u00e7\u00e3o de que \u201cas pessoas sejam mais representadas, possam ter mais voz, para que possamos juntos diminuir esse grande problema que gerou terreno f\u00e9rtil no mundo todo\u201d.<\/p>\n<p class=\"postParagraph_post-paragraph__juWZN\">As falas de Moraes foram defendidas pelo procurador-geral de Justi\u00e7a de S\u00e3o Paulo, Paulo S\u00e9rgio de Oliveira e Costa, e pelo ministro Floriano de Azevedo Marques Neto, do Tribunal Superior Eleitoral (TSE), que tamb\u00e9m esteve presente. Costa foi enf\u00e1tico em ligar a atua\u00e7\u00e3o do magistrado e o tarifa\u00e7o imposto por Donald Trump ao Brasil.<\/p>\n<p class=\"postParagraph_post-paragraph__juWZN\">\u201cInadmiss\u00edvel que o leg\u00edtimo exerc\u00edcio das atribui\u00e7\u00f5es legais por um magistrado da mais alta corte deste pa\u00eds motive san\u00e7\u00e3o por parte de chefe de governo estrangeiro\u201d, disse sendo aplaudido pelo p\u00fablico presente.<\/p>\n<p class=\"postParagraph_post-paragraph__juWZN\">Um pouco antes, Azevedo Marques afirmou que \u201ctodos que somos democratas devemos muito ao ministro Alexandre\u201d.<\/p>\n<p class=\"postParagraph_post-paragraph-innerHtml__Q5vwc\">O governador Tarc\u00edsio de Freitas (Republicanos-SP) e o prefeito Ricardo Nunes (MDB-SP) n\u00e3o compareceram ao evento, assim como o presidente da Assembleia Legislativa do Estado de S\u00e3o Paulo (Alesp), deputado estadual Andr\u00e9 do Prado (PL-SP), ao qual o TCE-SP \u00e9 vinculado.<\/p>\n<\/div>\n<p><br \/>\n<br \/>Fonte: <a href=\"https:\/\/www.gazetadopovo.com.br\/republica\/moraes-reconhece-erros-acertos-decisoes-corrigidas\/\">Revista Oeste<\/a><\/p>\n","protected":false},"excerpt":{"rendered":"<p>O ministro Alexandre de Moraes, do Supremo Tribunal Federal (STF), reconheceu que o Judici\u00e1rio pode cometer \u201cerros e acertos\u201d em suas decis\u00f5es, mas que a Corte \u00e9 um \u201c\u00f3rg\u00e3o colegiado\u201d para que os demais magistrados corrijam os equ\u00edvocos uns dos outros. As mais recentes dele, no entanto, como as medidas cautelares e a pris\u00e3o domiciliar [&hellip;]<\/p>\n","protected":false},"author":5,"featured_media":36440,"comment_status":"open","ping_status":"open","sticky":false,"template":"","format":"standard","meta":{"_seopress_robots_primary_cat":"","_seopress_titles_title":"","_seopress_titles_desc":"","_seopress_robots_index":"","footnotes":""},"categories":[1],"tags":[],"class_list":["post-36439","post","type-post","status-publish","format-standard","has-post-thumbnail","hentry","category-ultimas-noticias"],"_links":{"self":[{"href":"https:\/\/mussicom.com\/noticias\/wp-json\/wp\/v2\/posts\/36439","targetHints":{"allow":["GET"]}}],"collection":[{"href":"https:\/\/mussicom.com\/noticias\/wp-json\/wp\/v2\/posts"}],"about":[{"href":"https:\/\/mussicom.com\/noticias\/wp-json\/wp\/v2\/types\/post"}],"author":[{"embeddable":true,"href":"https:\/\/mussicom.com\/noticias\/wp-json\/wp\/v2\/users\/5"}],"replies":[{"embeddable":true,"href":"https:\/\/mussicom.com\/noticias\/wp-json\/wp\/v2\/comments?post=36439"}],"version-history":[{"count":0,"href":"https:\/\/mussicom.com\/noticias\/wp-json\/wp\/v2\/posts\/36439\/revisions"}],"wp:featuredmedia":[{"embeddable":true,"href":"https:\/\/mussicom.com\/noticias\/wp-json\/wp\/v2\/media\/36440"}],"wp:attachment":[{"href":"https:\/\/mussicom.com\/noticias\/wp-json\/wp\/v2\/media?parent=36439"}],"wp:term":[{"taxonomy":"category","embeddable":true,"href":"https:\/\/mussicom.com\/noticias\/wp-json\/wp\/v2\/categories?post=36439"},{"taxonomy":"post_tag","embeddable":true,"href":"https:\/\/mussicom.com\/noticias\/wp-json\/wp\/v2\/tags?post=36439"}],"curies":[{"name":"wp","href":"https:\/\/api.w.org\/{rel}","templated":true}]}}