{"id":36336,"date":"2025-08-11T23:34:04","date_gmt":"2025-08-12T02:34:04","guid":{"rendered":"https:\/\/mussicom.com\/morte-de-uribe-revive-trauma-da-violencia-politica-na-colombia\/"},"modified":"2025-08-11T23:34:04","modified_gmt":"2025-08-12T02:34:04","slug":"morte-de-uribe-revive-trauma-da-violencia-politica-na-colombia","status":"publish","type":"post","link":"https:\/\/mussicom.com\/noticias\/morte-de-uribe-revive-trauma-da-violencia-politica-na-colombia\/","title":{"rendered":"Morte de Uribe revive trauma da viol\u00eancia pol\u00edtica na Col\u00f4mbia"},"content":{"rendered":"<p> <br \/>\n<\/p>\n<div>\n<p class=\"postParagraph_post-paragraph-innerHtml__Q5vwc\">A morte do senador Miguel Uribe, de 39 anos, nesta segunda-feira (11), dois meses ap\u00f3s ele ter sido alvo de um atentado a tiros em Bogot\u00e1, revive uma triste tradi\u00e7\u00e3o da Col\u00f4mbia: a viol\u00eancia pol\u00edtica.<\/p>\n<p class=\"postParagraph_post-paragraph__juWZN\">Uribe, que era pr\u00e9-candidato do partido conservador Centro Democr\u00e1tico para a elei\u00e7\u00e3o presidencial de 2026, j\u00e1 tinha na sua fam\u00edlia um hist\u00f3rico de viol\u00eancia.<\/p>\n<p class=\"postParagraph_post-paragraph__juWZN\">Sua m\u00e3e, a advogada e jornalista Diana Turbay, foi sequestrada pelo Cartel de Medell\u00edn, de Pablo Escobar, em 1990 e no ano seguinte foi morta durante uma tentativa fracassada de resgate, realizada pela pol\u00edcia sem autoriza\u00e7\u00e3o da fam\u00edlia.<\/p>\n<p class=\"postParagraph_post-paragraph__juWZN\">O jovem pol\u00edtico conservador \u00e9 o oitavo candidato \u00e0 presid\u00eancia assassinado na hist\u00f3ria da Col\u00f4mbia. Os dois primeiros casos foram o do general Rafael Uribe Uribe, em 1914, e de Jorge Eli\u00e9cer Gait\u00e1n, em 1948 \u2013 esta morte deflagrou um per\u00edodo de instabilidade na Col\u00f4mbia chamado de La Violencia, que deu origem ao conflito no qual surgiram as guerrilhas que assombram o pa\u00eds at\u00e9 hoje.<\/p>\n<p class=\"postParagraph_post-paragraph__juWZN\">No que diz respeito a candidatos \u00e0 presid\u00eancia, o per\u00edodo mais letal foi entre 1987 e 1990, per\u00edodo em que Escobar mandava na Col\u00f4mbia e quando foram mortos Jaime Pardo Leal, Luis Carlos Gal\u00e1n, Bernardo Jaramillo e Carlos Pizarro.<\/p>\n<p class=\"postParagraph_post-paragraph__juWZN\">Antes de Uribe, o caso mais recente havia sido o do conservador \u00c1lvaro G\u00f3mez, morto em 1995. O crime foi reivindicado pelas For\u00e7as Armadas Revolucion\u00e1rias da Col\u00f4mbia (Farc) em 2020, mas a fam\u00edlia de G\u00f3mez sustenta que a motiva\u00e7\u00e3o teriam sido den\u00fancias que a v\u00edtima vinha fazendo sobre suposto financiamento do narcotr\u00e1fico ao ent\u00e3o presidente Ernesto Samper Pizano (1994\u20131998).<\/p>\n<p class=\"postParagraph_post-paragraph__juWZN\">A viol\u00eancia pol\u00edtica colombiana, entretanto, continua e vai al\u00e9m dos ataques que visam candidatos \u00e0 presid\u00eancia: um estudo realizado por especialistas de universidades dos Estados Unidos, da Col\u00f4mbia e do Canad\u00e1 contabilizou que quase 2 mil pol\u00edticos foram assassinados no pa\u00eds entre 1983 e 2023.<\/p>\n<p class=\"postParagraph_post-paragraph__juWZN\">Em maio, uma das autoras do estudo, Ana Arjona, pesquisadora do Departamento de Ci\u00eancia Pol\u00edtica da Universidade do Noroeste do Illinois (EUA), afirmou em entrevista ao site da institui\u00e7\u00e3o que esses assassinatos pol\u00edticos reduziram o comparecimento de eleitores nas \u00e1reas afetadas durante quatro ciclos eleitorais.<\/p>\n<p class=\"postParagraph_post-paragraph__juWZN\">\u201cAcho que n\u00e3o falamos o suficiente sobre como isso [viol\u00eancia contra candidatos] n\u00e3o \u00e9 apenas obviamente errado e inaceit\u00e1vel, mas tamb\u00e9m como pode minar a democracia. Se os assassinatos est\u00e3o colocando essas comunidades na Col\u00f4mbia em uma trajet\u00f3ria diferente em termos de participa\u00e7\u00e3o pol\u00edtica, dever\u00edamos estar fazendo algo para recuperar a confian\u00e7a na democracia\u201d, afirmou.<\/p>\n<p class=\"postParagraph_post-paragraph__juWZN\">\u201cTamb\u00e9m acho que h\u00e1 uma banaliza\u00e7\u00e3o da viol\u00eancia na maneira como partidos pol\u00edticos, notici\u00e1rios e programas de opini\u00e3o falam sobre ela, o que tamb\u00e9m pode aumentar a toler\u00e2ncia \u00e0 viol\u00eancia\u201d, alertou Arjona.<\/p>\n<p class=\"postParagraph_post-paragraph-innerHtml__Q5vwc\">No final de junho, poucas semanas ap\u00f3s o atentado, o advogado de Uribe, V\u00edctor Mosquera, apresentou uma den\u00fancia contra o presidente da Col\u00f4mbia, Gustavo Petro, perante a Comiss\u00e3o de Acusa\u00e7\u00e3o da C\u00e2mara dos Deputados, alegando que o mandat\u00e1rio esquerdista proferiu \u201cdiscursos de \u00f3dio\u201d contra o senador.<\/p>\n<p class=\"postParagraph_post-paragraph__juWZN\">\u201cN\u00e3o estou relacionando isso diretamente com o atentado que ele sofreu, mas sim com ele [Petro] ter gerado um ambiente que pode ter levado a esse atentado\u201d, alegou Mosquera.<\/p>\n<\/div>\n<p><br \/>\n<br \/>Fonte: <a href=\"https:\/\/www.gazetadopovo.com.br\/mundo\/morte-de-miguel-uribe-revive-trauma-da-violencia-politica-na-colombia\/\">Revista Oeste<\/a><\/p>\n","protected":false},"excerpt":{"rendered":"<p>A morte do senador Miguel Uribe, de 39 anos, nesta segunda-feira (11), dois meses ap\u00f3s ele ter sido alvo de um atentado a tiros em Bogot\u00e1, revive uma triste tradi\u00e7\u00e3o da Col\u00f4mbia: a viol\u00eancia pol\u00edtica. Uribe, que era pr\u00e9-candidato do partido conservador Centro Democr\u00e1tico para a elei\u00e7\u00e3o presidencial de 2026, j\u00e1 tinha na sua fam\u00edlia [&hellip;]<\/p>\n","protected":false},"author":5,"featured_media":36337,"comment_status":"open","ping_status":"open","sticky":false,"template":"","format":"standard","meta":{"_seopress_robots_primary_cat":"","_seopress_titles_title":"","_seopress_titles_desc":"","_seopress_robots_index":"","footnotes":""},"categories":[48],"tags":[],"class_list":["post-36336","post","type-post","status-publish","format-standard","has-post-thumbnail","hentry","category-internacional"],"_links":{"self":[{"href":"https:\/\/mussicom.com\/noticias\/wp-json\/wp\/v2\/posts\/36336","targetHints":{"allow":["GET"]}}],"collection":[{"href":"https:\/\/mussicom.com\/noticias\/wp-json\/wp\/v2\/posts"}],"about":[{"href":"https:\/\/mussicom.com\/noticias\/wp-json\/wp\/v2\/types\/post"}],"author":[{"embeddable":true,"href":"https:\/\/mussicom.com\/noticias\/wp-json\/wp\/v2\/users\/5"}],"replies":[{"embeddable":true,"href":"https:\/\/mussicom.com\/noticias\/wp-json\/wp\/v2\/comments?post=36336"}],"version-history":[{"count":0,"href":"https:\/\/mussicom.com\/noticias\/wp-json\/wp\/v2\/posts\/36336\/revisions"}],"wp:featuredmedia":[{"embeddable":true,"href":"https:\/\/mussicom.com\/noticias\/wp-json\/wp\/v2\/media\/36337"}],"wp:attachment":[{"href":"https:\/\/mussicom.com\/noticias\/wp-json\/wp\/v2\/media?parent=36336"}],"wp:term":[{"taxonomy":"category","embeddable":true,"href":"https:\/\/mussicom.com\/noticias\/wp-json\/wp\/v2\/categories?post=36336"},{"taxonomy":"post_tag","embeddable":true,"href":"https:\/\/mussicom.com\/noticias\/wp-json\/wp\/v2\/tags?post=36336"}],"curies":[{"name":"wp","href":"https:\/\/api.w.org\/{rel}","templated":true}]}}