{"id":36300,"date":"2025-08-11T20:48:59","date_gmt":"2025-08-11T23:48:59","guid":{"rendered":"https:\/\/mussicom.com\/gleisi-usa-adultizacao-de-felca-para-regras-das-plataformas\/"},"modified":"2025-08-11T20:48:59","modified_gmt":"2025-08-11T23:48:59","slug":"gleisi-usa-adultizacao-de-felca-para-regras-das-plataformas","status":"publish","type":"post","link":"https:\/\/mussicom.com\/noticias\/gleisi-usa-adultizacao-de-felca-para-regras-das-plataformas\/","title":{"rendered":"Gleisi usa &#8220;adultiza\u00e7\u00e3o&#8221; de Felca para regras das plataformas"},"content":{"rendered":"<p> <br \/>\n<\/p>\n<div>\n<p class=\"postParagraph_post-paragraph-innerHtml__Q5vwc\">A ministra das Rela\u00e7\u00f5es Institucionais, Gleisi Hoffmann, utilizou a repercuss\u00e3o do v\u00eddeo do influenciador digital Felca sobre a adultiza\u00e7\u00e3o infantil para defender a responsabiliza\u00e7\u00e3o das plataformas digitais pelo Supremo Tribunal Federal (STF). Em manifesta\u00e7\u00e3o nesta segunda-feira (11), ela elogiou a decis\u00e3o do presidente da Comiss\u00e3o de Constitui\u00e7\u00e3o e Justi\u00e7a (CCJ) da C\u00e2mara, Hugo Motta (Republicanos-PB), de pautar projetos contra crimes virtuais envolvendo crian\u00e7as.<\/p>\n<p class=\"postParagraph_post-paragraph__juWZN\">&#8220;Importante a decis\u00e3o do presidente da C\u00e2mara, Hugo Motta, de pautar os projetos de lei sobre crimes contra crian\u00e7as por meio da internet. A den\u00fancia do Felca, com enorme repercuss\u00e3o, ressalta tamb\u00e9m o acerto do STF ao responsabilizar as plataformas que permitem a a\u00e7\u00e3o desses criminosos, sem necessidade de pr\u00e9via notifica\u00e7\u00e3o judicial&#8221;, afirmou a ministra.<\/p>\n<p class=\"postParagraph_post-paragraph__juWZN\">Gleisi Hoffamann cobrou a responsabiliza\u00e7\u00e3o das plataformas. &#8220;As plataformas n\u00e3o t\u00eam como fugir dessa responsabilidade, porque s\u00e3o capazes de identificar praticamente tudo o que fazem seus usu\u00e1rios. N\u00e3o podem fingir que n\u00e3o \u00e9 com elas, como normalmente acontece. E a internet n\u00e3o pode continuar sendo uma terra sem lei; uma arma poderosa nas m\u00e3os de ped\u00f3filos, incitadores de mutila\u00e7\u00f5es e suic\u00eddios, golpistas e criminosos\u201d, disse.<\/p>\n<div class=\"postImage_post-content-image__2CJdu\"><picture class=\"imageDefault_image-container__XGd8_\"><source type=\"image\/webp\" srcset=\"https:\/\/media.gazetadopovo.com.br\/2025\/08\/11171838\/Gleisi-Instagram-1280x720.jpg.webp 1280w, https:\/\/media.gazetadopovo.com.br\/2025\/08\/11171838\/Gleisi-Instagram-960x540.jpg.webp 960w, https:\/\/media.gazetadopovo.com.br\/2025\/08\/11171838\/Gleisi-Instagram-660x372.jpg.webp 660w, https:\/\/media.gazetadopovo.com.br\/2025\/08\/11171838\/Gleisi-Instagram-540x304.jpg.webp 540w, https:\/\/media.gazetadopovo.com.br\/2025\/08\/11171838\/Gleisi-Instagram-380x214.jpg.webp 380w, https:\/\/media.gazetadopovo.com.br\/2025\/08\/11171838\/Gleisi-Instagram-720x720.jpg.webp 720w, https:\/\/media.gazetadopovo.com.br\/2025\/08\/11171838\/Gleisi-Instagram-540x540.jpg.webp 540w, https:\/\/media.gazetadopovo.com.br\/2025\/08\/11171838\/Gleisi-Instagram-372x372.jpg.webp 372w, https:\/\/media.gazetadopovo.com.br\/2025\/08\/11171838\/Gleisi-Instagram-214x214.jpg.webp 214w, https:\/\/media.gazetadopovo.com.br\/2025\/08\/11171838\/Gleisi-Instagram.jpg.webp 1890w\" sizes=\"(max-width: 767px) 328px, 638px\"\/><source type=\"image\/jpeg\" srcset=\"https:\/\/media.gazetadopovo.com.br\/2025\/08\/11171838\/Gleisi-Instagram-1280x720.jpg.webp 1280w, https:\/\/media.gazetadopovo.com.br\/2025\/08\/11171838\/Gleisi-Instagram-960x540.jpg.webp 960w, https:\/\/media.gazetadopovo.com.br\/2025\/08\/11171838\/Gleisi-Instagram-660x372.jpg.webp 660w, https:\/\/media.gazetadopovo.com.br\/2025\/08\/11171838\/Gleisi-Instagram-540x304.jpg.webp 540w, https:\/\/media.gazetadopovo.com.br\/2025\/08\/11171838\/Gleisi-Instagram-380x214.jpg.webp 380w, https:\/\/media.gazetadopovo.com.br\/2025\/08\/11171838\/Gleisi-Instagram-720x720.jpg.webp 720w, https:\/\/media.gazetadopovo.com.br\/2025\/08\/11171838\/Gleisi-Instagram-540x540.jpg.webp 540w, https:\/\/media.gazetadopovo.com.br\/2025\/08\/11171838\/Gleisi-Instagram-372x372.jpg.webp 372w, https:\/\/media.gazetadopovo.com.br\/2025\/08\/11171838\/Gleisi-Instagram-214x214.jpg.webp 214w, https:\/\/media.gazetadopovo.com.br\/2025\/08\/11171838\/Gleisi-Instagram.jpg.webp 1890w\" sizes=\"(max-width: 767px) 328px, 638px\"\/><\/picture><i class=\"postImage_post-image-caption__yoE82\">Gleisi usa pol\u00eamica de Adultiza\u00e7\u00e3o para defender regras para plataformas digitais. <!-- --> <!-- -->(Foto: Reprodu\u00e7\u00e3o\/Instagram Gleisi Hoffmann)<\/i><\/div>\n<h2 class=\"postParagraph_post-paragraph__juWZN postParagraph_type-tag-h2__TtFkT\">V\u00eddeo viral sobre adultiza\u00e7\u00e3o infantil movimenta rea\u00e7\u00e3o pol\u00edtica<\/h2>\n<p class=\"postParagraph_post-paragraph__juWZN\">O v\u00eddeo \u201cAdultiza\u00e7\u00e3o\u201d, publicado por Felca \u2014 nome art\u00edstico de Felipe Bressanim Pereira \u2014, denunciou a exposi\u00e7\u00e3o indevida de crian\u00e7as nas redes sociais. Entre os casos citados, o influenciador apontou o criador de conte\u00fado Hytalo Santos como exemplo de pr\u00e1tica inadequada.<\/p>\n<p class=\"postParagraph_post-paragraph__juWZN\">A repercuss\u00e3o levou Hugo Motta a anunciar a inclus\u00e3o do tema na pauta da CCJ. \u201cO v\u00eddeo do Felca sobre a adultiza\u00e7\u00e3o das crian\u00e7as chocou e mobilizou milh\u00f5es de brasileiros. Esse \u00e9 um tema urgente, que toca no cora\u00e7\u00e3o da nossa sociedade. [\u2026] Nesta semana, vamos pautar e enfrentar essa discuss\u00e3o\u201d, declarou o parlamentar.<\/p>\n<p class=\"postParagraph_post-paragraph__juWZN\">Felca relatou que adotou medidas de seguran\u00e7a ap\u00f3s a publica\u00e7\u00e3o do v\u00eddeo, que j\u00e1 acumula mais de 28 milh\u00f5es de visualiza\u00e7\u00f5es no YouTube. Segundo ele, o uso de carro blindado e a contrata\u00e7\u00e3o de seguran\u00e7as se tornaram necess\u00e1rios ap\u00f3s amea\u00e7as recebidas por se posicionar sobre temas sens\u00edveis, como apostas online e, mais recentemente, a \u201cadultiza\u00e7\u00e3o\u201d infantil.<\/p>\n<div class=\"postViewMore_post-view-more-container___5wai\" data-mrf-recirculation=\"Post - Veja tamb\u00e9m\">\n<p class=\"gp-styles-module-size-small-afeYRa gp-styles-module-font-family2-afeYRa gp-styles-module-color-secondary-afeYRa gp-styles-module-weight-bold-afeYRa\">VEJA TAMB\u00c9M:<\/p>\n<ul class=\"postViewMore_post-view-more-list__CU_CE\">\n<li class=\"postViewMore_post-view-more-item__2MzRb\"><span class=\"postViewMore_post-view-more-link-icon___stPC\"><svg xmlns=\"http:\/\/www.w3.org\/2000\/svg\" width=\"16\" height=\"16\" viewbox=\"0 0 16 16\"><rect width=\"16\" height=\"16\" fill=\"none\"\/><g transform=\"translate(3 3)\"><path d=\"M22.5,15l3.4,3.4-3.4,3.4\" transform=\"translate(-15.896 -11.793)\" fill=\"none\" stroke=\"#717171\" stroke-linecap=\"round\" stroke-width=\"1.4\"\/><path d=\"M6,6v4.2a2.452,2.452,0,0,0,2.5,2.4H16\" transform=\"translate(-6 -6)\" fill=\"none\" stroke=\"#717171\" stroke-linecap=\"round\" stroke-width=\"1.4\"\/><\/g><\/svg><\/span><span class=\"postViewMore_post-view-more-link-text__hO_kM\">Motta diz que pautar\u00e1 projetos sobre \u201cadultiza\u00e7\u00e3o infantil\u201d ap\u00f3s v\u00eddeo de Felca<\/span><\/li>\n<\/ul>\n<\/div>\n<h2 class=\"postParagraph_post-paragraph__juWZN postParagraph_type-tag-h2__TtFkT\">STF alterou regulamenta\u00e7\u00e3o de plataformas em junho<\/h2>\n<p class=\"postParagraph_post-paragraph__juWZN\">Em junho, Gleisi Hoffmann apoiou a decis\u00e3o do Supremo Tribunal Federal (STF) que, por 8 votos a 3, passou a responsabilizar diretamente redes sociais e outras plataformas digitais por postagens ilegais, mesmo sem ordem judicial pr\u00e9via. A medida alterou a interpreta\u00e7\u00e3o do Artigo 19 do Marco Civil da Internet (Lei 12.965\/2014), que antes exigia decis\u00e3o judicial espec\u00edfica para puni\u00e7\u00e3o.<\/p>\n<p class=\"postParagraph_post-paragraph__juWZN\">Agora, basta uma notifica\u00e7\u00e3o extrajudicial para obrigar a remo\u00e7\u00e3o de conte\u00fados il\u00edcitos. A regra vale, sobretudo, para crimes graves, como atos antidemocr\u00e1ticos, terrorismo, incita\u00e7\u00e3o \u00e0 automutila\u00e7\u00e3o, discrimina\u00e7\u00e3o racial ou de g\u00eanero, crimes contra a mulher, pornografia infantil e outras viola\u00e7\u00f5es contra crian\u00e7as e adolescentes.<\/p>\n<p class=\"postParagraph_post-paragraph__juWZN\">A decis\u00e3o do STF \u00e9 in\u00e9dita e impacta diretamente empresas como Google, Meta e TikTok no Brasil, um dos maiores mercados das big techs. No entanto, a oposi\u00e7\u00e3o critica a medida, defende a liberdade de express\u00e3o e alerta para riscos de censura e restri\u00e7\u00e3o ao debate p\u00fablico.<\/p>\n<div class=\"postViewMore_post-view-more-container___5wai\" data-mrf-recirculation=\"Post - Veja tamb\u00e9m\">\n<p class=\"gp-styles-module-size-small-afeYRa gp-styles-module-font-family2-afeYRa gp-styles-module-color-secondary-afeYRa gp-styles-module-weight-bold-afeYRa\">VEJA TAMB\u00c9M:<\/p>\n<ul class=\"postViewMore_post-view-more-list__CU_CE\">\n<li class=\"postViewMore_post-view-more-item__2MzRb\"><span class=\"postViewMore_post-view-more-link-icon___stPC\"><svg xmlns=\"http:\/\/www.w3.org\/2000\/svg\" width=\"16\" height=\"16\" viewbox=\"0 0 16 16\"><rect width=\"16\" height=\"16\" fill=\"none\"\/><g transform=\"translate(3 3)\"><path d=\"M22.5,15l3.4,3.4-3.4,3.4\" transform=\"translate(-15.896 -11.793)\" fill=\"none\" stroke=\"#717171\" stroke-linecap=\"round\" stroke-width=\"1.4\"\/><path d=\"M6,6v4.2a2.452,2.452,0,0,0,2.5,2.4H16\" transform=\"translate(-6 -6)\" fill=\"none\" stroke=\"#717171\" stroke-linecap=\"round\" stroke-width=\"1.4\"\/><\/g><\/svg><\/span><span class=\"postViewMore_post-view-more-link-text__hO_kM\">Se n\u00e3o quiser regula\u00e7\u00e3o, saia do Brasil, diz Lula a big techs<\/span><\/li>\n<li class=\"postViewMore_post-view-more-item__2MzRb\"><span class=\"postViewMore_post-view-more-link-icon___stPC\"><svg xmlns=\"http:\/\/www.w3.org\/2000\/svg\" width=\"16\" height=\"16\" viewbox=\"0 0 16 16\"><rect width=\"16\" height=\"16\" fill=\"none\"\/><g transform=\"translate(3 3)\"><path d=\"M22.5,15l3.4,3.4-3.4,3.4\" transform=\"translate(-15.896 -11.793)\" fill=\"none\" stroke=\"#717171\" stroke-linecap=\"round\" stroke-width=\"1.4\"\/><path d=\"M6,6v4.2a2.452,2.452,0,0,0,2.5,2.4H16\" transform=\"translate(-6 -6)\" fill=\"none\" stroke=\"#717171\" stroke-linecap=\"round\" stroke-width=\"1.4\"\/><\/g><\/svg><\/span><span class=\"postViewMore_post-view-more-link-text__hO_kM\">Governo Lula volta a acusar EUA de atacar soberania nacional<\/span><\/li>\n<\/ul>\n<\/div>\n<\/div>\n<p><br \/>\n<br \/>Fonte: <a href=\"https:\/\/www.gazetadopovo.com.br\/republica\/gleisi-usa-adultizacao-infantil-para-defender-regras-as-plataformas-digitais\/\">Revista Oeste<\/a><\/p>\n","protected":false},"excerpt":{"rendered":"<p>A ministra das Rela\u00e7\u00f5es Institucionais, Gleisi Hoffmann, utilizou a repercuss\u00e3o do v\u00eddeo do influenciador digital Felca sobre a adultiza\u00e7\u00e3o infantil para defender a responsabiliza\u00e7\u00e3o das plataformas digitais pelo Supremo Tribunal Federal (STF). Em manifesta\u00e7\u00e3o nesta segunda-feira (11), ela elogiou a decis\u00e3o do presidente da Comiss\u00e3o de Constitui\u00e7\u00e3o e Justi\u00e7a (CCJ) da C\u00e2mara, Hugo Motta (Republicanos-PB), [&hellip;]<\/p>\n","protected":false},"author":5,"featured_media":36301,"comment_status":"open","ping_status":"open","sticky":false,"template":"","format":"standard","meta":{"_seopress_robots_primary_cat":"","_seopress_titles_title":"","_seopress_titles_desc":"","_seopress_robots_index":"","footnotes":""},"categories":[1],"tags":[],"class_list":["post-36300","post","type-post","status-publish","format-standard","has-post-thumbnail","hentry","category-ultimas-noticias"],"_links":{"self":[{"href":"https:\/\/mussicom.com\/noticias\/wp-json\/wp\/v2\/posts\/36300","targetHints":{"allow":["GET"]}}],"collection":[{"href":"https:\/\/mussicom.com\/noticias\/wp-json\/wp\/v2\/posts"}],"about":[{"href":"https:\/\/mussicom.com\/noticias\/wp-json\/wp\/v2\/types\/post"}],"author":[{"embeddable":true,"href":"https:\/\/mussicom.com\/noticias\/wp-json\/wp\/v2\/users\/5"}],"replies":[{"embeddable":true,"href":"https:\/\/mussicom.com\/noticias\/wp-json\/wp\/v2\/comments?post=36300"}],"version-history":[{"count":0,"href":"https:\/\/mussicom.com\/noticias\/wp-json\/wp\/v2\/posts\/36300\/revisions"}],"wp:featuredmedia":[{"embeddable":true,"href":"https:\/\/mussicom.com\/noticias\/wp-json\/wp\/v2\/media\/36301"}],"wp:attachment":[{"href":"https:\/\/mussicom.com\/noticias\/wp-json\/wp\/v2\/media?parent=36300"}],"wp:term":[{"taxonomy":"category","embeddable":true,"href":"https:\/\/mussicom.com\/noticias\/wp-json\/wp\/v2\/categories?post=36300"},{"taxonomy":"post_tag","embeddable":true,"href":"https:\/\/mussicom.com\/noticias\/wp-json\/wp\/v2\/tags?post=36300"}],"curies":[{"name":"wp","href":"https:\/\/api.w.org\/{rel}","templated":true}]}}