{"id":36291,"date":"2025-08-11T20:16:15","date_gmt":"2025-08-11T23:16:15","guid":{"rendered":"https:\/\/mussicom.com\/piaui-recebe-tratores-e-retroescavadeiras\/"},"modified":"2025-08-11T20:16:15","modified_gmt":"2025-08-11T23:16:15","slug":"piaui-recebe-tratores-e-retroescavadeiras","status":"publish","type":"post","link":"https:\/\/mussicom.com\/noticias\/piaui-recebe-tratores-e-retroescavadeiras\/","title":{"rendered":"Piau\u00ed recebe tratores e retroescavadeiras"},"content":{"rendered":"<p> <br \/>\n<\/p>\n<div>\n<p style=\"text-align:justify\">O Minist\u00e9rio da Agricultura e Pecu\u00e1ria (Mapa), por meio da Superintend\u00eancia de Agricultura e Pecu\u00e1ria do Piau\u00ed (SFA-PI), entregou tratores agr\u00edcolas e retroescavadeiras para 33 munic\u00edpios do estado nesta segunda-feira (11). A entrega faz parte do Programa Nacional de Moderniza\u00e7\u00e3o e Apoio \u00e0 Produ\u00e7\u00e3o Agr\u00edcola (Promaq) e ocorreu no Parque de Exposi\u00e7\u00f5es Dirceu Arcoverde, em Teresina.&#13;\n<\/p>\n<p style=\"text-align:justify\">A a\u00e7\u00e3o busca modernizar o setor agropecu\u00e1rio, com foco na mecaniza\u00e7\u00e3o, aumento da produtividade, redu\u00e7\u00e3o de custos e melhoria da infraestrutura nas \u00e1reas rurais menos assistidas. O\u00a0programa tem como objetivo principal apoiar os produtores rurais em diversas regi\u00f5es do pa\u00eds.<\/p>\n<p style=\"text-align:justify\">O Promaq no Piau\u00ed teve in\u00edcio em julho, com a entrega de um trator e duas retroescavadeiras para os munic\u00edpios de Francisco Santo, \u00c1gua Branca e Concei\u00e7\u00e3o do Canind\u00e9. A superintend\u00eancia afirmou que o programa pretende ampliar o acesso \u00e0 mecaniza\u00e7\u00e3o agr\u00edcola e contribuir para a sustentabilidade e a qualidade de vida no meio rural, reduzindo desigualdades regionais.&#13;\n<\/p>\n<p style=\"text-align:justify\">Os munic\u00edpios beneficiados foram: Amarante, Buriti dos Lopes, Lu\u00eds Correia, Monsenhor Hip\u00f3lito, Pedro II, Santo Ant\u00f4nio de Lisboa, Simpl\u00edcio Mendes, Aroeiras do Itaim, Assun\u00e7\u00e3o do Piau\u00ed, Avelino Lopes, Campinas do Piau\u00ed, Coronel Jos\u00e9 Dias, Curral Novo, Curimat\u00e1, Dirceu Arcoverde, Elesb\u00e3o Veloso, Francisco Ayres, Inhuma, Lagoa de S\u00e3o Francisco, Matias Ol\u00edmpio, Miguel Le\u00e3o, Milton Brand\u00e3o, Paquet\u00e1, Pio IX, reden\u00e7\u00e3o do Gurgu\u00e9ia, Ribeira do Piau\u00ed, Santa Luz, Santo Ant\u00f4nio dos Milagres, S\u00e3o Francisco de Assis, S\u00e3o Jo\u00e3o da Canabrava, S\u00e3o Lu\u00eds do Piau\u00ed, Sigefredo Pacheco, e Valen\u00e7a do Piau\u00ed.<\/p>\n<\/p><\/div>\n<p><script data-cfasync=\"false\">\n    !function (f, b, e, v, n, t, s) {\n        if (f.fbq) return; n = f.fbq = function () {\n            n.callMethod ?\n                n.callMethod.apply(n, arguments) : n.queue.push(arguments)\n        };\n        if (!f._fbq) f._fbq = n; n.push = n; n.loaded = !0; n.version = '2.0';\n        n.queue = []; t = b.createElement(e); t.async = !0;\n        t.src = v; s = b.getElementsByTagName(e)[0];\n        s.parentNode.insertBefore(t, s)\n    }(window, document, 'script',\n        'https:\/\/connect.facebook.net\/en_US\/fbevents.js');\n    fbq('init', '522546078623747');\n    fbq('track', 'PageView');\n<\/script><br \/>\n<br \/><br \/>\n<br \/>Fonte: <a href=\"https:\/\/www.agrolink.com.br\/noticias\/modernizacao-agricola--piaui-recebe-tratores-e-retroescavadeiras_504830.html\">AGROLINK<\/a><\/p>\n","protected":false},"excerpt":{"rendered":"<p>O Minist\u00e9rio da Agricultura e Pecu\u00e1ria (Mapa), por meio da Superintend\u00eancia de Agricultura e Pecu\u00e1ria do Piau\u00ed (SFA-PI), entregou tratores agr\u00edcolas e retroescavadeiras para 33 munic\u00edpios do estado nesta segunda-feira (11). A entrega faz parte do Programa Nacional de Moderniza\u00e7\u00e3o e Apoio \u00e0 Produ\u00e7\u00e3o Agr\u00edcola (Promaq) e ocorreu no Parque de Exposi\u00e7\u00f5es Dirceu Arcoverde, em [&hellip;]<\/p>\n","protected":false},"author":5,"featured_media":36292,"comment_status":"open","ping_status":"open","sticky":false,"template":"","format":"standard","meta":{"_seopress_robots_primary_cat":"","_seopress_titles_title":"","_seopress_titles_desc":"","_seopress_robots_index":"","footnotes":""},"categories":[53],"tags":[],"class_list":["post-36291","post","type-post","status-publish","format-standard","has-post-thumbnail","hentry","category-agronegocio"],"_links":{"self":[{"href":"https:\/\/mussicom.com\/noticias\/wp-json\/wp\/v2\/posts\/36291","targetHints":{"allow":["GET"]}}],"collection":[{"href":"https:\/\/mussicom.com\/noticias\/wp-json\/wp\/v2\/posts"}],"about":[{"href":"https:\/\/mussicom.com\/noticias\/wp-json\/wp\/v2\/types\/post"}],"author":[{"embeddable":true,"href":"https:\/\/mussicom.com\/noticias\/wp-json\/wp\/v2\/users\/5"}],"replies":[{"embeddable":true,"href":"https:\/\/mussicom.com\/noticias\/wp-json\/wp\/v2\/comments?post=36291"}],"version-history":[{"count":0,"href":"https:\/\/mussicom.com\/noticias\/wp-json\/wp\/v2\/posts\/36291\/revisions"}],"wp:featuredmedia":[{"embeddable":true,"href":"https:\/\/mussicom.com\/noticias\/wp-json\/wp\/v2\/media\/36292"}],"wp:attachment":[{"href":"https:\/\/mussicom.com\/noticias\/wp-json\/wp\/v2\/media?parent=36291"}],"wp:term":[{"taxonomy":"category","embeddable":true,"href":"https:\/\/mussicom.com\/noticias\/wp-json\/wp\/v2\/categories?post=36291"},{"taxonomy":"post_tag","embeddable":true,"href":"https:\/\/mussicom.com\/noticias\/wp-json\/wp\/v2\/tags?post=36291"}],"curies":[{"name":"wp","href":"https:\/\/api.w.org\/{rel}","templated":true}]}}