{"id":36222,"date":"2025-08-11T15:32:10","date_gmt":"2025-08-11T18:32:10","guid":{"rendered":"https:\/\/mussicom.com\/forcas-de-extrema-direita-cancelaram-reuniao-com-secretario-dos-eua\/"},"modified":"2025-08-11T15:32:10","modified_gmt":"2025-08-11T18:32:10","slug":"forcas-de-extrema-direita-cancelaram-reuniao-com-secretario-dos-eua","status":"publish","type":"post","link":"https:\/\/mussicom.com\/noticias\/forcas-de-extrema-direita-cancelaram-reuniao-com-secretario-dos-eua\/","title":{"rendered":"&#8220;for\u00e7as de extrema direita&#8221; cancelaram reuni\u00e3o com secret\u00e1rio dos EUA"},"content":{"rendered":"<p> <br \/>\n<\/p>\n<div>\n<p class=\"postParagraph_post-paragraph-innerHtml__Q5vwc\">O ministro Fernando Haddad, da Fazenda, afirmou nesta segunda (11) que a reuni\u00e3o que teria com o secret\u00e1rio do Tesouro dos Estados Unidos, Scott Bessent, foi cancelada por \u201cfor\u00e7as de extrema direita\u201d que atuam junto \u00e0 Casa Branca. O encontro seria realizado pela internet na pr\u00f3xima quarta (13) para discutir o tarifa\u00e7o de 50% imposto pelo presidente Donald Trump e poderia ampliar a lista de exce\u00e7\u00f5es ou mesmo reduzir a al\u00edquota cobrada.<\/p>\n<p class=\"postParagraph_post-paragraph-innerHtml__Q5vwc\">Haddad afirmou que o encontro foi cancelado \u201csem nova data agendada ou pr\u00e9-agendada\u201d ap\u00f3s receber um e-mail de assessores de Bessent alegando um problema de agenda. A reuni\u00e3o havia sido anunciada por ele na semana passada como um avan\u00e7o nas negocia\u00e7\u00f5es.<\/p>\n<p class=\"postParagraph_post-paragraph-innerHtml__Q5vwc\">\u201cA milit\u00e2ncia antidiplom\u00e1tica dessas for\u00e7as de extrema direita que atuam junto \u00e0 Casa Branca teve conhecimento da minha fala [&#8230;], agiu junto a alguns assessores e a reuni\u00e3o virtual que seria na quarta-feira foi desmarcada\u201d, disse Haddad em entrevista \u00e0 <em>GloboNews<\/em>.<\/p>\n<div class=\"postViewMore_post-view-more-container___5wai\" data-mrf-recirculation=\"Post - Veja tamb\u00e9m\">\n<p class=\"gp-styles-module-size-small-afeYRa gp-styles-module-font-family2-afeYRa gp-styles-module-color-secondary-afeYRa gp-styles-module-weight-bold-afeYRa\">VEJA TAMB\u00c9M:<\/p>\n<ul class=\"postViewMore_post-view-more-list__CU_CE\">\n<li class=\"postViewMore_post-view-more-item__2MzRb\">\n<div class=\"postViewMore_post-view-more-image__5gUSe\"><picture class=\"imageDefault_image-container__XGd8_\"><\/picture><\/div>\n<p>Eduardo Bolsonaro prev\u00ea mais san\u00e7\u00f5es dos EUA contra ministros do STF<\/li>\n<\/ul>\n<\/div>\n<p class=\"postParagraph_post-paragraph__juWZN\">Fernando Haddad considerou o cancelamento como uma situa\u00e7\u00e3o \u201cbem inusitada\u201d e que \u201ca quest\u00e3o comercial n\u00e3o est\u00e1 em foco\u201d. O ministro relatou que o chanceler Mauro Vieira, das Rela\u00e7\u00f5es Exteriores, tamb\u00e9m teve dificuldades em conseguir estabelecer um contato com o seu hom\u00f3logo Marco Rubio, e que apenas o vice-presidente Geraldo Alckmin (PSB), que \u00e9 tamb\u00e9m ministro do Desenvolvimento, Ind\u00fastria e Com\u00e9rcio (MDIC), \u00e9 quem teve um maior avan\u00e7o com o secret\u00e1rio de Com\u00e9rcio dos Estados Unidos, Howard Lutnick.<\/p>\n<p class=\"postParagraph_post-paragraph__juWZN\">Ainda de acordo com ele, a alega\u00e7\u00e3o de que haveria um problema de agenda \u2013 ou seja, de falta de um hor\u00e1rio para a conversa \u2013 n\u00e3o se sustenta por conta de informa\u00e7\u00f5es que chegaram ao minist\u00e9rio atrav\u00e9s de interlocutores. Para Haddad, diferente de outros pa\u00edses, h\u00e1 no Brasil uma \u201cfor\u00e7a pol\u00edtica\u201d que \u201cest\u00e1 fazendo uma esp\u00e9cie de antiplomacia\u201d a cada novo passo do governo para resolver o tarifa\u00e7o diplomaticamente.<\/p>\n<p class=\"postParagraph_post-paragraph__juWZN\">\u201cRecebemos essa informa\u00e7\u00e3o [do cancelamento] um ou dois dias depois do an\u00fancio em que o Eduardo [Bolsonaro] publicamente deu uma entrevista que ia procurar inibir esse tipo de contato entre os dois governos, porque o que estava em causa n\u00e3o era quest\u00e3o comercial, e depois disso \u00e9 que aconteceu o epis\u00f3dio. N\u00e3o h\u00e1 como n\u00e3o relacionar uma coisa \u00e0 outra\u201d, disparou.<\/p>\n<p class=\"postParagraph_post-paragraph__juWZN\">Haddad diz que o minist\u00e9rio ainda tentou, junto \u00e0 assessoria de Bessent, remarcar a reuni\u00e3o ap\u00f3s a alega\u00e7\u00e3o de n\u00e3o haver nova data dispon\u00edvel. Apesar disso, o ministro reafirmou que, junto de Vieira e Alckmin, est\u00e1 tentando preparar um encontro de Lula e Trump, e que o petista n\u00e3o fechou as portas ao dizer que seria uma \u201chumilha\u00e7\u00e3o\u201d se reunir com o l\u00edder norte-americano para discutir o tarifa\u00e7o.<\/p>\n<p class=\"postParagraph_post-paragraph__juWZN\">\u201cQuando voc\u00ea encontra resist\u00eancia, \u00e9 que o problema est\u00e1 em outro lugar. Est\u00e1 na incompreens\u00e3o de como funcionam as institui\u00e7\u00f5es brasileiras e os Tr\u00eas Poderes\u201d, disse instigando a C\u00e2mara dos Deputados a tomar uma atitude contra a atua\u00e7\u00e3o de Eduardo nos Estados Unidos que seria, na vis\u00e3o dele, contra a Constitui\u00e7\u00e3o e os interesses do pa\u00eds.<\/p>\n<p class=\"postParagraph_post-paragraph__juWZN\">O ministro tamb\u00e9m afirmou que n\u00e3o havia qualquer sinal de que o Brasil poderia ser alvo da taxa\u00e7\u00e3o de 50%, e que o pr\u00f3prio secret\u00e1rio Scott Bessent havia se mostrado \u201cdesconfort\u00e1vel\u201d com a tarifa de 10% imposta anteriormente a toda a Am\u00e9rica do Sul, na conversa que tiveram em maio. Haddad, afirma que o ex-presidente Jair Bolsonaro (PL) jamais havia sido citado nas conversas.<\/p>\n<p class=\"postParagraph_post-paragraph__juWZN\">Ainda segundo Fernando Haddad, as tratativas seguem e a principal preocupa\u00e7\u00e3o agora \u00e9 dar in\u00edcio ao programa de apoio aos setores produtivos afetados pelo tarifa\u00e7o. O ministro afirmou que o trabalho agora \u00e9 redirecionar a produ\u00e7\u00e3o a outros mercados \u201cque vamos ter que explorar com mais \u00eanfase\u201d.<\/p>\n<p class=\"postParagraph_post-paragraph__juWZN\">\u201cCom essas medidas de cr\u00e9dito e seguro voltados para o exportador, n\u00f3s vamos come\u00e7ar a proteger a economia brasileira desse tipo de atitude\u201d, completou. Ele deve se reunir com Lula e Alckmin no final da tarde para fechar o pacote de ajuda ao setor produtivo brasileiro, que deve ser anunciado na ter\u00e7a (12).<\/p>\n<\/div>\n<p><br \/>\n<br \/>Fonte: <a href=\"https:\/\/www.gazetadopovo.com.br\/economia\/haddad-reuniao-secretario-tesouro-eua-cancelada-forcas-extrema-direita\/\">Gazeta do Povo<\/a><\/p>\n","protected":false},"excerpt":{"rendered":"<p>O ministro Fernando Haddad, da Fazenda, afirmou nesta segunda (11) que a reuni\u00e3o que teria com o secret\u00e1rio do Tesouro dos Estados Unidos, Scott Bessent, foi cancelada por \u201cfor\u00e7as de extrema direita\u201d que atuam junto \u00e0 Casa Branca. O encontro seria realizado pela internet na pr\u00f3xima quarta (13) para discutir o tarifa\u00e7o de 50% imposto [&hellip;]<\/p>\n","protected":false},"author":5,"featured_media":36223,"comment_status":"open","ping_status":"open","sticky":false,"template":"","format":"standard","meta":{"_seopress_robots_primary_cat":"","_seopress_titles_title":"","_seopress_titles_desc":"","_seopress_robots_index":"","footnotes":""},"categories":[45],"tags":[],"class_list":["post-36222","post","type-post","status-publish","format-standard","has-post-thumbnail","hentry","category-economia"],"_links":{"self":[{"href":"https:\/\/mussicom.com\/noticias\/wp-json\/wp\/v2\/posts\/36222","targetHints":{"allow":["GET"]}}],"collection":[{"href":"https:\/\/mussicom.com\/noticias\/wp-json\/wp\/v2\/posts"}],"about":[{"href":"https:\/\/mussicom.com\/noticias\/wp-json\/wp\/v2\/types\/post"}],"author":[{"embeddable":true,"href":"https:\/\/mussicom.com\/noticias\/wp-json\/wp\/v2\/users\/5"}],"replies":[{"embeddable":true,"href":"https:\/\/mussicom.com\/noticias\/wp-json\/wp\/v2\/comments?post=36222"}],"version-history":[{"count":0,"href":"https:\/\/mussicom.com\/noticias\/wp-json\/wp\/v2\/posts\/36222\/revisions"}],"wp:featuredmedia":[{"embeddable":true,"href":"https:\/\/mussicom.com\/noticias\/wp-json\/wp\/v2\/media\/36223"}],"wp:attachment":[{"href":"https:\/\/mussicom.com\/noticias\/wp-json\/wp\/v2\/media?parent=36222"}],"wp:term":[{"taxonomy":"category","embeddable":true,"href":"https:\/\/mussicom.com\/noticias\/wp-json\/wp\/v2\/categories?post=36222"},{"taxonomy":"post_tag","embeddable":true,"href":"https:\/\/mussicom.com\/noticias\/wp-json\/wp\/v2\/tags?post=36222"}],"curies":[{"name":"wp","href":"https:\/\/api.w.org\/{rel}","templated":true}]}}