{"id":35962,"date":"2025-08-10T00:56:04","date_gmt":"2025-08-10T03:56:04","guid":{"rendered":"https:\/\/mussicom.com\/kakay-diz-que-bolsonaro-deve-pegar-30-anos-de-prisao\/"},"modified":"2025-08-10T00:56:04","modified_gmt":"2025-08-10T03:56:04","slug":"kakay-diz-que-bolsonaro-deve-pegar-30-anos-de-prisao","status":"publish","type":"post","link":"https:\/\/mussicom.com\/noticias\/kakay-diz-que-bolsonaro-deve-pegar-30-anos-de-prisao\/","title":{"rendered":"Kakay diz que Bolsonaro deve pegar 30 anos de pris\u00e3o"},"content":{"rendered":"<p> <br \/>\n<\/p>\n<div>\n<p class=\"postParagraph_post-paragraph-innerHtml__Q5vwc\">O criminalista Ant\u00f4nio Carlos de Almeida Castro, o Kakay \u2014 que atuou como advogado do ex-ministro da Casa Civil Jos\u00e9 Dirceu, condenado e preso na Opera\u00e7\u00e3o Lava Jato \u2014 afirmou que o ex-presidente Jair Bolsonaro deve receber, no m\u00ednimo, 30 anos de pris\u00e3o se for condenado nos processos que enfrenta no Supremo Tribunal Federal (STF). Em entrevista ao podcast <em>Direito &amp; Justi\u00e7a,<\/em> Kakay disse que, por ser apontado como l\u00edder de organiza\u00e7\u00e3o criminosa, a dosimetria de pena no caso de Bolsonaro \u201cser\u00e1 muito alta\u201d.<\/p>\n<p class=\"postParagraph_post-paragraph-innerHtml__Q5vwc\">O ex-mandat\u00e1rio atualmente se encontra em pris\u00e3o domiciliar ap\u00f3s decis\u00e3o do ministro Alexandre de Moraes, no dia 4 de agosto. O magistrado argumentou que o ex-presidente violou a restri\u00e7\u00e3o, imposta em julho, de usar as redes sociais, inclusive por meio de terceiros, nas\u00a0manifesta\u00e7\u00f5es\u00a0ocorridas em 3 de agosto.<\/p>\n<p class=\"postParagraph_post-paragraph__juWZN\">\u201cN\u00e3o tem como ser menos do que isso, porque, como l\u00edder da organiza\u00e7\u00e3o criminosa, a pena deve ser agravada. A dosimetria ser\u00e1 muito alta\u201d, afirmou o advogado, explicando que as penas podem ser somadas de acordo com o regime de concurso material. O Minist\u00e9rio P\u00fablico Federal denunciou Bolsonaro por cinco crimes, que juntos j\u00e1 somariam cerca de 14 ou 15 anos na soma das penas m\u00ednimas, mas que, segundo ele, podem ultrapassar 30 anos.<\/p>\n<p class=\"postParagraph_post-paragraph__juWZN\">Kakay tamb\u00e9m avaliou que uma eventual pris\u00e3o de Bolsonaro n\u00e3o provocaria como\u00e7\u00e3o nacional. Para sustentar a an\u00e1lise, citou o caso do general Braga Netto, ex-vice-presidente, preso desde dezembro, cuja situa\u00e7\u00e3o, segundo ele, \u201cfoi esquecida\u201d pela opini\u00e3o p\u00fablica.<\/p>\n<p class=\"postParagraph_post-paragraph__juWZN\">O criminalista ainda comparou o processo de Bolsonaro com a opera\u00e7\u00e3o Lava Jato, ressaltando que n\u00e3o v\u00ea paralelo entre os casos. Para ele, enquanto a Lava Jato teve uma suposto \u201cconluio\u201d entre ju\u00edzes e procuradores com fins pol\u00edticos, o julgamento dos atos de 8 de janeiro representa, segundo sua vis\u00e3o, o Judici\u00e1rio atuando em defesa da democracia contra um Executivo autorit\u00e1rio e um Legislativo cooptado.<\/p>\n<p class=\"postParagraph_post-paragraph__juWZN\">&#8220;Na Lava Jato, havia um juiz em conluio com os procuradores, com um objetivo pol\u00edtico claro. J\u00e1 no processo do 8 de janeiro, viv\u00edamos um governo de perfil fascista e um Legislativo cooptado. Por mais paradoxal que pare\u00e7a, o \u00fanico poder que se colocou, de fato, contra essa tentativa de golpe foi justamente o mais conservador, patrimonialista, machista e racista: o Poder Judici\u00e1rio&#8221;, afirmou.<\/p>\n<\/div>\n<p><br \/>\n<br \/>Fonte: <a href=\"https:\/\/www.gazetadopovo.com.br\/republica\/kakay-diz-que-bolsonaro-deve-pegar-30-anos-de-prisao\/\">Revista Oeste<\/a><\/p>\n","protected":false},"excerpt":{"rendered":"<p>O criminalista Ant\u00f4nio Carlos de Almeida Castro, o Kakay \u2014 que atuou como advogado do ex-ministro da Casa Civil Jos\u00e9 Dirceu, condenado e preso na Opera\u00e7\u00e3o Lava Jato \u2014 afirmou que o ex-presidente Jair Bolsonaro deve receber, no m\u00ednimo, 30 anos de pris\u00e3o se for condenado nos processos que enfrenta no Supremo Tribunal Federal (STF). [&hellip;]<\/p>\n","protected":false},"author":5,"featured_media":35963,"comment_status":"open","ping_status":"open","sticky":false,"template":"","format":"standard","meta":{"_seopress_robots_primary_cat":"","_seopress_titles_title":"","_seopress_titles_desc":"","_seopress_robots_index":"","footnotes":""},"categories":[1],"tags":[],"class_list":["post-35962","post","type-post","status-publish","format-standard","has-post-thumbnail","hentry","category-ultimas-noticias"],"_links":{"self":[{"href":"https:\/\/mussicom.com\/noticias\/wp-json\/wp\/v2\/posts\/35962","targetHints":{"allow":["GET"]}}],"collection":[{"href":"https:\/\/mussicom.com\/noticias\/wp-json\/wp\/v2\/posts"}],"about":[{"href":"https:\/\/mussicom.com\/noticias\/wp-json\/wp\/v2\/types\/post"}],"author":[{"embeddable":true,"href":"https:\/\/mussicom.com\/noticias\/wp-json\/wp\/v2\/users\/5"}],"replies":[{"embeddable":true,"href":"https:\/\/mussicom.com\/noticias\/wp-json\/wp\/v2\/comments?post=35962"}],"version-history":[{"count":0,"href":"https:\/\/mussicom.com\/noticias\/wp-json\/wp\/v2\/posts\/35962\/revisions"}],"wp:featuredmedia":[{"embeddable":true,"href":"https:\/\/mussicom.com\/noticias\/wp-json\/wp\/v2\/media\/35963"}],"wp:attachment":[{"href":"https:\/\/mussicom.com\/noticias\/wp-json\/wp\/v2\/media?parent=35962"}],"wp:term":[{"taxonomy":"category","embeddable":true,"href":"https:\/\/mussicom.com\/noticias\/wp-json\/wp\/v2\/categories?post=35962"},{"taxonomy":"post_tag","embeddable":true,"href":"https:\/\/mussicom.com\/noticias\/wp-json\/wp\/v2\/tags?post=35962"}],"curies":[{"name":"wp","href":"https:\/\/api.w.org\/{rel}","templated":true}]}}