{"id":35928,"date":"2025-08-09T17:05:23","date_gmt":"2025-08-09T20:05:23","guid":{"rendered":"https:\/\/mussicom.com\/tocantins-tem-dia-d-de-vacinacao-contra-o-sarampo\/"},"modified":"2025-08-09T17:05:23","modified_gmt":"2025-08-09T20:05:23","slug":"tocantins-tem-dia-d-de-vacinacao-contra-o-sarampo","status":"publish","type":"post","link":"https:\/\/mussicom.com\/noticias\/tocantins-tem-dia-d-de-vacinacao-contra-o-sarampo\/","title":{"rendered":"Tocantins tem Dia D de Vacina\u00e7\u00e3o contra o Sarampo"},"content":{"rendered":"<p> <br \/>\n<\/p>\n<div>\n<p>O Minist\u00e9rio da Sa\u00fade realiza neste s\u00e1bado (9) mais um Dia D de Vacina\u00e7\u00e3o contra o Sarampo no Tocantins. Foram enviadas mais de 74 mil doses para os 139 munic\u00edpios do estado, com o objetivo de refor\u00e7ar a prote\u00e7\u00e3o contra casos vindos de fora do Brasil.<img decoding=\"async\" src=\"https:\/\/agenciabrasil.ebc.com.br\/ebc.gif?id=1653860&amp;o=node\" style=\"width:1px; height:1px; display:inline;\"\/><\/p>\n<p>A doen\u00e7a avan\u00e7a nas Am\u00e9ricas, em especial na Bol\u00edvia, e 17 casos importados foram registrados em Campos Lindos, no Tocantins. Outros tr\u00eas est\u00e3o em investiga\u00e7\u00e3o na cidade.<\/p>\n<p><strong>Desde o come\u00e7o do ano, quase 30 mil doses da tr\u00edplice viral, que protege contra sarampo, caxumba e rub\u00e9ola, j\u00e1 foram aplicadas no estado.<\/strong>\u00a0<\/p>\n<p>O Minist\u00e9rio da Sa\u00fade tamb\u00e9m intensifica a vacina\u00e7\u00e3o nas cidades que fazem fronteira com a Bol\u00edvia e em munic\u00edpios do Maranh\u00e3o pr\u00f3ximos \u00e0 divisa com o estado.<\/p>\n<h2>Indica\u00e7\u00e3o<\/h2>\n<p><strong>A vacina \u00e9 gratuita no Sistema \u00danico de Sa\u00fade (SUS) e indicada para quem tem entre 6 meses e 59 anos de idade. Basta procurar o posto de sa\u00fade mais pr\u00f3ximo.<\/strong><\/p>\n<p>O sarampo \u00e9 altamente contagioso e pode ser transmitido ao tossir, espirrar ou falar. Uma pessoa infectada pode transmitir o v\u00edrus para at\u00e9 90% das pessoas ao redor que n\u00e3o estejam vacinadas.<\/p>\n<p><strong>No Brasil, em mar\u00e7o, cinco casos importados foram confirmados em diferentes estados, mas todos foram controlados com bloqueio vacinal.<\/strong> Por isso, o minist\u00e9rio refor\u00e7a que a vacina\u00e7\u00e3o \u00e9 a melhor forma de manter o pa\u00eds livre do sarampo.<\/p>\n<p>      <!-- Relacionada --><\/p>\n<p>            <!-- Relacionada -->\n    <\/div>\n<p><br \/>\n<br \/>Fonte: <a href=\"https:\/\/agenciabrasil.ebc.com.br\/saude\/noticia\/2025-08\/tocantins-tem-dia-d-de-vacinacao-contra-o-sarampo\">Ag\u00eancia Brasil<\/a><\/p>\n","protected":false},"excerpt":{"rendered":"<p>O Minist\u00e9rio da Sa\u00fade realiza neste s\u00e1bado (9) mais um Dia D de Vacina\u00e7\u00e3o contra o Sarampo no Tocantins. Foram enviadas mais de 74 mil doses para os 139 munic\u00edpios do estado, com o objetivo de refor\u00e7ar a prote\u00e7\u00e3o contra casos vindos de fora do Brasil. A doen\u00e7a avan\u00e7a nas Am\u00e9ricas, em especial na Bol\u00edvia, [&hellip;]<\/p>\n","protected":false},"author":5,"featured_media":35929,"comment_status":"open","ping_status":"open","sticky":false,"template":"","format":"standard","meta":{"_seopress_robots_primary_cat":"","_seopress_titles_title":"","_seopress_titles_desc":"","_seopress_robots_index":"","footnotes":""},"categories":[46],"tags":[],"class_list":["post-35928","post","type-post","status-publish","format-standard","has-post-thumbnail","hentry","category-saude"],"_links":{"self":[{"href":"https:\/\/mussicom.com\/noticias\/wp-json\/wp\/v2\/posts\/35928","targetHints":{"allow":["GET"]}}],"collection":[{"href":"https:\/\/mussicom.com\/noticias\/wp-json\/wp\/v2\/posts"}],"about":[{"href":"https:\/\/mussicom.com\/noticias\/wp-json\/wp\/v2\/types\/post"}],"author":[{"embeddable":true,"href":"https:\/\/mussicom.com\/noticias\/wp-json\/wp\/v2\/users\/5"}],"replies":[{"embeddable":true,"href":"https:\/\/mussicom.com\/noticias\/wp-json\/wp\/v2\/comments?post=35928"}],"version-history":[{"count":0,"href":"https:\/\/mussicom.com\/noticias\/wp-json\/wp\/v2\/posts\/35928\/revisions"}],"wp:featuredmedia":[{"embeddable":true,"href":"https:\/\/mussicom.com\/noticias\/wp-json\/wp\/v2\/media\/35929"}],"wp:attachment":[{"href":"https:\/\/mussicom.com\/noticias\/wp-json\/wp\/v2\/media?parent=35928"}],"wp:term":[{"taxonomy":"category","embeddable":true,"href":"https:\/\/mussicom.com\/noticias\/wp-json\/wp\/v2\/categories?post=35928"},{"taxonomy":"post_tag","embeddable":true,"href":"https:\/\/mussicom.com\/noticias\/wp-json\/wp\/v2\/tags?post=35928"}],"curies":[{"name":"wp","href":"https:\/\/api.w.org\/{rel}","templated":true}]}}