{"id":35840,"date":"2025-08-09T05:14:55","date_gmt":"2025-08-09T08:14:55","guid":{"rendered":"https:\/\/mussicom.com\/israel-critica-alemanha-por-suspender-exportacao-de-armas\/"},"modified":"2025-08-09T05:14:55","modified_gmt":"2025-08-09T08:14:55","slug":"israel-critica-alemanha-por-suspender-exportacao-de-armas","status":"publish","type":"post","link":"https:\/\/mussicom.com\/noticias\/israel-critica-alemanha-por-suspender-exportacao-de-armas\/","title":{"rendered":"Israel critica Alemanha por suspender exporta\u00e7\u00e3o de armas"},"content":{"rendered":"<p> <br \/>\n<\/p>\n<div>\n<p class=\"postParagraph_post-paragraph__juWZN\">O primeiro-ministro de Israel, Benjamin Netanyahu, acusou nesta sexta-feira (8) o governo da Alemanha de \u201crecompensar o terrorismo do Hamas\u201d ap\u00f3s a decis\u00e3o do chanceler alem\u00e3o, Friedrich Merz, de suspender, por tempo indeterminado, as exporta\u00e7\u00f5es de armamentos que possam ser usados por Israel na Faixa de Gaza.<\/p>\n<p class=\"postParagraph_post-paragraph__juWZN\">\u201cEm vez de apoiar a guerra justa de Israel contra o Hamas, que realizou o ataque mais horr\u00edvel contra o povo judeu desde o Holocausto, a Alemanha recompensa o terrorismo do Hamas com seu embargo de armas a Israel\u201d, afirmou o gabinete do premi\u00ea em comunicado. Netanyahu disse ter conversado diretamente com Merz para expressar sua \u201cdecep\u00e7\u00e3o\u201d com a decis\u00e3o.<\/p>\n<p class=\"postParagraph_post-paragraph__juWZN\">O pronunciamento foi divulgado horas depois de o gabinete de seguran\u00e7a israelense aprovar um plano militar para ocupar a Cidade de Gaza. \u201cO objetivo de Israel n\u00e3o \u00e9 tomar Gaza, mas libert\u00e1-la do Hamas e permitir que um governo pac\u00edfico se estabele\u00e7a l\u00e1\u201d, acrescentou a nota oficial.<\/p>\n<p class=\"postParagraph_post-paragraph__juWZN\">Merz justificou a medida afirmando que o plano israelense n\u00e3o deixa claro como o pa\u00eds pretende alcan\u00e7ar seus objetivos militares, que incluem o desarmamento do Hamas, a liberta\u00e7\u00e3o dos ref\u00e9ns e a r\u00e1pida abertura de negocia\u00e7\u00f5es para um cessar-fogo. \u201cNestas circunst\u00e2ncias, o Governo Federal n\u00e3o aprovar\u00e1, at\u00e9 novo aviso, qualquer exporta\u00e7\u00e3o de material militar que possa ser utilizado na Faixa de Gaza\u201d, disse o chanceler.<\/p>\n<p class=\"postParagraph_post-paragraph__juWZN\">A decis\u00e3o \u00e9 in\u00e9dita para um governo alem\u00e3o. Em 2024, Berlim havia suspendido informalmente parte das exporta\u00e7\u00f5es militares para Israel, mas sem confirma\u00e7\u00e3o p\u00fablica, e as vendas foram retomadas no segundo semestre.<\/p>\n<p class=\"postParagraph_post-paragraph__juWZN\">Desde que assumiu em maio, Merz vem sofrendo press\u00e3o interna e externa para adotar medidas mais duras contra Israel. Embora inicialmente tenha rejeitado qualquer possibilidade de san\u00e7\u00f5es, nas \u00faltimas semanas endureceu o discurso, alinhando-se aos esfor\u00e7os diplom\u00e1ticos do grupo E3 &#8211; formado por Alemanha, Fran\u00e7a e Reino Unido &#8211; para for\u00e7ar mudan\u00e7as na condu\u00e7\u00e3o da guerra em Gaza.<\/p>\n<p class=\"postParagraph_post-paragraph__juWZN\">Israel mant\u00e9m que sua opera\u00e7\u00e3o no enclave \u00e9 uma resposta leg\u00edtima aos ataques terroristas do Hamas e tem como objetivo eliminar a capacidade do grupo de lan\u00e7ar novas ofensivas contra civis israelenses.<\/p>\n<\/div>\n<p><br \/>\n<br \/>Fonte: <a href=\"https:\/\/www.gazetadopovo.com.br\/mundo\/netanyahu-diz-que-alemanha-recompensa-o-terrorismo-ao-suspender-exportacao-de-armas\/\">Revista Oeste<\/a><\/p>\n","protected":false},"excerpt":{"rendered":"<p>O primeiro-ministro de Israel, Benjamin Netanyahu, acusou nesta sexta-feira (8) o governo da Alemanha de \u201crecompensar o terrorismo do Hamas\u201d ap\u00f3s a decis\u00e3o do chanceler alem\u00e3o, Friedrich Merz, de suspender, por tempo indeterminado, as exporta\u00e7\u00f5es de armamentos que possam ser usados por Israel na Faixa de Gaza. \u201cEm vez de apoiar a guerra justa de [&hellip;]<\/p>\n","protected":false},"author":5,"featured_media":35841,"comment_status":"open","ping_status":"open","sticky":false,"template":"","format":"standard","meta":{"_seopress_robots_primary_cat":"","_seopress_titles_title":"","_seopress_titles_desc":"","_seopress_robots_index":"","footnotes":""},"categories":[48],"tags":[],"class_list":["post-35840","post","type-post","status-publish","format-standard","has-post-thumbnail","hentry","category-internacional"],"_links":{"self":[{"href":"https:\/\/mussicom.com\/noticias\/wp-json\/wp\/v2\/posts\/35840","targetHints":{"allow":["GET"]}}],"collection":[{"href":"https:\/\/mussicom.com\/noticias\/wp-json\/wp\/v2\/posts"}],"about":[{"href":"https:\/\/mussicom.com\/noticias\/wp-json\/wp\/v2\/types\/post"}],"author":[{"embeddable":true,"href":"https:\/\/mussicom.com\/noticias\/wp-json\/wp\/v2\/users\/5"}],"replies":[{"embeddable":true,"href":"https:\/\/mussicom.com\/noticias\/wp-json\/wp\/v2\/comments?post=35840"}],"version-history":[{"count":0,"href":"https:\/\/mussicom.com\/noticias\/wp-json\/wp\/v2\/posts\/35840\/revisions"}],"wp:featuredmedia":[{"embeddable":true,"href":"https:\/\/mussicom.com\/noticias\/wp-json\/wp\/v2\/media\/35841"}],"wp:attachment":[{"href":"https:\/\/mussicom.com\/noticias\/wp-json\/wp\/v2\/media?parent=35840"}],"wp:term":[{"taxonomy":"category","embeddable":true,"href":"https:\/\/mussicom.com\/noticias\/wp-json\/wp\/v2\/categories?post=35840"},{"taxonomy":"post_tag","embeddable":true,"href":"https:\/\/mussicom.com\/noticias\/wp-json\/wp\/v2\/tags?post=35840"}],"curies":[{"name":"wp","href":"https:\/\/api.w.org\/{rel}","templated":true}]}}