{"id":35804,"date":"2025-08-09T01:31:15","date_gmt":"2025-08-09T04:31:15","guid":{"rendered":"https:\/\/mussicom.com\/alexandre-de-moraes-mantem-bloqueio-das-contas-de-ex-assessor\/"},"modified":"2025-08-09T01:31:15","modified_gmt":"2025-08-09T04:31:15","slug":"alexandre-de-moraes-mantem-bloqueio-das-contas-de-ex-assessor","status":"publish","type":"post","link":"https:\/\/mussicom.com\/noticias\/alexandre-de-moraes-mantem-bloqueio-das-contas-de-ex-assessor\/","title":{"rendered":"Alexandre de Moraes mant\u00e9m bloqueio das contas de ex-assessor"},"content":{"rendered":"<p> <br \/>\n<\/p>\n<div>\n<p class=\"postParagraph_post-paragraph__juWZN\">O ministro Alexandre de Moraes, do Supremo Tribunal Federal (STF), decidiu manter o bloqueio das contas banc\u00e1rias, dos cart\u00f5es de cr\u00e9dito e das chaves Pix de Eduardo de Oliveira Tagliaferro, seu ex-assessor e agora desafeto. Alexandre de Moraes justificou a manuten\u00e7\u00e3o do bloqueio como uma medida preventiva, destinada a garantir o prosseguimento das dilig\u00eancias ainda em andamento.<\/p>\n<p class=\"postParagraph_post-paragraph-innerHtml__Q5vwc\">A medida, publicada nesta quinta-feira (7), ocorreu no contexto da apura\u00e7\u00e3o de um poss\u00edvel crime de viola\u00e7\u00e3o de sigilo funcional, com preju\u00edzo \u00e0 administra\u00e7\u00e3o p\u00fablica.\u00a0 No mesmo despacho, o ministro negou o pedido da defesa de Tagliaferro para acesso integral aos autos, argumentando que o tr\u00e2mite das investiga\u00e7\u00f5es ainda n\u00e3o foi conclu\u00eddo.<\/p>\n<p class=\"postParagraph_post-paragraph__juWZN\">A investiga\u00e7\u00e3o contra Tagliaferro teve in\u00edcio ap\u00f3s a divulga\u00e7\u00e3o de mat\u00e9rias no jornal Folha de S. Paulo que revelaram conversas internas obtidas via WhatsApp, envolvendo servidores do STF e do Tribunal Superior Eleitoral (TSE). De acordo com o relat\u00f3rio final da Pol\u00edcia Federal (PF), h\u00e1 ind\u00edcios da pr\u00e1tica do crime previsto no C\u00f3digo Penal. O documento aponta Eduardo Tagliaferro como autor da viola\u00e7\u00e3o de sigilo funcional, resultando em seu indiciamento.<\/p>\n<p class=\"postParagraph_post-paragraph-innerHtml__Q5vwc\">A defesa argumentou que foi surpreendida pela decis\u00e3o e alegou que documentos importantes n\u00e3o estavam dispon\u00edveis. Entretanto, Moraes avaliou que a libera\u00e7\u00e3o integral das informa\u00e7\u00f5es seria prematura devido ao est\u00e1gio das investiga\u00e7\u00f5es.\u00a0<\/p>\n<p class=\"postParagraph_post-paragraph-innerHtml__Q5vwc\">Tagliaferro criticou a decis\u00e3o do ministro, acusando-o de persegui\u00e7\u00e3o contra antigos aliados do ex-presidente Jair Bolsonaro (PL). Ele citou nomes como Allan dos Santos, <a>Daniel Silveira e Paulo Figueiredo, alegando que Moraes usa sua posi\u00e7\u00e3o para silenciar vozes que, segundo ele, denunciam ilegalidades do ministro.<\/p>\n<h2 class=\"postParagraph_post-paragraph__juWZN postParagraph_type-tag-h2__TtFkT\">Tagliaferro diz que Alexandre de Moraes n\u00e3o aceita ser criticado<\/h2>\n<p class=\"postParagraph_post-paragraph__juWZN\">&#8220;Assim trabalha Alexandre de Moraes: n\u00e3o aceita ser denunciado; quem o denuncia \u00e9 calado judicialmente e vai para a pris\u00e3o&#8221;, comentou Tagliaferro, perito digital que atuou diretamente no n\u00facleo de intelig\u00eancia da Corte e chefiou a Assessoria Especial de Enfrentamento \u00e0 Desinforma\u00e7\u00e3o (AEED) no Tribunal Superior Eleitoral.<\/p>\n<p class=\"postParagraph_post-paragraph__juWZN\">Pelo X, o senador Jorge Seif (PL-SC) criticou a decis\u00e3o de Moraes. \u201cO Brasil assiste a mais um grave cap\u00edtulo da escalada autorit\u00e1ria que se instalou nas altas cortes do pa\u00eds. O servidor Eduardo de Oliveira Tagliaferro est\u00e1 sendo criminalizado pelo simples fato de ter denunciado ordens ilegais de persegui\u00e7\u00e3o a opositores pol\u00edticos\u201d, ressaltou o parlamentar.<\/p>\n<\/div>\n<p><br \/>\n<br \/>Fonte: <a href=\"https:\/\/www.gazetadopovo.com.br\/republica\/alexandre-moraes-mantem-bloqueio-contas-ex-assessor\/\">Revista Oeste<\/a><\/p>\n","protected":false},"excerpt":{"rendered":"<p>O ministro Alexandre de Moraes, do Supremo Tribunal Federal (STF), decidiu manter o bloqueio das contas banc\u00e1rias, dos cart\u00f5es de cr\u00e9dito e das chaves Pix de Eduardo de Oliveira Tagliaferro, seu ex-assessor e agora desafeto. Alexandre de Moraes justificou a manuten\u00e7\u00e3o do bloqueio como uma medida preventiva, destinada a garantir o prosseguimento das dilig\u00eancias ainda [&hellip;]<\/p>\n","protected":false},"author":5,"featured_media":35805,"comment_status":"open","ping_status":"open","sticky":false,"template":"","format":"standard","meta":{"_seopress_robots_primary_cat":"","_seopress_titles_title":"","_seopress_titles_desc":"","_seopress_robots_index":"","footnotes":""},"categories":[1],"tags":[],"class_list":["post-35804","post","type-post","status-publish","format-standard","has-post-thumbnail","hentry","category-ultimas-noticias"],"_links":{"self":[{"href":"https:\/\/mussicom.com\/noticias\/wp-json\/wp\/v2\/posts\/35804","targetHints":{"allow":["GET"]}}],"collection":[{"href":"https:\/\/mussicom.com\/noticias\/wp-json\/wp\/v2\/posts"}],"about":[{"href":"https:\/\/mussicom.com\/noticias\/wp-json\/wp\/v2\/types\/post"}],"author":[{"embeddable":true,"href":"https:\/\/mussicom.com\/noticias\/wp-json\/wp\/v2\/users\/5"}],"replies":[{"embeddable":true,"href":"https:\/\/mussicom.com\/noticias\/wp-json\/wp\/v2\/comments?post=35804"}],"version-history":[{"count":0,"href":"https:\/\/mussicom.com\/noticias\/wp-json\/wp\/v2\/posts\/35804\/revisions"}],"wp:featuredmedia":[{"embeddable":true,"href":"https:\/\/mussicom.com\/noticias\/wp-json\/wp\/v2\/media\/35805"}],"wp:attachment":[{"href":"https:\/\/mussicom.com\/noticias\/wp-json\/wp\/v2\/media?parent=35804"}],"wp:term":[{"taxonomy":"category","embeddable":true,"href":"https:\/\/mussicom.com\/noticias\/wp-json\/wp\/v2\/categories?post=35804"},{"taxonomy":"post_tag","embeddable":true,"href":"https:\/\/mussicom.com\/noticias\/wp-json\/wp\/v2\/tags?post=35804"}],"curies":[{"name":"wp","href":"https:\/\/api.w.org\/{rel}","templated":true}]}}