{"id":35586,"date":"2025-08-08T08:37:57","date_gmt":"2025-08-08T11:37:57","guid":{"rendered":"https:\/\/mussicom.com\/confira-a-movimentacao-do-mercado-da-soja\/"},"modified":"2025-08-08T08:37:57","modified_gmt":"2025-08-08T11:37:57","slug":"confira-a-movimentacao-do-mercado-da-soja","status":"publish","type":"post","link":"https:\/\/mussicom.com\/noticias\/confira-a-movimentacao-do-mercado-da-soja\/","title":{"rendered":"Confira a movimenta\u00e7\u00e3o do mercado da soja"},"content":{"rendered":"<p> <br \/>\n<\/p>\n<div>\n<p>No dia de hoje, o mercado da soja no Rio Grande do Sul manteve um tom de otimismo moderado, segundo informa\u00e7\u00f5es da TF Agroecon\u00f4mica. \u201cPre\u00e7os reportados para pagamento em 08\/08 (entrega julho at\u00e9 07\/08) ficaram em R$ 141,80 (+1,29%) porto. Compradores est\u00e3o olhando com mais for\u00e7a para meses mais \u00e0 frente. No interior os pre\u00e7os de f\u00e1bricas seguiram o balizamento de cada pra\u00e7a. R$ 133,00 Cruz Alta \u2013 Pgto. 29\/08. R$ 132,00 Passo Fundo \u2013 Pgto. fim de agosto. R$ 132,00 Iju\u00ed\u2013 Pgto. 29\/08 \u2013 para f\u00e1brica. R$ 132,00 Santa Rosa \/ S\u00e3o Luiz \u2013 Pgto. 11\/09. Pre\u00e7os de pedra em Panambi mantiveram-se em R$ 122,00 a saca ao produtor\u201d, comenta.&#13;\n<\/p>\n<p>O mercado se aqueceu em termos de negocia\u00e7\u00f5es, com pre\u00e7os travados, em Santa Catarina. \u201cAs cota\u00e7\u00f5es em Palma Sola e Rio do Sul refletem esse dinamismo, refor\u00e7ando um ambiente favor\u00e1vel para a comercializa\u00e7\u00e3o. Apesar do bom momento nos pre\u00e7os, o estado registrou em 2024 uma queda de 14% no \u00edndice de quantum da agricultura, com a soja entre os principais produtos respons\u00e1veis pela retra\u00e7\u00e3o. No porto de S\u00e3o Francisco, a saca de soja \u00e9 cotada a R$ 138,83 (-1,52%)\u201d, completa.<\/p>\n<p>Queda pontual nos pre\u00e7os e recorde nas exporta\u00e7\u00f5es de farelo no Paran\u00e1. \u201cEm Paranagu\u00e1, o pre\u00e7o chegou R$ 140,50 (-0,90%). Em Cascavel, o pre\u00e7o foi 126,80 (+0,05%). Em Maring\u00e1, o pre\u00e7o foi de R$ 127,43 (+0,23%). Em Ponta Grossa o pre\u00e7o foi a R$ 128,98 (+0,57%) por saca FOB, Pato Branco o pre\u00e7o foi R$ 138,83 (-1,52%). No balc\u00e3o, os pre\u00e7os em Ponta Grossa ficaram em R$ 118,00\u201d, indica.&#13;\n<\/p>\n<p>O Mato Grosso do Sul tem pre\u00e7os firmes. \u201cApesar de um ritmo de neg\u00f3cios mais moderado, os pre\u00e7os permanecem firmes, sustentados pela demanda e pelo cen\u00e1rio nacional positivo. Em Dourados, o spot da soja ficou em R$ 121,58 (-0,15%), Campo Grande em R$ 121,58 (+0,26%), Maracaju em R$ 121,58 (-0,15%), Chapad\u00e3o do Sul a R$ 119,70 (+0,72%), Sidrol\u00e2ndia a em R$ 121,58 (-0,15%)\u201d, informa.<\/p>\n<p>Produ\u00e7\u00e3o em queda e gargalos na armazenagem no Mato Grosso. \u201cSem dados espec\u00edficos de hoje sobre comercializa\u00e7\u00e3o ou fretes, o mercado permanece atento \u00e0 combina\u00e7\u00e3o de menor produ\u00e7\u00e3o e gargalos log\u00edsticos. Campo Verde: R$ 122,69 (+0,46%). Lucas do Rio Verde: R$ 117,27 (-0,42%), Nova Mutum: R$ 117,27 (-0,42%). Primavera do Leste: R$ 117,27 (+4,40%). Rondon\u00f3polis: R$ 122,69 (+0,02%). Sorriso: R$ 117,27 (- 0,42%)\u201d, indica.<br \/>&#13;<br \/>\n\u00a0&#13;\n<\/p>\n<\/p><\/div>\n<p><script data-cfasync=\"false\">\n    !function (f, b, e, v, n, t, s) {\n        if (f.fbq) return; n = f.fbq = function () {\n            n.callMethod ?\n                n.callMethod.apply(n, arguments) : n.queue.push(arguments)\n        };\n        if (!f._fbq) f._fbq = n; n.push = n; n.loaded = !0; n.version = '2.0';\n        n.queue = []; t = b.createElement(e); t.async = !0;\n        t.src = v; s = b.getElementsByTagName(e)[0];\n        s.parentNode.insertBefore(t, s)\n    }(window, document, 'script',\n        'https:\/\/connect.facebook.net\/en_US\/fbevents.js');\n    fbq('init', '522546078623747');\n    fbq('track', 'PageView');\n<\/script><br \/>\n<br \/><br \/>\n<br \/>Fonte: <a href=\"https:\/\/www.agrolink.com.br\/noticias\/confira-a-movimentacao-do-mercado-da-soja_504753.html\">AGROLINK<\/a><\/p>\n","protected":false},"excerpt":{"rendered":"<p>No dia de hoje, o mercado da soja no Rio Grande do Sul manteve um tom de otimismo moderado, segundo informa\u00e7\u00f5es da TF Agroecon\u00f4mica. \u201cPre\u00e7os reportados para pagamento em 08\/08 (entrega julho at\u00e9 07\/08) ficaram em R$ 141,80 (+1,29%) porto. Compradores est\u00e3o olhando com mais for\u00e7a para meses mais \u00e0 frente. No interior os pre\u00e7os [&hellip;]<\/p>\n","protected":false},"author":5,"featured_media":33825,"comment_status":"open","ping_status":"open","sticky":false,"template":"","format":"standard","meta":{"_seopress_robots_primary_cat":"","_seopress_titles_title":"","_seopress_titles_desc":"","_seopress_robots_index":"","footnotes":""},"categories":[53],"tags":[],"class_list":["post-35586","post","type-post","status-publish","format-standard","has-post-thumbnail","hentry","category-agronegocio"],"_links":{"self":[{"href":"https:\/\/mussicom.com\/noticias\/wp-json\/wp\/v2\/posts\/35586","targetHints":{"allow":["GET"]}}],"collection":[{"href":"https:\/\/mussicom.com\/noticias\/wp-json\/wp\/v2\/posts"}],"about":[{"href":"https:\/\/mussicom.com\/noticias\/wp-json\/wp\/v2\/types\/post"}],"author":[{"embeddable":true,"href":"https:\/\/mussicom.com\/noticias\/wp-json\/wp\/v2\/users\/5"}],"replies":[{"embeddable":true,"href":"https:\/\/mussicom.com\/noticias\/wp-json\/wp\/v2\/comments?post=35586"}],"version-history":[{"count":0,"href":"https:\/\/mussicom.com\/noticias\/wp-json\/wp\/v2\/posts\/35586\/revisions"}],"wp:featuredmedia":[{"embeddable":true,"href":"https:\/\/mussicom.com\/noticias\/wp-json\/wp\/v2\/media\/33825"}],"wp:attachment":[{"href":"https:\/\/mussicom.com\/noticias\/wp-json\/wp\/v2\/media?parent=35586"}],"wp:term":[{"taxonomy":"category","embeddable":true,"href":"https:\/\/mussicom.com\/noticias\/wp-json\/wp\/v2\/categories?post=35586"},{"taxonomy":"post_tag","embeddable":true,"href":"https:\/\/mussicom.com\/noticias\/wp-json\/wp\/v2\/tags?post=35586"}],"curies":[{"name":"wp","href":"https:\/\/api.w.org\/{rel}","templated":true}]}}