{"id":35580,"date":"2025-08-08T08:30:46","date_gmt":"2025-08-08T11:30:46","guid":{"rendered":"https:\/\/mussicom.com\/emergencias-com-motociclistas-adiam-cirurgias-complexas-no-sus\/"},"modified":"2025-08-08T08:30:46","modified_gmt":"2025-08-08T11:30:46","slug":"emergencias-com-motociclistas-adiam-cirurgias-complexas-no-sus","status":"publish","type":"post","link":"https:\/\/mussicom.com\/noticias\/emergencias-com-motociclistas-adiam-cirurgias-complexas-no-sus\/","title":{"rendered":"Emerg\u00eancias com motociclistas adiam cirurgias complexas no SUS"},"content":{"rendered":"<p> <br \/>\n<\/p>\n<div>\n<p><strong>Cirurgias eletivas de alta complexidade que s\u00f3 podem ser atendidas pelo Instituto Nacional de Traumatologia e Ortopedia (Into) no Sistema \u00danico de Sa\u00fade (SUS) t\u00eam sido adiadas para que os recursos da unidade sejam direcionados para v\u00edtimas de colis\u00f5es, atropelamentos e quedas envolvendo motocicletas. <\/strong>Na terceira reportagem da s\u00e9rie<em>\u00a0Rota Perigosa: brasileiros se arriscam em motos por renda e mobilidade,<\/em>\u00a0a<strong> Ag\u00eancia Brasil <\/strong>mostra o impacto na sa\u00fade p\u00fablica da epidemia de les\u00f5es sofridas sobre duas rodas.<img decoding=\"async\" src=\"https:\/\/agenciabrasil.ebc.com.br\/ebc.gif?id=1653141&amp;o=node\" style=\"width:1px; height:1px; display:inline;\"\/><\/p>\n<p>Em 2024, 1.450 cirurgias eletivas de alta complexidade deixaram de ser realizadas no Into por causa das transfer\u00eancias de emerg\u00eancia. <strong>Um em cada cinco desses pacientes transferidos havia sofrido uma les\u00e3o grave em uma moto.<\/strong><\/p>\n<p>Segundo o instituto, <strong>quando uma cirurgia de emerg\u00eancia com trauma ortop\u00e9dico chega \u00e0 unidade, cinco pacientes que aguardavam na fila deixam de ser atendidos conforme o programado<\/strong>.<\/p>\n<p>Refer\u00eancia em pesquisa e forma\u00e7\u00e3o de profissionais especializados, o Into \u00e9 apenas um dos pontos do SUS em que o impacto das les\u00f5es no tr\u00e2nsito de motociclistas tem causado preocupa\u00e7\u00e3o.<\/p>\n<h2>Metade das interna\u00e7\u00f5es<\/h2>\n<p>Segundo dados do Sistema de Informa\u00e7\u00f5es Hospitalares do Minist\u00e9rio da Sa\u00fade apresentados na Confer\u00eancia Nacional de Seguran\u00e7a no Tr\u00e2nsito no fim de julho,<strong> entre 2010 e 2023, 1,4 milh\u00e3o de motociclistas foram internados ap\u00f3s incidentes nas ruas brasileiras, o que corresponde a 57,2% de todas as interna\u00e7\u00f5es associadas a les\u00f5es de tr\u00e2nsito no pa\u00eds<\/strong>.<\/p>\n<p>A segunda categoria mais presente entre essas hospitaliza\u00e7\u00f5es foi a de pedestres, com quase 1 milh\u00e3o de casos a menos e uma fatia de 19,4% do total. Os motoristas e passageiros de autom\u00f3vel, por sua vez, respondem por 188 mil casos e 7,4% do total.<\/p>\n<p>\u00a0<\/p>\n<div class=\"dnd-widget-wrapper context-cheio_8colunas type-image\">\n<div class=\"dnd-atom-rendered\"><!-- scald=432659:cheio_8colunas --><br \/>\n            <img decoding=\"async\" src=\"https:\/\/imagens.ebc.com.br\/hgsILwZq0I8JOjpnn-GAtStJLY4=\/754x0\/smart\/https:\/\/agenciabrasil.ebc.com.br\/sites\/default\/files\/thumbnails\/image\/2025\/08\/01\/_rbr4141.jpg?itok=gHoxTiba\" alt=\"Rio de Janeiro (RJ), 30\/07\/2025 - Motociclistas de aplicativos transitam pelas ruas do centro do Rio.  Foto: T\u00e2nia R\u00eago\/Ag\u00eancia Brasil\" title=\"T\u00e2nia R\u00eago\/Ag\u00eancia Brasil\"\/><br \/>\n        <img decoding=\"async\" src=\"https:\/\/imagens.ebc.com.br\/hgsILwZq0I8JOjpnn-GAtStJLY4=\/754x0\/smart\/https:\/\/agenciabrasil.ebc.com.br\/sites\/default\/files\/thumbnails\/image\/2025\/08\/01\/_rbr4141.jpg?itok=gHoxTiba\" alt=\"Rio de Janeiro (RJ), 30\/07\/2025 - Motociclistas de aplicativos transitam pelas ruas do centro do Rio.  Foto: T\u00e2nia R\u00eago\/Ag\u00eancia Brasil\" title=\"T\u00e2nia R\u00eago\/Ag\u00eancia Brasil\"\/><br \/>\n    <!-- END scald=432659 --><\/div>\n<p><h6 class=\"meta\">Motociclistas de aplicativos transitam pelas ruas do centro do Rio &#8211; <strong>Foto: T\u00e2nia R\u00eago\/Ag\u00eancia Brasil<\/strong><!--END copyright=432659--><\/h6>\n<\/p>\n<\/div>\n<p><strong>As interna\u00e7\u00f5es de motociclistas exigiram um gasto de mais de R$ 2 bilh\u00f5es, ou 55,2% de tudo o que foi investido em gastos hospitalares de v\u00edtimas de tr\u00e2nsito.<\/strong><\/p>\n<p>Al\u00e9m disso, dados preliminares do Viva Inqu\u00e9rito 2024, realizado pelo Minist\u00e9rio da Sa\u00fade, indicam que <strong>20,8% dos acidentados que chegavam a servi\u00e7os de pronto atendimento eram trabalhadores de aplicativos<\/strong>.<\/p>\n<p>A pesquisa contou com 42 mil entrevistados em unidades de pronto atendimento (UPAs) e outras que funcionam\u00a0com portas abertas. <strong>A situa\u00e7\u00e3o \u00e9 mais grave em S\u00e3o Paulo e Belo Horizonte, onde o percentual chega a 31%.<\/strong><\/p>\n<p>\u00a0<\/p>\n<div class=\"dnd-widget-wrapper context-cheio_8colunas type-image\">\n<div class=\"dnd-atom-rendered\"><!-- scald=433112:cheio_8colunas --><br \/>\n            <img decoding=\"async\" src=\"https:\/\/imagens.ebc.com.br\/mvEKDBHdQKN6ueoQ4UAOy3XCRTQ=\/754x0\/smart\/https:\/\/agenciabrasil.ebc.com.br\/sites\/default\/files\/thumbnails\/image\/2025\/08\/06\/perfil-dos-motociclistas-mortos.jpg?itok=-f9s8sti\" alt=\"Bras\u00edlia (DF), 06\/08\/2025 - Arte para mat\u00e9ria sobre o Perfil do motociclista. Arte\/Ag\u00eancia Brasil\" title=\"Arte\/Ag\u00eancia Brasil\"\/><br \/>\n        <img decoding=\"async\" src=\"https:\/\/imagens.ebc.com.br\/mvEKDBHdQKN6ueoQ4UAOy3XCRTQ=\/754x0\/smart\/https:\/\/agenciabrasil.ebc.com.br\/sites\/default\/files\/thumbnails\/image\/2025\/08\/06\/perfil-dos-motociclistas-mortos.jpg?itok=-f9s8sti\" alt=\"Bras\u00edlia (DF), 06\/08\/2025 - Arte para mat\u00e9ria sobre o Perfil do motociclista. Arte\/Ag\u00eancia Brasil\" title=\"Arte\/Ag\u00eancia Brasil\"\/><br \/>\n    <!-- END scald=433112 --><\/div>\n<p><h6 class=\"meta\"><strong>Arte\/Ag\u00eancia Brasil<\/strong><!--END copyright=433112--><\/h6>\n<\/p>\n<\/div>\n<h2>Recorde de emerg\u00eancias<\/h2>\n<p>Neste ano, o cen\u00e1rio caminha para um recorde de atendimentos de v\u00edtimas do tr\u00e2nsito no Into. <strong>De janeiro a junho, o instituto calcula que precisou realizar cirurgias de alta complexidade em cinco pacientes graves por semana transferidos ap\u00f3s sinistros de tr\u00e2nsito.<\/strong><\/p>\n<p>A diretora-geral do Into, Germana Lyra Bahr, conta que a transfer\u00eancia de pacientes de emerg\u00eancia, o que inclui as v\u00edtimas do tr\u00e2nsito, muda a programa\u00e7\u00e3o de cirurgias eletivas, que s\u00e3o a miss\u00e3o do instituto na condi\u00e7\u00e3o de\u00a0unidade de refer\u00eancia do SUS e principal centro de forma\u00e7\u00e3o e pesquisa em traumatologia e ortopedia do pa\u00eds.<\/p>\n<blockquote>\n<p>\u201cNo ano passado, a gente fez 7 mil cirurgias o ano inteiro. E a gente recebeu 966 pacientes transferidos de unidades de urg\u00eancia e emerg\u00eancia. \u00c9 como se a gente parasse mais de um m\u00eas inteiro de atender os pacientes que est\u00e3o aguardando na fila para atender emerg\u00eancias que v\u00eam de outras unidades.\u201d<\/p>\n<\/blockquote>\n<p>Germana explica que <strong>uma cirurgia de urg\u00eancia de v\u00edtimas do tr\u00e2nsito tamb\u00e9m tem um custo muito maior para o instituto do que uma eletiva<\/strong>, ainda que ambas sejam de alta complexidade. Um paciente que passa pela prepara\u00e7\u00e3o para a cirurgia eletiva chega a ter o tempo de interna\u00e7\u00e3o cinco vezes menor do que uma v\u00edtima de tr\u00e2nsito, que, em m\u00e9dia, fica 25 dias internada e pode precisar de anos de reabilita\u00e7\u00e3o.<\/p>\n<div class=\"dnd-widget-wrapper context-grande_6colunas type-image atom-align-left\">\n<div class=\"dnd-atom-rendered\"><!-- scald=432656:grande_6colunas {\"additionalClasses\":\"\"} --><br \/>\n            <img decoding=\"async\" src=\"https:\/\/imagens.ebc.com.br\/yYoUCz9HwBNV6Jgkvj293u5Nfvs=\/463x0\/smart\/https:\/\/agenciabrasil.ebc.com.br\/sites\/default\/files\/thumbnails\/image\/2025\/08\/01\/_rbr4328.jpg?itok=J72WJbIL\" alt=\"Rio de Janeiro (RJ), 31\/07\/2025 -Germana Lyra B\u00e4hr, diretora-geral do Instituto Nacional de Traumatologia e Ortopedia (Into). Foto: T\u00e2nia R\u00eago\/Ag\u00eancia Brasil\" title=\"T\u00e2nia R\u00eago\/Ag\u00eancia Brasil\"\/><br \/>\n        <img decoding=\"async\" src=\"https:\/\/imagens.ebc.com.br\/yYoUCz9HwBNV6Jgkvj293u5Nfvs=\/463x0\/smart\/https:\/\/agenciabrasil.ebc.com.br\/sites\/default\/files\/thumbnails\/image\/2025\/08\/01\/_rbr4328.jpg?itok=J72WJbIL\" alt=\"Rio de Janeiro (RJ), 31\/07\/2025 -Germana Lyra B\u00e4hr, diretora-geral do Instituto Nacional de Traumatologia e Ortopedia (Into). Foto: T\u00e2nia R\u00eago\/Ag\u00eancia Brasil\" title=\"T\u00e2nia R\u00eago\/Ag\u00eancia Brasil\"\/><br \/>\n    <!-- END scald=432656 --><\/div>\n<p><h6 class=\"meta\">Diretora-geral do Into,\u00a0Germana Lyra B\u00e4hr diz que uma cirurgia\u00a0de urg\u00eancia de v\u00edtima\u00a0do tr\u00e2nsito custa mais que uma eletiva\u00a0&#8211; <strong>Foto:\u00a0T\u00e2nia R\u00eago\/Ag\u00eancia Brasil<\/strong><!--END copyright=432656--><\/h6>\n<\/p>\n<\/div>\n<p>\u201cMas n\u00e3o \u00e9 s\u00f3 o tempo, a gente tem muito gasto com antibi\u00f3tico de alto custo, porque eles v\u00eam, muitas vezes, infectados, porque sofrem les\u00f5es de rua, caem no asfalto.\u201d<\/p>\n<p>O aumento desses casos preocupa o Into e o sistema de sa\u00fade como um todo, porque j\u00e1 era esperado que o envelhecimento da popula\u00e7\u00e3o demandaria cada vez mais cuidados de ortopedia e traumatologia. A diretora do Into explica que<strong> a maior expectativa de vida da popula\u00e7\u00e3o n\u00e3o tem sido acompanhada pelo adiamento da manifesta\u00e7\u00e3o de problemas de sa\u00fade mais associados \u00e0 idade avan\u00e7ada, e o resultado tem sido um n\u00famero cada vez maior de doen\u00e7as cr\u00f4nicas.<\/strong><\/p>\n<p>\u201cNa ortopedia, isso \u00e9 muito importante. Gera osteoartrite, necessidade de pr\u00f3teses e outras quest\u00f5es. Se aumenta a demanda de pacientes para [cirurgia] eletiva e aumenta a demanda de pacientes transferidos por acidentes de tr\u00e2nsito, a gente n\u00e3o consegue dar conta de tudo. Nosso problema n\u00e3o \u00e9 or\u00e7ament\u00e1rio, \u00e9 f\u00edsico. N\u00e3o vai ter gente suficiente para dar conta.\u201d<\/p>\n<h2>Tratamento para toda a vida<\/h2>\n<p>Desde que foi transferido para o Into, em janeiro de 2023, Eduardo Barbosa, de 39 anos, conta com os cuidados especializados do instituto em sua reabilita\u00e7\u00e3o. Uma vez por semana, ele passa o dia inteiro na unidade, para sess\u00f5es de fisioterapia, terapia ocupacional e psicoterapia.<\/p>\n<p>\u201cEu n\u00e3o sabia que existia um hospital no Rio de Janeiro com a qualidade que eu encontro aqui. A gente se sente muito acolhido, e isso \u00e9 muito importante para quem passa por uma mudan\u00e7a t\u00e3o radical de vida.\u201d<\/p>\n<div class=\"dnd-widget-wrapper context-grande_6colunas type-image atom-align-right\">\n<div class=\"dnd-atom-rendered\"><!-- scald=432651:grande_6colunas {\"additionalClasses\":\"\"} --><br \/>\n            <img decoding=\"async\" src=\"https:\/\/imagens.ebc.com.br\/cQh2fWKFGRlUxVZpUcNNRZCmD90=\/463x0\/smart\/https:\/\/agenciabrasil.ebc.com.br\/sites\/default\/files\/thumbnails\/image\/2025\/08\/01\/_rbr4240.jpg?itok=tolK86yF\" alt=\"Rio de Janeiro (RJ), 31\/07\/2025 - O entregador, Eduardo Barbosa, 39 anos, faz tratamento de recupera\u00e7\u00e3o ap\u00f3s acidente com motocicleta, no Instituto Nacional de Traumatologia e Ortopedia (Into). Foto: T\u00e2nia R\u00eago\/Ag\u00eancia Brasil\" title=\"T\u00e2nia R\u00eago\/Ag\u00eancia Brasil\"\/><br \/>\n        <img decoding=\"async\" src=\"https:\/\/imagens.ebc.com.br\/cQh2fWKFGRlUxVZpUcNNRZCmD90=\/463x0\/smart\/https:\/\/agenciabrasil.ebc.com.br\/sites\/default\/files\/thumbnails\/image\/2025\/08\/01\/_rbr4240.jpg?itok=tolK86yF\" alt=\"Rio de Janeiro (RJ), 31\/07\/2025 - O entregador, Eduardo Barbosa, 39 anos, faz tratamento de recupera\u00e7\u00e3o ap\u00f3s acidente com motocicleta, no Instituto Nacional de Traumatologia e Ortopedia (Into). Foto: T\u00e2nia R\u00eago\/Ag\u00eancia Brasil\" title=\"T\u00e2nia R\u00eago\/Ag\u00eancia Brasil\"\/><br \/>\n    <!-- END scald=432651 --><\/div>\n<p><h6 class=\"meta\">V\u00edtima de acidente com\u00a0moto, o\u00a0entregador\u00a0Eduardo Barbosa\u00a0faz sess\u00f5es de reabilita\u00e7\u00e3o\u00a0no Into &#8211; <strong>Foto:\u00a0T\u00e2nia R\u00eago\/Ag\u00eancia Brasil<\/strong><!--END copyright=432651--><\/h6>\n<\/p>\n<\/div>\n<p>Em julho de 2022, Eduardo comemorou a compra de uma moto nova para trabalhar \u2500 ele fazia as entregas, e seu companheiro preparava os lanches na lanchonete que administravam.<strong> Em um fim de semana de folga, por\u00e9m, em setembro daquele ano, os dois bateram na lateral de uma carreta que, durante uma curva fechada, invadiu a pista em que desciam a Serra da Mantiqueira, em Resende (RJ).<\/strong><\/p>\n<p>Eduardo estava no carona, com capacete, jaqueta de couro e toda a prote\u00e7\u00e3o que \u00e9 poss\u00edvel ter em uma moto. Mesmo assim, <strong>o choque com um ve\u00edculo t\u00e3o pesado causou as les\u00f5es t\u00e3o graves que quase causaram tetraplegia e amputa\u00e7\u00e3o do bra\u00e7o esquerdo<\/strong>.<\/p>\n<p>\u201cO meu acidente poderia ter sido pior se a gente tivesse sido imprudente e estivesse em alta velocidade. Como a gente estava devagar, o mais precioso Deus guardou, que foi a vida.\u201d<\/p>\n<p>Quando foi socorrido, Eduardo ficou 44 dias internado no Hospital Dona Lindu, em Para\u00edba do Sul (RJ). Ao longo desse per\u00edodo, ele passava por cirurgias toda segunda, quarta e sexta. Foram necess\u00e1rias interven\u00e7\u00f5es no rosto, na coluna, no ombro e no bra\u00e7o esquerdo, membro em que perdeu ossos, m\u00fasculos e dois dedos, incluindo o polegar. Depois disso, foi transferido para o Into para a realiza\u00e7\u00e3o de cirurgias de alta complexidade ao longo de mais tr\u00eas dias de interna\u00e7\u00e3o. <strong>Foram os profissionais do instituto que salvaram seu bra\u00e7o esquerdo da amputa\u00e7\u00e3o.<\/strong><\/p>\n<blockquote>\n<p>\u201cEu estou h\u00e1 tr\u00eas anos [em tratamento] e ainda tenho muito mais anos pela frente. Tem pacientes com dez, 12 anos [de reabilita\u00e7\u00e3o] e que ainda est\u00e3o em tratamento. N\u00e3o \u00e9 algo que eu possa falar que vou ter alta em dois anos. Pode ser que dure a vida inteira\u201d, conta ele, que passou a morar com a m\u00e3e e ainda tem cinco cirurgias para fazer.<\/p>\n<\/blockquote>\n<p>\u201cQuando eu ganhar uma alta, se eu tiver uma oportunidade de fazer uma atividade que eu consiga exercer, eu pretendo voltar para o mercado de trabalho. At\u00e9 para me sentir vivo, independentemente do acidente\u201d, sonha ele, que conseguiu acesso ao aux\u00edlio-doen\u00e7a porque mantinha em dia as contribui\u00e7\u00f5es previdenci\u00e1rias de seu registro de microempreendedor individual.<\/p>\n<div class=\"dnd-widget-wrapper context-grande_6colunas type-image atom-align-left\">\n<div class=\"dnd-atom-rendered\"><!-- scald=432655:grande_6colunas {\"additionalClasses\":\"\"} --><br \/>\n            <img decoding=\"async\" src=\"https:\/\/imagens.ebc.com.br\/cU2JVkYbGr-UEWh-bHtBh9cClic=\/463x0\/smart\/https:\/\/agenciabrasil.ebc.com.br\/sites\/default\/files\/thumbnails\/image\/2025\/08\/01\/_rbr4301.jpg?itok=-UWMqbjZ\" alt=\"Rio de Janeiro (RJ), 31\/07\/2025 - Martha Menezes Lucas, terapeuta ocupacional do Instituto Nacional de Traumatologia e Ortopedia (Into). Foto: T\u00e2nia R\u00eago\/Ag\u00eancia Brasil\" title=\"T\u00e2nia R\u00eago\/Ag\u00eancia Brasil\"\/><br \/>\n        <img decoding=\"async\" src=\"https:\/\/imagens.ebc.com.br\/cU2JVkYbGr-UEWh-bHtBh9cClic=\/463x0\/smart\/https:\/\/agenciabrasil.ebc.com.br\/sites\/default\/files\/thumbnails\/image\/2025\/08\/01\/_rbr4301.jpg?itok=-UWMqbjZ\" alt=\"Rio de Janeiro (RJ), 31\/07\/2025 - Martha Menezes Lucas, terapeuta ocupacional do Instituto Nacional de Traumatologia e Ortopedia (Into). Foto: T\u00e2nia R\u00eago\/Ag\u00eancia Brasil\" title=\"T\u00e2nia R\u00eago\/Ag\u00eancia Brasil\"\/><br \/>\n    <!-- END scald=432655 --><\/div>\n<p><h6 class=\"meta\">Martha Menezes Lucas, terapeuta ocupacional do Into, conta de 90% de seus pacientes s\u00e3o motociclistas &#8211; <strong>Foto:\u00a0T\u00e2nia R\u00eago\/Ag\u00eancia Brasil<\/strong><!--END copyright=432655--><\/h6>\n<\/p>\n<\/div>\n<h2>Qualidade de vida<\/h2>\n<p>Entre os cuidados da reabilita\u00e7\u00e3o, ele passa por sess\u00f5es no Laborat\u00f3rio de Atividade da Vida Di\u00e1ria, onde reaprende tarefas do dia a dia, como varrer, cortar alimentos, dobrar roupas e arrumar a cama.<\/p>\n<p>A terapeuta ocupacional Martha Menezes Lucas acompanha Eduardo e outros pacientes nessa recupera\u00e7\u00e3o e <strong>v\u00ea com preocupa\u00e7\u00e3o a quantidade de motociclistas que precisam dessa assist\u00eancia<\/strong>. Ela \u00e9 especializada na recupera\u00e7\u00e3o de pessoas que sofreram les\u00f5es no plexo braquial, uma rede de nervos que passa pelo pesco\u00e7o, ombros, bra\u00e7os e m\u00e3os.<\/p>\n<blockquote>\n<p>\u201cNoventa por cento\u00a0dos meus pacientes s\u00e3o motociclistas, porque essa les\u00e3o de plexo acontece com muita facilidade nesses impactos de moto. E, ultimamente, tamb\u00e9m temos recebido pessoas que estavam em motos por aplicativo, que n\u00e3o tinham experi\u00eancia em andar de moto e acabaram caindo.\u201d<\/p>\n<\/blockquote>\n<p><strong>Martha conta que esses pacientes sofrem frequentemente com limita\u00e7\u00f5es graves e permanentes, que geram perda de qualidade de vida e condi\u00e7\u00f5es laborais<\/strong>. Isso se torna mais dram\u00e1tico porque tamb\u00e9m \u00e9 comum que sejam trabalhadores informais que n\u00e3o contribuem para a Previd\u00eancia Social.<\/p>\n<p>\u201cMuitas vezes, era o principal mantenedor da casa. E, quando ele perde a capacidade de trabalhar e precisa de, no m\u00ednimo, dois ou tr\u00eas anos de reabilita\u00e7\u00e3o, fica dependendo do companheiro, da ajuda da m\u00e3e e do pai. E eles perdem muito tamb\u00e9m na capacidade de socializar. Quando voc\u00ea est\u00e1 com dor, em reabilita\u00e7\u00e3o e com menos recursos, voc\u00ea j\u00e1 n\u00e3o sai mais, n\u00e3o v\u00ea seus amigos, perde relacionamentos. \u00c9 uma perda grande de qualidade de vida.\u201d<\/p>\n<p>      <!-- Relacionada --><\/p>\n<p>            <!-- Relacionada -->\n    <\/div>\n<p><br \/>\n<br \/>Fonte: <a href=\"https:\/\/agenciabrasil.ebc.com.br\/saude\/noticia\/2025-08\/emergencias-com-motociclistas-adiam-cirurgias-complexas-no-sus\">Ag\u00eancia Brasil<\/a><\/p>\n","protected":false},"excerpt":{"rendered":"<p>Cirurgias eletivas de alta complexidade que s\u00f3 podem ser atendidas pelo Instituto Nacional de Traumatologia e Ortopedia (Into) no Sistema \u00danico de Sa\u00fade (SUS) t\u00eam sido adiadas para que os recursos da unidade sejam direcionados para v\u00edtimas de colis\u00f5es, atropelamentos e quedas envolvendo motocicletas. Na terceira reportagem da s\u00e9rie\u00a0Rota Perigosa: brasileiros se arriscam em motos [&hellip;]<\/p>\n","protected":false},"author":5,"featured_media":35581,"comment_status":"open","ping_status":"open","sticky":false,"template":"","format":"standard","meta":{"_seopress_robots_primary_cat":"","_seopress_titles_title":"","_seopress_titles_desc":"","_seopress_robots_index":"","footnotes":""},"categories":[46],"tags":[],"class_list":["post-35580","post","type-post","status-publish","format-standard","has-post-thumbnail","hentry","category-saude"],"_links":{"self":[{"href":"https:\/\/mussicom.com\/noticias\/wp-json\/wp\/v2\/posts\/35580","targetHints":{"allow":["GET"]}}],"collection":[{"href":"https:\/\/mussicom.com\/noticias\/wp-json\/wp\/v2\/posts"}],"about":[{"href":"https:\/\/mussicom.com\/noticias\/wp-json\/wp\/v2\/types\/post"}],"author":[{"embeddable":true,"href":"https:\/\/mussicom.com\/noticias\/wp-json\/wp\/v2\/users\/5"}],"replies":[{"embeddable":true,"href":"https:\/\/mussicom.com\/noticias\/wp-json\/wp\/v2\/comments?post=35580"}],"version-history":[{"count":0,"href":"https:\/\/mussicom.com\/noticias\/wp-json\/wp\/v2\/posts\/35580\/revisions"}],"wp:featuredmedia":[{"embeddable":true,"href":"https:\/\/mussicom.com\/noticias\/wp-json\/wp\/v2\/media\/35581"}],"wp:attachment":[{"href":"https:\/\/mussicom.com\/noticias\/wp-json\/wp\/v2\/media?parent=35580"}],"wp:term":[{"taxonomy":"category","embeddable":true,"href":"https:\/\/mussicom.com\/noticias\/wp-json\/wp\/v2\/categories?post=35580"},{"taxonomy":"post_tag","embeddable":true,"href":"https:\/\/mussicom.com\/noticias\/wp-json\/wp\/v2\/tags?post=35580"}],"curies":[{"name":"wp","href":"https:\/\/api.w.org\/{rel}","templated":true}]}}