{"id":35542,"date":"2025-08-08T04:34:10","date_gmt":"2025-08-08T07:34:10","guid":{"rendered":"https:\/\/mussicom.com\/exportacoes-de-frango-quase-batem-400-mil-t\/"},"modified":"2025-08-08T04:34:10","modified_gmt":"2025-08-08T07:34:10","slug":"exportacoes-de-frango-quase-batem-400-mil-t","status":"publish","type":"post","link":"https:\/\/mussicom.com\/noticias\/exportacoes-de-frango-quase-batem-400-mil-t\/","title":{"rendered":"Exporta\u00e7\u00f5es de frango quase batem 400 mil t"},"content":{"rendered":"<p> <br \/>\n<\/p>\n<div>\n<p style=\"text-align:justify\">As exporta\u00e7\u00f5es brasileiras de carne de frango (considerando todos os produtos, entre in natura e processados) totalizaram em julho 399,7 mil toneladas, de acordo com a Associa\u00e7\u00e3o Brasileira de Prote\u00edna Animal (ABPA).<\/p>\n<p style=\"text-align:justify\">O n\u00famero \u00e9 13,8% menor em rela\u00e7\u00e3o ao registrado no mesmo per\u00edodo do ano passado (com embarques de 463,7 mil toneladas em julho de 2024) mas, ao mesmo tempo, supera em 16,4% o total exportado em junho deste ano (com 343,4 mil toneladas).<\/p>\n<p style=\"text-align:justify\">A receita registrada em julho chegou a US$ 737,8 milh\u00f5es, saldo 17% menor em rela\u00e7\u00e3o ao ano anterior (com US$ 889,2 milh\u00f5es), mas 15,8% maior na compara\u00e7\u00e3o com junho, US$ 637 milh\u00f5es.<\/p>\n<p style=\"text-align:justify\">\u201cHouve um not\u00e1vel restabelecimento do com\u00e9rcio com grande parte das na\u00e7\u00f5es que haviam suspendido as importa\u00e7\u00f5es diante da ocorr\u00eancia isolada e j\u00e1 superada de Influenza Avi\u00e1ria em uma granja comercial. Comparativamente, s\u00e3o mais de 50 mil toneladas adicionadas ao nosso fluxo, n\u00famero que dever\u00e1 se expandir nos pr\u00f3ximos meses com a consolida\u00e7\u00e3o das tratativas e a reabertura de todos os mercados\u201d, avalia o presidente da ABPA, Ricardo Santin.&#13;\n<\/p>\n<p style=\"text-align:justify\">No ano (janeiro a julho), as exporta\u00e7\u00f5es brasileiras de carne de frango totalizam 3 milh\u00f5es de toneladas, n\u00famero 1,7% menor em rela\u00e7\u00e3o ao registrado no mesmo per\u00edodo do ano passado, com 3,052 milh\u00f5es de toneladas.<\/p>\n<p style=\"text-align:justify\">J\u00e1 em receita, o saldo acumulado chegou a US$ 5,609 bilh\u00f5es, resultado 1,5% maior em rela\u00e7\u00e3o ao ano passado, com US$ 5,525 bilh\u00f5es.<\/p>\n<p style=\"text-align:justify\">Principal destino das exporta\u00e7\u00f5es de carne de frango do Brasil, os Emirados \u00c1rabes Unidos importaram 51,7 mil toneladas em julho, saldo 33,6% superior ao embarcado no mesmo per\u00edodo do ano passado, com 38,7 mil toneladas. Em seguida est\u00e3o Jap\u00e3o, com 42,9 mil toneladas (-9,3%), M\u00e9xico, com 36,4 mil toneladas (+45,6%), Ar\u00e1bia Saudita, com 31,4 mil toneladas (+19,7%), Angola, com 16,1 mil toneladas (+68,7%), Singapura, com 13,6 mil toneladas (+8,8%), Reino Unido, com 12,7 mil toneladas (+84,3%), Kwait, com 11,6 mil toneladas (+13,3%), Gana, com 10,9 mil toneladas (+131,1%) e Hong Kong, com 10,2 mil toneladas (+72,5%).&#13;\n<\/p>\n<p style=\"text-align:justify\">Maior estado exportador do Brasil, o Paran\u00e1 embarcou em julho 152,1 mil toneladas, volume 19,2% menor em rela\u00e7\u00e3o ao mesmo per\u00edodo do ano passado. Em seguida est\u00e3o Santa Catarina, com 95,3 mil toneladas (-7,6%), Rio Grande do Sul, com 46,2 mil toneladas (-22,5%), S\u00e3o Paulo, com 26,8 mil toneladas (+3,8%) e Goi\u00e1s, com 22,8 mil toneladas (+4,2%).&#13;\n<\/p>\n<\/p><\/div>\n<p><script data-cfasync=\"false\">\n    !function (f, b, e, v, n, t, s) {\n        if (f.fbq) return; n = f.fbq = function () {\n            n.callMethod ?\n                n.callMethod.apply(n, arguments) : n.queue.push(arguments)\n        };\n        if (!f._fbq) f._fbq = n; n.push = n; n.loaded = !0; n.version = '2.0';\n        n.queue = []; t = b.createElement(e); t.async = !0;\n        t.src = v; s = b.getElementsByTagName(e)[0];\n        s.parentNode.insertBefore(t, s)\n    }(window, document, 'script',\n        'https:\/\/connect.facebook.net\/en_US\/fbevents.js');\n    fbq('init', '522546078623747');\n    fbq('track', 'PageView');\n<\/script><br \/>\n<br \/><br \/>\n<br \/>Fonte: <a href=\"https:\/\/www.agrolink.com.br\/noticias\/exportacoes-de-frango-quase-batem-400-mil-t_504736.html\">AGROLINK<\/a><\/p>\n","protected":false},"excerpt":{"rendered":"<p>As exporta\u00e7\u00f5es brasileiras de carne de frango (considerando todos os produtos, entre in natura e processados) totalizaram em julho 399,7 mil toneladas, de acordo com a Associa\u00e7\u00e3o Brasileira de Prote\u00edna Animal (ABPA). O n\u00famero \u00e9 13,8% menor em rela\u00e7\u00e3o ao registrado no mesmo per\u00edodo do ano passado (com embarques de 463,7 mil toneladas em julho [&hellip;]<\/p>\n","protected":false},"author":5,"featured_media":33684,"comment_status":"open","ping_status":"open","sticky":false,"template":"","format":"standard","meta":{"_seopress_robots_primary_cat":"","_seopress_titles_title":"","_seopress_titles_desc":"","_seopress_robots_index":"","footnotes":""},"categories":[53],"tags":[],"class_list":["post-35542","post","type-post","status-publish","format-standard","has-post-thumbnail","hentry","category-agronegocio"],"_links":{"self":[{"href":"https:\/\/mussicom.com\/noticias\/wp-json\/wp\/v2\/posts\/35542","targetHints":{"allow":["GET"]}}],"collection":[{"href":"https:\/\/mussicom.com\/noticias\/wp-json\/wp\/v2\/posts"}],"about":[{"href":"https:\/\/mussicom.com\/noticias\/wp-json\/wp\/v2\/types\/post"}],"author":[{"embeddable":true,"href":"https:\/\/mussicom.com\/noticias\/wp-json\/wp\/v2\/users\/5"}],"replies":[{"embeddable":true,"href":"https:\/\/mussicom.com\/noticias\/wp-json\/wp\/v2\/comments?post=35542"}],"version-history":[{"count":0,"href":"https:\/\/mussicom.com\/noticias\/wp-json\/wp\/v2\/posts\/35542\/revisions"}],"wp:featuredmedia":[{"embeddable":true,"href":"https:\/\/mussicom.com\/noticias\/wp-json\/wp\/v2\/media\/33684"}],"wp:attachment":[{"href":"https:\/\/mussicom.com\/noticias\/wp-json\/wp\/v2\/media?parent=35542"}],"wp:term":[{"taxonomy":"category","embeddable":true,"href":"https:\/\/mussicom.com\/noticias\/wp-json\/wp\/v2\/categories?post=35542"},{"taxonomy":"post_tag","embeddable":true,"href":"https:\/\/mussicom.com\/noticias\/wp-json\/wp\/v2\/tags?post=35542"}],"curies":[{"name":"wp","href":"https:\/\/api.w.org\/{rel}","templated":true}]}}