{"id":35530,"date":"2025-08-08T03:46:09","date_gmt":"2025-08-08T06:46:09","guid":{"rendered":"https:\/\/mussicom.com\/holanda-vai-pressionar-ue-para-romper-comercio-com-israel\/"},"modified":"2025-08-08T03:46:09","modified_gmt":"2025-08-08T06:46:09","slug":"holanda-vai-pressionar-ue-para-romper-comercio-com-israel","status":"publish","type":"post","link":"https:\/\/mussicom.com\/noticias\/holanda-vai-pressionar-ue-para-romper-comercio-com-israel\/","title":{"rendered":"Holanda vai pressionar UE para romper com\u00e9rcio com Israel"},"content":{"rendered":"<p> <br \/>\n<\/p>\n<div>\n<p class=\"postParagraph_post-paragraph-innerHtml__Q5vwc\">O ministro das Rela\u00e7\u00f5es Exteriores da Holanda, Caspar Veldkamp, afirmou nesta quinta-feira (7) que o pa\u00eds vai defender, dentro da Uni\u00e3o Europeia (UE), a suspens\u00e3o do componente comercial do Acordo de Associa\u00e7\u00e3o entre o bloco e Israel. A informa\u00e7\u00e3o foi veiculada pelo jornal israelense <em>Ynet News<\/em> e ocorre em meio ao aumento das cr\u00edticas europeias contra Israel por suas opera\u00e7\u00f5es militares na Faixa de Gaza.<\/p>\n<p class=\"postParagraph_post-paragraph__juWZN\">De acordo com Veldkamp, a decis\u00e3o j\u00e1 foi comunicada ao embaixador de Israel na Holanda, Modi Ephraim. O objetivo, segundo o ministro, \u00e9 expressar o descontentamento de parte da UE com a condu\u00e7\u00e3o da guerra em Gaza. A press\u00e3o holandesa \u00e9 fruto da crescente mobiliza\u00e7\u00e3o de v\u00e1rias autoridades europeias, que exigem medidas mais duras do bloco em resposta \u00e0 situa\u00e7\u00e3o envolvendo o conflito no territ\u00f3rio palestino.<\/p>\n<p class=\"postParagraph_post-paragraph__juWZN\">Al\u00e9m da Holanda, outros pa\u00edses da UE tamb\u00e9m t\u00eam defendido abertamente a suspens\u00e3o do acordo de associa\u00e7\u00e3o com Israel, entre eles Espanha, Irlanda, Su\u00e9cia e Luxemburgo, que cobram do bloco medidas mais firmes contra os israelenses. A Eslov\u00eania recentemente proibiu o com\u00e9rcio de armas com Israel e reconheceu formalmente o Estado da Palestina.<\/p>\n<\/div>\n<p><br \/>\n<br \/>Fonte: <a href=\"https:\/\/www.gazetadopovo.com.br\/mundo\/holanda-diz-que-vai-pressionar-uniao-europeia-para-romper-acordo-comercial-com-israel\/\">Revista Oeste<\/a><\/p>\n","protected":false},"excerpt":{"rendered":"<p>O ministro das Rela\u00e7\u00f5es Exteriores da Holanda, Caspar Veldkamp, afirmou nesta quinta-feira (7) que o pa\u00eds vai defender, dentro da Uni\u00e3o Europeia (UE), a suspens\u00e3o do componente comercial do Acordo de Associa\u00e7\u00e3o entre o bloco e Israel. A informa\u00e7\u00e3o foi veiculada pelo jornal israelense Ynet News e ocorre em meio ao aumento das cr\u00edticas europeias [&hellip;]<\/p>\n","protected":false},"author":5,"featured_media":35531,"comment_status":"open","ping_status":"open","sticky":false,"template":"","format":"standard","meta":{"_seopress_robots_primary_cat":"","_seopress_titles_title":"","_seopress_titles_desc":"","_seopress_robots_index":"","footnotes":""},"categories":[48],"tags":[],"class_list":["post-35530","post","type-post","status-publish","format-standard","has-post-thumbnail","hentry","category-internacional"],"_links":{"self":[{"href":"https:\/\/mussicom.com\/noticias\/wp-json\/wp\/v2\/posts\/35530","targetHints":{"allow":["GET"]}}],"collection":[{"href":"https:\/\/mussicom.com\/noticias\/wp-json\/wp\/v2\/posts"}],"about":[{"href":"https:\/\/mussicom.com\/noticias\/wp-json\/wp\/v2\/types\/post"}],"author":[{"embeddable":true,"href":"https:\/\/mussicom.com\/noticias\/wp-json\/wp\/v2\/users\/5"}],"replies":[{"embeddable":true,"href":"https:\/\/mussicom.com\/noticias\/wp-json\/wp\/v2\/comments?post=35530"}],"version-history":[{"count":0,"href":"https:\/\/mussicom.com\/noticias\/wp-json\/wp\/v2\/posts\/35530\/revisions"}],"wp:featuredmedia":[{"embeddable":true,"href":"https:\/\/mussicom.com\/noticias\/wp-json\/wp\/v2\/media\/35531"}],"wp:attachment":[{"href":"https:\/\/mussicom.com\/noticias\/wp-json\/wp\/v2\/media?parent=35530"}],"wp:term":[{"taxonomy":"category","embeddable":true,"href":"https:\/\/mussicom.com\/noticias\/wp-json\/wp\/v2\/categories?post=35530"},{"taxonomy":"post_tag","embeddable":true,"href":"https:\/\/mussicom.com\/noticias\/wp-json\/wp\/v2\/tags?post=35530"}],"curies":[{"name":"wp","href":"https:\/\/api.w.org\/{rel}","templated":true}]}}