{"id":35504,"date":"2025-08-08T00:30:17","date_gmt":"2025-08-08T03:30:17","guid":{"rendered":"https:\/\/mussicom.com\/producao-de-mandioca-deve-crescer-15-no-parana\/"},"modified":"2025-08-08T00:30:17","modified_gmt":"2025-08-08T03:30:17","slug":"producao-de-mandioca-deve-crescer-15-no-parana","status":"publish","type":"post","link":"https:\/\/mussicom.com\/noticias\/producao-de-mandioca-deve-crescer-15-no-parana\/","title":{"rendered":"Produ\u00e7\u00e3o de mandioca deve crescer 15% no Paran\u00e1"},"content":{"rendered":"<p> <br \/>\n<\/p>\n<div>\n<div class=\"row\">\n<div class=\"col-lg col-infos mt-0 mt-lg-0\">\n<div class=\"section-sub-title\">\n<p itemprop=\"description\">&#13;<br \/>\n                                Queda de pre\u00e7os pressiona produtores de mandioca&#13;\n                            <\/p>\n<\/p><\/div>\n<div class=\"container\">\n<div class=\"row\">\n<div class=\"col-lg p-0\">\n<div>\n<div class=\"block-news-main-infos mt-3 text-start\">\n<p>                                            <strong class=\"fn\" itemprop=\"author\" style=\"color: rgb(112, 112, 112); \">&#13;<br \/>\n                                                Agrolink&#13;<br \/>\n&#13;<br \/>\n                                                    &#8211; Seane Lennon&#13;<br \/>\n&#13;<br \/>\n                                            <\/strong><br \/>\n                                        <\/p>\n<p>                                            <abbr><time datetime=\"2025-08-07T17:15\" itemprop=\"datePublished dateModified\">Publicado em 07\/08\/2025 \u00e0s 17:15h.<\/time><\/abbr><br \/>\n                                            <\/p><\/div>\n<\/p><\/div>\n<\/p><\/div>\n<div class=\"col-lg p-0 text-lg-end\">\n<div>\n<div id=\"mdEnviarPagina\" class=\"modal fade\" role=\"dialog\">\n<div class=\"modal-dialog\">\n<div class=\"modal-content\">\n<div class=\"modal-body\">\n<p><strong>Estimado usu\u00e1rio.<\/strong><br \/>Preencha o formul\u00e1rio abaixo para remeter a p\u00e1gina.<\/p>\n<\/p><\/div>\n<\/p><\/div>\n<\/p><\/div>\n<\/div><\/div>\n<\/p><\/div>\n<\/p><\/div>\n<\/p><\/div>\n<\/p><\/div>\n<\/p><\/div>\n<div class=\"row justify-content-md-center mt-3\">\n<div class=\"col-lg-auto col-image block-news-main-image\">\n<p>                                <br \/>\n                                                <span class=\"publicity-photo d-block mt-1\">Foto: Canva<\/span><\/p><\/div>\n<\/p><\/div>\n<div class=\"section-description section-description-noticias mt-3\">\n<p style=\"text-align:justify\">A colheita da mandioca no Paran\u00e1 ultrapassou a metade dos 150,1 mil hectares plantados, com estimativa de produ\u00e7\u00e3o de 4,2 milh\u00f5es de toneladas at\u00e9 o fim de 2025. A informa\u00e7\u00e3o consta no Boletim de Conjuntura Agropecu\u00e1ria divulgado nesta quinta-feira (7) pelo Departamento de Economia Rural (Deral), vinculado \u00e0 Secretaria de Estado da Agricultura e do Abastecimento (Seab).&#13;\n<\/p>\n<p style=\"text-align:justify\">O Deral projeta que a produ\u00e7\u00e3o ser\u00e1 15% superior ao volume registrado em 2024, quando o estado colheu 3,7 milh\u00f5es de toneladas da raiz. \u201cSe confirmado, esse volume representar\u00e1 um recorde de produ\u00e7\u00e3o no Paran\u00e1\u201d, apontou o departamento.<\/p>\n<p style=\"text-align:justify\">Segundo os analistas do Deral, \u201ca evolu\u00e7\u00e3o decorre das melhores produtividades esperadas para este ano, aliadas ao incremento de 8% na \u00e1rea destinada \u00e0 cultura\u201d.<\/p>\n<p style=\"text-align:justify\">A alta na produ\u00e7\u00e3o, no entanto, tem provocado queda nos pre\u00e7os da mandioca. O Deral observou que \u201cos valores v\u00eam recuando desde dezembro de 2024, com a tonelada cotada em R$ 527,23 na m\u00e9dia de julho, ficando abaixo de R$ 500 no in\u00edcio de agosto\u201d. O boletim destaca que entre junho e julho, a retra\u00e7\u00e3o foi de 4%, acumulando uma queda de 22% nos sete primeiros meses de 2025.&#13;\n<\/p>\n<p style=\"text-align:justify\">Diferentemente do relat\u00f3rio anterior, o boletim atual aponta que \u201cos valores j\u00e1 se mostram insuficientes para cobrir os custos totais de produ\u00e7\u00e3o, estimados em cerca de R$ 560 por tonelada, conforme levantamento realizado em maio\u201d. No entanto, os analistas afirmam que \u201cos custos vari\u00e1veis, de aproximadamente R$ 400 por tonelada, est\u00e3o sendo cobertos, o que pode favorecer nova expans\u00e3o da \u00e1rea plantada no pr\u00f3ximo ciclo\u201d.&#13;\n<\/p>\n<\/p><\/div>\n<\/p><\/div>\n<p><script data-cfasync=\"false\">\n    !function (f, b, e, v, n, t, s) {\n        if (f.fbq) return; n = f.fbq = function () {\n            n.callMethod ?\n                n.callMethod.apply(n, arguments) : n.queue.push(arguments)\n        };\n        if (!f._fbq) f._fbq = n; n.push = n; n.loaded = !0; n.version = '2.0';\n        n.queue = []; t = b.createElement(e); t.async = !0;\n        t.src = v; s = b.getElementsByTagName(e)[0];\n        s.parentNode.insertBefore(t, s)\n    }(window, document, 'script',\n        'https:\/\/connect.facebook.net\/en_US\/fbevents.js');\n    fbq('init', '522546078623747');\n    fbq('track', 'PageView');\n<\/script><br \/>\n<br \/><br \/>\n<br \/>Fonte: <a href=\"https:\/\/www.agrolink.com.br\/noticias\/producao-de-mandioca-deve-crescer-15--no-parana_504742.html\">AGROLINK<\/a><\/p>\n","protected":false},"excerpt":{"rendered":"<p>&#13; Queda de pre\u00e7os pressiona produtores de mandioca&#13; &#13; Agrolink&#13; &#13; &#8211; Seane Lennon&#13; &#13; Publicado em 07\/08\/2025 \u00e0s 17:15h. Estimado usu\u00e1rio.Preencha o formul\u00e1rio abaixo para remeter a p\u00e1gina. Foto: Canva A colheita da mandioca no Paran\u00e1 ultrapassou a metade dos 150,1 mil hectares plantados, com estimativa de produ\u00e7\u00e3o de 4,2 milh\u00f5es de toneladas at\u00e9 [&hellip;]<\/p>\n","protected":false},"author":5,"featured_media":30441,"comment_status":"open","ping_status":"open","sticky":false,"template":"","format":"standard","meta":{"_seopress_robots_primary_cat":"","_seopress_titles_title":"","_seopress_titles_desc":"","_seopress_robots_index":"","footnotes":""},"categories":[53],"tags":[],"class_list":["post-35504","post","type-post","status-publish","format-standard","has-post-thumbnail","hentry","category-agronegocio"],"_links":{"self":[{"href":"https:\/\/mussicom.com\/noticias\/wp-json\/wp\/v2\/posts\/35504","targetHints":{"allow":["GET"]}}],"collection":[{"href":"https:\/\/mussicom.com\/noticias\/wp-json\/wp\/v2\/posts"}],"about":[{"href":"https:\/\/mussicom.com\/noticias\/wp-json\/wp\/v2\/types\/post"}],"author":[{"embeddable":true,"href":"https:\/\/mussicom.com\/noticias\/wp-json\/wp\/v2\/users\/5"}],"replies":[{"embeddable":true,"href":"https:\/\/mussicom.com\/noticias\/wp-json\/wp\/v2\/comments?post=35504"}],"version-history":[{"count":0,"href":"https:\/\/mussicom.com\/noticias\/wp-json\/wp\/v2\/posts\/35504\/revisions"}],"wp:featuredmedia":[{"embeddable":true,"href":"https:\/\/mussicom.com\/noticias\/wp-json\/wp\/v2\/media\/30441"}],"wp:attachment":[{"href":"https:\/\/mussicom.com\/noticias\/wp-json\/wp\/v2\/media?parent=35504"}],"wp:term":[{"taxonomy":"category","embeddable":true,"href":"https:\/\/mussicom.com\/noticias\/wp-json\/wp\/v2\/categories?post=35504"},{"taxonomy":"post_tag","embeddable":true,"href":"https:\/\/mussicom.com\/noticias\/wp-json\/wp\/v2\/tags?post=35504"}],"curies":[{"name":"wp","href":"https:\/\/api.w.org\/{rel}","templated":true}]}}