{"id":35494,"date":"2025-08-07T23:32:57","date_gmt":"2025-08-08T02:32:57","guid":{"rendered":"https:\/\/mussicom.com\/vila-sonia-recebe-edicao-da-sexta-musical-com-sertanejo-e-servicos-gratuitos\/"},"modified":"2025-08-07T23:32:57","modified_gmt":"2025-08-08T02:32:57","slug":"vila-sonia-recebe-edicao-da-sexta-musical-com-sertanejo-e-servicos-gratuitos","status":"publish","type":"post","link":"https:\/\/mussicom.com\/noticias\/vila-sonia-recebe-edicao-da-sexta-musical-com-sertanejo-e-servicos-gratuitos\/","title":{"rendered":"Vila S\u00f4nia recebe edi\u00e7\u00e3o da Sexta Musical com sertanejo e servi\u00e7os gratuitos"},"content":{"rendered":"<p> <br \/>\n<\/p>\n<div><\/p>\n<div>Nesta sexta-feira (08), a Vila S\u00f4nia, em Praia Grande, recebe a Sexta Musical das 20h \u00e0s 23h na Rua Ant\u00f4nio C\u00e2ndido da Silva<\/div>\n<\/div>\n<p><br \/>\n<br \/>Fonte: <a href=\"https:\/\/jornaldaorla.com.br\/noticias\/vila-sonia-recebe-edicao-da-sexta-musical-com-sertanejo-e-servicos-gratuitos\/\">Jornal Da Orla<\/a><\/p>\n","protected":false},"excerpt":{"rendered":"<p>Nesta sexta-feira (08), a Vila S\u00f4nia, em Praia Grande, recebe a Sexta Musical das 20h \u00e0s 23h na Rua Ant\u00f4nio C\u00e2ndido da Silva Fonte: Jornal Da Orla<\/p>\n","protected":false},"author":5,"featured_media":35495,"comment_status":"open","ping_status":"open","sticky":false,"template":"","format":"standard","meta":{"_seopress_robots_primary_cat":"","_seopress_titles_title":"","_seopress_titles_desc":"","_seopress_robots_index":"","footnotes":""},"categories":[52],"tags":[],"class_list":["post-35494","post","type-post","status-publish","format-standard","has-post-thumbnail","hentry","category-santoseregiao"],"_links":{"self":[{"href":"https:\/\/mussicom.com\/noticias\/wp-json\/wp\/v2\/posts\/35494","targetHints":{"allow":["GET"]}}],"collection":[{"href":"https:\/\/mussicom.com\/noticias\/wp-json\/wp\/v2\/posts"}],"about":[{"href":"https:\/\/mussicom.com\/noticias\/wp-json\/wp\/v2\/types\/post"}],"author":[{"embeddable":true,"href":"https:\/\/mussicom.com\/noticias\/wp-json\/wp\/v2\/users\/5"}],"replies":[{"embeddable":true,"href":"https:\/\/mussicom.com\/noticias\/wp-json\/wp\/v2\/comments?post=35494"}],"version-history":[{"count":0,"href":"https:\/\/mussicom.com\/noticias\/wp-json\/wp\/v2\/posts\/35494\/revisions"}],"wp:featuredmedia":[{"embeddable":true,"href":"https:\/\/mussicom.com\/noticias\/wp-json\/wp\/v2\/media\/35495"}],"wp:attachment":[{"href":"https:\/\/mussicom.com\/noticias\/wp-json\/wp\/v2\/media?parent=35494"}],"wp:term":[{"taxonomy":"category","embeddable":true,"href":"https:\/\/mussicom.com\/noticias\/wp-json\/wp\/v2\/categories?post=35494"},{"taxonomy":"post_tag","embeddable":true,"href":"https:\/\/mussicom.com\/noticias\/wp-json\/wp\/v2\/tags?post=35494"}],"curies":[{"name":"wp","href":"https:\/\/api.w.org\/{rel}","templated":true}]}}