{"id":35433,"date":"2025-08-07T17:35:07","date_gmt":"2025-08-07T20:35:07","guid":{"rendered":"https:\/\/mussicom.com\/alckmin-se-reune-fora-da-agenda-com-representante-da-embaixada-dos-eua\/"},"modified":"2025-08-07T17:35:07","modified_gmt":"2025-08-07T20:35:07","slug":"alckmin-se-reune-fora-da-agenda-com-representante-da-embaixada-dos-eua","status":"publish","type":"post","link":"https:\/\/mussicom.com\/noticias\/alckmin-se-reune-fora-da-agenda-com-representante-da-embaixada-dos-eua\/","title":{"rendered":"Alckmin se re\u00fane fora da agenda com representante da embaixada dos EUA"},"content":{"rendered":"<p> <br \/>\n<\/p>\n<div>\n<p><strong>O vice-presidente e ministro do Desenvolvimento, Ind\u00fastria, Com\u00e9rcio e Servi\u00e7os (Mdic), Geraldo Alckmin, reuniu-se nesta quinta-feira (7) com o encarregado de neg\u00f3cios da Embaixada dos Estados Unidos no Brasil, Gabriel Escobar.<\/strong> O encontro ocorreu fora da agenda e no dia seguinte \u00e0 entrada em vigor da tarifa de 50% sobre os produtos brasileiros pela maior economia do planeta.<img decoding=\"async\" src=\"https:\/\/agenciabrasil.ebc.com.br\/ebc.gif?id=1653632&amp;o=node\" style=\"width:1px; height:1px; display:inline;\"\/><\/p>\n<p>A reuni\u00e3o foi realizada no pr\u00e9dio do minist\u00e9rio, em Bras\u00edlia. No entanto, nem a pasta, nem a embaixada dos EUA detalharam o teor da conversa. <strong>O Mdic apenas informou que o encontro tratou das rela\u00e7\u00f5es bilaterais entre o Brasil e os Estados Unidos.<\/strong><\/p>\n<p>Em meio \u00e0s negocia\u00e7\u00f5es sobre o tarifa\u00e7o, Escobar \u00e9 o principal interlocutor do governo estadunidense no Brasil. At\u00e9 agora, o governo de Donald Trump n\u00e3o designou um embaixador para o pa\u00eds, ap\u00f3s a sa\u00edda de Elizabeth Bagley do cargo, em janeiro deste ano.\u00a0<\/p>\n<p><strong>Antes de se reunir com Alckmin, Escobar encontrou-se com o presidente da Comiss\u00e3o de Rela\u00e7\u00f5es Exteriores do Senado, Nelsinho Trad (PSD-MS). Ap\u00f3s sair do minist\u00e9rio, Escobar esteve na C\u00e2mara dos Deputados, deixando o Congresso Nacional h\u00e1 pouco.<\/strong><\/p>\n<p>Desde ontem (6), os Estados Unidos taxam em 50% parte das importa\u00e7\u00f5es de produtos brasileiros. Segundo o Mdic, a tarifa m\u00e1xima de 50% afeta 35,9% das vendas de produtos brasileiros aos Estados Unidos, e 44,6% est\u00e3o na lista de exce\u00e7\u00f5es e continuam a pagar 10% de tarifa.<\/p>\n<p>Entre os itens que n\u00e3o foram sobretaxados pelos Estados Unidos, est\u00e3o suco de laranja, aeronaves civis, petr\u00f3leo, ve\u00edculos e pe\u00e7as, fertilizantes e produtos energ\u00e9ticos. No entanto, as exporta\u00e7\u00f5es de carne e de caf\u00e9 foram sobretaxadas e pagam 50%.<\/p>\n<p><strong>Atualmente, o governo finaliza o plano de conting\u00eancia para ajudar os setores afetados pelo tarifa\u00e7o. <\/strong>A data de apresenta\u00e7\u00e3o da medida provis\u00f3ria ainda n\u00e3o foi anunciada.<\/p>\n<p>      <!-- Relacionada --><\/p>\n<p>            <!-- Relacionada -->\n    <\/div>\n<p><br \/>\n<br \/>Fonte: <a href=\"https:\/\/agenciabrasil.ebc.com.br\/economia\/noticia\/2025-08\/alckmin-se-reune-fora-da-agenda-com-representante-da-embaixada-dos-eua\">Gazeta do Povo<\/a><\/p>\n","protected":false},"excerpt":{"rendered":"<p>O vice-presidente e ministro do Desenvolvimento, Ind\u00fastria, Com\u00e9rcio e Servi\u00e7os (Mdic), Geraldo Alckmin, reuniu-se nesta quinta-feira (7) com o encarregado de neg\u00f3cios da Embaixada dos Estados Unidos no Brasil, Gabriel Escobar. O encontro ocorreu fora da agenda e no dia seguinte \u00e0 entrada em vigor da tarifa de 50% sobre os produtos brasileiros pela maior [&hellip;]<\/p>\n","protected":false},"author":5,"featured_media":35434,"comment_status":"open","ping_status":"open","sticky":false,"template":"","format":"standard","meta":{"_seopress_robots_primary_cat":"","_seopress_titles_title":"","_seopress_titles_desc":"","_seopress_robots_index":"","footnotes":""},"categories":[45],"tags":[],"class_list":["post-35433","post","type-post","status-publish","format-standard","has-post-thumbnail","hentry","category-economia"],"_links":{"self":[{"href":"https:\/\/mussicom.com\/noticias\/wp-json\/wp\/v2\/posts\/35433","targetHints":{"allow":["GET"]}}],"collection":[{"href":"https:\/\/mussicom.com\/noticias\/wp-json\/wp\/v2\/posts"}],"about":[{"href":"https:\/\/mussicom.com\/noticias\/wp-json\/wp\/v2\/types\/post"}],"author":[{"embeddable":true,"href":"https:\/\/mussicom.com\/noticias\/wp-json\/wp\/v2\/users\/5"}],"replies":[{"embeddable":true,"href":"https:\/\/mussicom.com\/noticias\/wp-json\/wp\/v2\/comments?post=35433"}],"version-history":[{"count":0,"href":"https:\/\/mussicom.com\/noticias\/wp-json\/wp\/v2\/posts\/35433\/revisions"}],"wp:featuredmedia":[{"embeddable":true,"href":"https:\/\/mussicom.com\/noticias\/wp-json\/wp\/v2\/media\/35434"}],"wp:attachment":[{"href":"https:\/\/mussicom.com\/noticias\/wp-json\/wp\/v2\/media?parent=35433"}],"wp:term":[{"taxonomy":"category","embeddable":true,"href":"https:\/\/mussicom.com\/noticias\/wp-json\/wp\/v2\/categories?post=35433"},{"taxonomy":"post_tag","embeddable":true,"href":"https:\/\/mussicom.com\/noticias\/wp-json\/wp\/v2\/tags?post=35433"}],"curies":[{"name":"wp","href":"https:\/\/api.w.org\/{rel}","templated":true}]}}