{"id":35258,"date":"2025-08-06T19:08:59","date_gmt":"2025-08-06T22:08:59","guid":{"rendered":"https:\/\/mussicom.com\/os-novos-precos-do-spotify-que-teve-aumento-no-brasil\/"},"modified":"2025-08-06T19:08:59","modified_gmt":"2025-08-06T22:08:59","slug":"os-novos-precos-do-spotify-que-teve-aumento-no-brasil","status":"publish","type":"post","link":"https:\/\/mussicom.com\/noticias\/os-novos-precos-do-spotify-que-teve-aumento-no-brasil\/","title":{"rendered":"Os novos pre\u00e7os do Spotify, que teve aumento no Brasil"},"content":{"rendered":"<p> <br \/>\n<\/p>\n<div>\n<p>Os pre\u00e7os de assinaturas Premium do <strong>Spotify<\/strong> ir\u00e3o subir. O an\u00fancio foi feito por representantes da plataforma de streaming nesta semana.<\/p>\n<p>As quatro categorias \u2014 Estudante, Individual, Duo e Fam\u00edlia \u2014 sofreram o reajuste, que come\u00e7a a valer a partir de setembro. O maior deles foi aplicado ao \u00faltimo plano citado, com alta de aproximadamente 17%.<\/p>\n<p>Veja os pre\u00e7os a seguir:<\/p>\n<ul>\n<li>Estudante: R$ 12,90 (era R$ 11,90)<\/li>\n<li>Individual: R$ 23,90 (era R$ 21,90)<\/li>\n<li>Duo: R$ 31,90 (era R$ 27,90)<\/li>\n<li>Fam\u00edlia: R$ 40,90 (era R$ 34,90)<\/li>\n<\/ul>\n<p>Um comunicado oficial destaca que o aumento nos valores foi aplicado em pa\u00edses da \u201c\u00c1sia do Sul, Oriente M\u00e9dio, \u00c1frica, Europa, Am\u00e9rica Latina e regi\u00e3o da \u00c1sia-Pac\u00edfic\u201d. A breve justificativa destaca:<\/p>\n<blockquote class=\"citacao\"><p><em>\u201cPara continuar inovando em nossos produtos e recursos, e proporcionar a melhor experi\u00eancia poss\u00edvel, ocasionalmente atualizamos nossos pre\u00e7os.\u201d<\/em><\/p><\/blockquote>\n<h3>\u00daltimo reajuste do Spotify no Brasil<\/h3>\n<p>Os pre\u00e7os de assinaturas premium do Spotify no Brasil n\u00e3o eram reajustados desde julho de 2023. Na ocasi\u00e3o, a empresa aumentou em R$ 2 o plano Individual.<\/p>\n<p>Tanto o Individual quanto o Estudante s\u00e3o op\u00e7\u00f5es individuais, para apenas uma conta \u2014 na segunda mencionada, h\u00e1 um desconto \u00e0queles que comprovem estar estudando.<\/p>\n<p>J\u00e1 a op\u00e7\u00e3o Duo, com foco em casais que moram juntos, oferece acesso Premium a duas contas. Por fim, a possibilidade Fam\u00edlia agrega at\u00e9 seis contas Premium ou Kids de pessoas que residem no mesmo local.<\/p>\n<p><strong>+++ LEIA MAIS: As 10 m\u00fasicas de rock mais ouvidas no Spotify em todos os tempos<br \/>+++ LEIA MAIS: Por que o Coldplay se inspirou na cor amarela em \u2018Yellow\u2019<br \/>+++ LEIA MAIS: 7 bons discos de rock e metal que n\u00e3o est\u00e3o no Spotify e voc\u00ea n\u00e3o se deu conta<br \/>+++ Siga a Rolling Stone Brasil @rollingstonebrasil no Instagram<br \/>+++ Siga o jornalista Igor Miranda @igormirandasite no Instagram<\/strong><\/p>\n<\/div>\n<p><script async src=\"\/\/www.instagram.com\/embed.js\"><\/script><br \/>\n<br \/><br \/>\n<br \/>Fonte: <a href=\"https:\/\/rollingstone.com.br\/musica\/os-novos-precos-do-spotify-que-teve-aumento-no-brasil\/\">rollingstone.com.br<\/a><\/p>\n","protected":false},"excerpt":{"rendered":"<p>Os pre\u00e7os de assinaturas Premium do Spotify ir\u00e3o subir. O an\u00fancio foi feito por representantes da plataforma de streaming nesta semana. As quatro categorias \u2014 Estudante, Individual, Duo e Fam\u00edlia \u2014 sofreram o reajuste, que come\u00e7a a valer a partir de setembro. O maior deles foi aplicado ao \u00faltimo plano citado, com alta de aproximadamente [&hellip;]<\/p>\n","protected":false},"author":5,"featured_media":35259,"comment_status":"open","ping_status":"open","sticky":false,"template":"","format":"standard","meta":{"_seopress_robots_primary_cat":"","_seopress_titles_title":"","_seopress_titles_desc":"","_seopress_robots_index":"","footnotes":""},"categories":[51],"tags":[],"class_list":["post-35258","post","type-post","status-publish","format-standard","has-post-thumbnail","hentry","category-musica"],"_links":{"self":[{"href":"https:\/\/mussicom.com\/noticias\/wp-json\/wp\/v2\/posts\/35258","targetHints":{"allow":["GET"]}}],"collection":[{"href":"https:\/\/mussicom.com\/noticias\/wp-json\/wp\/v2\/posts"}],"about":[{"href":"https:\/\/mussicom.com\/noticias\/wp-json\/wp\/v2\/types\/post"}],"author":[{"embeddable":true,"href":"https:\/\/mussicom.com\/noticias\/wp-json\/wp\/v2\/users\/5"}],"replies":[{"embeddable":true,"href":"https:\/\/mussicom.com\/noticias\/wp-json\/wp\/v2\/comments?post=35258"}],"version-history":[{"count":0,"href":"https:\/\/mussicom.com\/noticias\/wp-json\/wp\/v2\/posts\/35258\/revisions"}],"wp:featuredmedia":[{"embeddable":true,"href":"https:\/\/mussicom.com\/noticias\/wp-json\/wp\/v2\/media\/35259"}],"wp:attachment":[{"href":"https:\/\/mussicom.com\/noticias\/wp-json\/wp\/v2\/media?parent=35258"}],"wp:term":[{"taxonomy":"category","embeddable":true,"href":"https:\/\/mussicom.com\/noticias\/wp-json\/wp\/v2\/categories?post=35258"},{"taxonomy":"post_tag","embeddable":true,"href":"https:\/\/mussicom.com\/noticias\/wp-json\/wp\/v2\/tags?post=35258"}],"curies":[{"name":"wp","href":"https:\/\/api.w.org\/{rel}","templated":true}]}}