{"id":35244,"date":"2025-08-06T17:52:26","date_gmt":"2025-08-06T20:52:26","guid":{"rendered":"https:\/\/mussicom.com\/expointer-registra-maior-numero-de-animais-inscritos-em-12-anos\/"},"modified":"2025-08-06T17:52:26","modified_gmt":"2025-08-06T20:52:26","slug":"expointer-registra-maior-numero-de-animais-inscritos-em-12-anos","status":"publish","type":"post","link":"https:\/\/mussicom.com\/noticias\/expointer-registra-maior-numero-de-animais-inscritos-em-12-anos\/","title":{"rendered":"Expointer registra maior n\u00famero de animais inscritos em 12 anos"},"content":{"rendered":"<p> <br \/>\n<\/p>\n<div>\n<div class=\"row\">\n<div class=\"col-lg col-infos mt-0 mt-lg-0\">\n<div class=\"section-sub-title\">\n<p itemprop=\"description\">&#13;<br \/>\n                                Anglo-\u00c1rabe retorna \u00e0 programa\u00e7\u00e3o do evento&#13;\n                            <\/p>\n<\/p><\/div>\n<div class=\"container\">\n<div class=\"row\">\n<div class=\"col-lg p-0\">\n<div>\n<div class=\"block-news-main-infos mt-3 text-start\">\n<p>                                            <strong class=\"fn\" itemprop=\"author\" style=\"color: rgb(112, 112, 112); \">&#13;<br \/>\n                                                Agrolink&#13;<br \/>\n&#13;<br \/>\n                                                    &#8211; Seane Lennon&#13;<br \/>\n&#13;<br \/>\n                                            <\/strong><br \/>\n                                        <\/p>\n<p>                                            <abbr><time datetime=\"2025-08-06T16:45\" itemprop=\"datePublished dateModified\">Publicado em 06\/08\/2025 \u00e0s 16:45h.<\/time><\/abbr><br \/>\n                                            <\/p><\/div>\n<\/p><\/div>\n<\/p><\/div>\n<div class=\"col-lg p-0 text-lg-end\">\n<div>\n<div id=\"mdEnviarPagina\" class=\"modal fade\" role=\"dialog\">\n<div class=\"modal-dialog\">\n<div class=\"modal-content\">\n<div class=\"modal-body\">\n<p><strong>Estimado usu\u00e1rio.<\/strong><br \/>Preencha o formul\u00e1rio abaixo para remeter a p\u00e1gina.<\/p>\n<\/p><\/div>\n<\/p><\/div>\n<\/p><\/div>\n<\/div><\/div>\n<\/p><\/div>\n<\/p><\/div>\n<\/p><\/div>\n<\/p><\/div>\n<\/p><\/div>\n<div class=\"row justify-content-md-center mt-3\">\n<div class=\"col-lg-auto col-image block-news-main-image\">\n<p>                                <br \/>\n                                                <span class=\"publicity-photo d-block mt-1\">Foto: Foto: Gustavo Mansur\/Secom<\/span><\/p><\/div>\n<\/p><\/div>\n<div class=\"section-description section-description-noticias mt-3\">\n<p style=\"text-align:justify\">A 48\u00aa edi\u00e7\u00e3o da Expointer alcan\u00e7ou o maior n\u00famero de animais de argola inscritos dos \u00faltimos 12 anos. Segundo dados do evento, 5.107 exemplares participar\u00e3o da feira, que acontece entre os dias 30 de agosto e 7 de setembro no Parque de Exposi\u00e7\u00f5es Assis Brasil, em Esteio. As inscri\u00e7\u00f5es para essa categoria j\u00e1 est\u00e3o encerradas.&#13;\n<\/p>\n<p style=\"text-align:justify\">O crescimento de 47,69% no total de animais em rela\u00e7\u00e3o \u00e0 edi\u00e7\u00e3o de 2024 est\u00e1 relacionado, principalmente, ao retorno das aves e p\u00e1ssaros \u00e0 programa\u00e7\u00e3o. Esses grupos haviam sido exclu\u00eddos nos \u00faltimos anos devido \u00e0s restri\u00e7\u00f5es impostas por emerg\u00eancias zoossanit\u00e1rias, como a gripe avi\u00e1ria e a doen\u00e7a de Newcastle.<\/p>\n<p style=\"text-align:justify\">A alta no n\u00famero de inscri\u00e7\u00f5es ocorreu em quase todos os segmentos. Entre os ovinos, foram registrados 997 animais. Os bovinos somam 1.381 inscritos, dos quais 260 s\u00e3o oriundos de outros estados. No grupo dos equinos, os p\u00f4neis mais que dobraram a participa\u00e7\u00e3o, totalizando 217 animais.&#13;\n<\/p>\n<p style=\"text-align:justify\">Nesta edi\u00e7\u00e3o, duas ra\u00e7as estreiam na feira: a caprina leiteira Murciana, origin\u00e1ria da Espanha, e os bovinos de corte Greyman, desenvolvidos na Austr\u00e1lia a partir do cruzamento entre Murray Grey e zebu\u00ednos das ra\u00e7as Nelore ou Brahman. Tamb\u00e9m retorna \u00e0 programa\u00e7\u00e3o a ra\u00e7a Anglo-\u00c1rabe, resultante do cruzamento de cavalos \u00c1rabe com Puro-sangue Ingl\u00eas.<\/p>\n<p style=\"text-align:justify\">O n\u00famero total de animais presentes na feira ser\u00e1 conhecido em 14 de agosto, data em que se encerram as inscri\u00e7\u00f5es da categoria r\u00fastica.<\/p>\n<\/p><\/div>\n<\/p><\/div>\n<p><script data-cfasync=\"false\">\n    !function (f, b, e, v, n, t, s) {\n        if (f.fbq) return; n = f.fbq = function () {\n            n.callMethod ?\n                n.callMethod.apply(n, arguments) : n.queue.push(arguments)\n        };\n        if (!f._fbq) f._fbq = n; n.push = n; n.loaded = !0; n.version = '2.0';\n        n.queue = []; t = b.createElement(e); t.async = !0;\n        t.src = v; s = b.getElementsByTagName(e)[0];\n        s.parentNode.insertBefore(t, s)\n    }(window, document, 'script',\n        'https:\/\/connect.facebook.net\/en_US\/fbevents.js');\n    fbq('init', '522546078623747');\n    fbq('track', 'PageView');\n<\/script><br \/>\n<br \/><br \/>\n<br \/>Fonte: <a href=\"https:\/\/www.agrolink.com.br\/noticias\/expointer-registra-maior-numero-de-animais-inscritos-em-12-anos_504696.html\">AGROLINK<\/a><\/p>\n","protected":false},"excerpt":{"rendered":"<p>&#13; Anglo-\u00c1rabe retorna \u00e0 programa\u00e7\u00e3o do evento&#13; &#13; Agrolink&#13; &#13; &#8211; Seane Lennon&#13; &#13; Publicado em 06\/08\/2025 \u00e0s 16:45h. Estimado usu\u00e1rio.Preencha o formul\u00e1rio abaixo para remeter a p\u00e1gina. Foto: Foto: Gustavo Mansur\/Secom A 48\u00aa edi\u00e7\u00e3o da Expointer alcan\u00e7ou o maior n\u00famero de animais de argola inscritos dos \u00faltimos 12 anos. Segundo dados do evento, 5.107 [&hellip;]<\/p>\n","protected":false},"author":5,"featured_media":35245,"comment_status":"open","ping_status":"open","sticky":false,"template":"","format":"standard","meta":{"_seopress_robots_primary_cat":"","_seopress_titles_title":"","_seopress_titles_desc":"","_seopress_robots_index":"","footnotes":""},"categories":[53],"tags":[],"class_list":["post-35244","post","type-post","status-publish","format-standard","has-post-thumbnail","hentry","category-agronegocio"],"_links":{"self":[{"href":"https:\/\/mussicom.com\/noticias\/wp-json\/wp\/v2\/posts\/35244","targetHints":{"allow":["GET"]}}],"collection":[{"href":"https:\/\/mussicom.com\/noticias\/wp-json\/wp\/v2\/posts"}],"about":[{"href":"https:\/\/mussicom.com\/noticias\/wp-json\/wp\/v2\/types\/post"}],"author":[{"embeddable":true,"href":"https:\/\/mussicom.com\/noticias\/wp-json\/wp\/v2\/users\/5"}],"replies":[{"embeddable":true,"href":"https:\/\/mussicom.com\/noticias\/wp-json\/wp\/v2\/comments?post=35244"}],"version-history":[{"count":0,"href":"https:\/\/mussicom.com\/noticias\/wp-json\/wp\/v2\/posts\/35244\/revisions"}],"wp:featuredmedia":[{"embeddable":true,"href":"https:\/\/mussicom.com\/noticias\/wp-json\/wp\/v2\/media\/35245"}],"wp:attachment":[{"href":"https:\/\/mussicom.com\/noticias\/wp-json\/wp\/v2\/media?parent=35244"}],"wp:term":[{"taxonomy":"category","embeddable":true,"href":"https:\/\/mussicom.com\/noticias\/wp-json\/wp\/v2\/categories?post=35244"},{"taxonomy":"post_tag","embeddable":true,"href":"https:\/\/mussicom.com\/noticias\/wp-json\/wp\/v2\/tags?post=35244"}],"curies":[{"name":"wp","href":"https:\/\/api.w.org\/{rel}","templated":true}]}}