{"id":35197,"date":"2025-08-06T12:47:19","date_gmt":"2025-08-06T15:47:19","guid":{"rendered":"https:\/\/mussicom.com\/parque-valongo-inicia-nova-fase-com-obras-no-armazem-3\/"},"modified":"2025-08-06T12:47:19","modified_gmt":"2025-08-06T15:47:19","slug":"parque-valongo-inicia-nova-fase-com-obras-no-armazem-3","status":"publish","type":"post","link":"https:\/\/mussicom.com\/noticias\/parque-valongo-inicia-nova-fase-com-obras-no-armazem-3\/","title":{"rendered":"Parque Valongo inicia nova fase com obras no Armaz\u00e9m 3"},"content":{"rendered":"<p> <br \/>\n<\/p>\n<div><\/p>\n<div>A primeira fase do Parque Valongo envolveu a integra\u00e7\u00e3o entre o Porto e Cidade, a reconquista da linha d&#8217;\u00e1gua.<\/div>\n<\/div>\n<p><br \/>\n<br \/>Fonte: <a href=\"https:\/\/jornaldaorla.com.br\/noticias\/parque-valongo-inicia-nova-fase-com-obras-no-armazem-3\/\">Jornal Da Orla<\/a><\/p>\n","protected":false},"excerpt":{"rendered":"<p>A primeira fase do Parque Valongo envolveu a integra\u00e7\u00e3o entre o Porto e Cidade, a reconquista da linha d&#8217;\u00e1gua. Fonte: Jornal Da Orla<\/p>\n","protected":false},"author":5,"featured_media":35198,"comment_status":"open","ping_status":"open","sticky":false,"template":"","format":"standard","meta":{"_seopress_robots_primary_cat":"","_seopress_titles_title":"","_seopress_titles_desc":"","_seopress_robots_index":"","footnotes":""},"categories":[52],"tags":[],"class_list":["post-35197","post","type-post","status-publish","format-standard","has-post-thumbnail","hentry","category-santoseregiao"],"_links":{"self":[{"href":"https:\/\/mussicom.com\/noticias\/wp-json\/wp\/v2\/posts\/35197","targetHints":{"allow":["GET"]}}],"collection":[{"href":"https:\/\/mussicom.com\/noticias\/wp-json\/wp\/v2\/posts"}],"about":[{"href":"https:\/\/mussicom.com\/noticias\/wp-json\/wp\/v2\/types\/post"}],"author":[{"embeddable":true,"href":"https:\/\/mussicom.com\/noticias\/wp-json\/wp\/v2\/users\/5"}],"replies":[{"embeddable":true,"href":"https:\/\/mussicom.com\/noticias\/wp-json\/wp\/v2\/comments?post=35197"}],"version-history":[{"count":0,"href":"https:\/\/mussicom.com\/noticias\/wp-json\/wp\/v2\/posts\/35197\/revisions"}],"wp:featuredmedia":[{"embeddable":true,"href":"https:\/\/mussicom.com\/noticias\/wp-json\/wp\/v2\/media\/35198"}],"wp:attachment":[{"href":"https:\/\/mussicom.com\/noticias\/wp-json\/wp\/v2\/media?parent=35197"}],"wp:term":[{"taxonomy":"category","embeddable":true,"href":"https:\/\/mussicom.com\/noticias\/wp-json\/wp\/v2\/categories?post=35197"},{"taxonomy":"post_tag","embeddable":true,"href":"https:\/\/mussicom.com\/noticias\/wp-json\/wp\/v2\/tags?post=35197"}],"curies":[{"name":"wp","href":"https:\/\/api.w.org\/{rel}","templated":true}]}}