{"id":35098,"date":"2025-08-05T23:48:05","date_gmt":"2025-08-06T02:48:05","guid":{"rendered":"https:\/\/mussicom.com\/soraya-thronicke-e-vaiada-em-show-do-roupa-nova-e-banda-se-posiciona\/"},"modified":"2025-08-05T23:48:05","modified_gmt":"2025-08-06T02:48:05","slug":"soraya-thronicke-e-vaiada-em-show-do-roupa-nova-e-banda-se-posiciona","status":"publish","type":"post","link":"https:\/\/mussicom.com\/noticias\/soraya-thronicke-e-vaiada-em-show-do-roupa-nova-e-banda-se-posiciona\/","title":{"rendered":"Soraya Thronicke \u00e9 vaiada em show do Roupa Nova e banda se posiciona"},"content":{"rendered":"<p> <br \/>\n<\/p>\n<div>\n<p>A senadora <strong>Soraya Thronicke<\/strong> (Podemos-MS) foi vaiada durante uma apresenta\u00e7\u00e3o do <strong>Roupa Nova<\/strong> em <strong>Campo Grande<\/strong>. Na ocasi\u00e3o, ela fazia uma pergunta sobre uma m\u00fasica, em um momento de intera\u00e7\u00e3o que \u00e9 comum em shows do grupo.<\/p>\n<p>O epis\u00f3dio ocorreu na \u00faltima sexta-feira, 1\u00ba. Tanto a banda quanto a pol\u00edtica publicaram notas no fim de semana explicando o fato (via <strong>O Globo<\/strong> e <strong>Folha de S. Paulo<\/strong>).<\/p>\n<p>Soraya preparava uma pergunta aos artistas quando come\u00e7ou a ser vaiada. Um integrante, o baterista <strong>Serginho Herval<\/strong>, logo perguntou se ela \u00e9 da pol\u00edtica. Quando conseguiu completar, a senadora afirmou:<\/p>\n<blockquote class=\"citacao\"><p><em>&#8220;Tudo certo, a gente vive numa democracia. Eu quero saber de voc\u00eas sobre a m\u00fasica &#8216;Dona&#8217;, Serginho.&#8221;<\/em><\/p><\/blockquote>\n<p>O baixista <strong>Nando<\/strong>, outro membro do <strong>Roupa Nova<\/strong>, ent\u00e3o se dirigiu ao p\u00fablico:<\/p>\n<blockquote class=\"citacao\"><p><em>&#8220;Existem diferen\u00e7as no nosso pa\u00eds agora. Pe\u00e7o a voc\u00eas, em homenagem aos 45 anos de banda, que sejam solu\u00e7\u00e3o.&#8221;<\/em><\/p><\/blockquote>\n<h3>Comunicados posteriores<\/h3>\n<p>Posteriormente, o <strong>Roupa Nova<\/strong> explicou, por meio de nota nas redes sociais, que n\u00e3o escolhe previamente quem faz as perguntas e que &#8220;o epis\u00f3dio n\u00e3o representa, de forma alguma, um posicionamento pol\u00edtico da banda ou de um integrante isolado&#8221;.<\/p>\n<p>Por sua vez, Soraya atribuiu o epis\u00f3dio \u00e0 &#8220;polariza\u00e7\u00e3o pol\u00edtica&#8221;, que alcan\u00e7ou &#8220;at\u00e9 espa\u00e7os de cultura e lazer, onde deveria prevalecer o respeito m\u00fatuo&#8221; e disse que estava no local como &#8220;cidad\u00e3, f\u00e3 da banda e n\u00e3o em exerc\u00edcio de seu mandato&#8221;.<\/p>\n<p>Abaixo, as notas na \u00edntegra.<\/p>\n<h3>Nota da banda Roupa Nova<\/h3>\n<blockquote class=\"citacao\"><p><em>&#8220;O Roupa Nova vem, por meio desta nota, esclarecer alguns pontos importantes sobre o epis\u00f3dio ocorrido na \u00faltima sexta-feira (1\/8), durante o show realizado em Campo Grande (MS). Como \u00e9 de conhecimento do p\u00fablico que nos acompanha, h\u00e1 um momento especial no show em que abrimos espa\u00e7o para perguntas, e durante esse momento, qualquer pessoa pode se manifestar. No entanto, \u00e9 importante destacar que nem n\u00f3s, nem nossa equipe temos conhecimento pr\u00e9vio sobre quem far\u00e1 a pergunta ou qual ser\u00e1 o conte\u00fado dela, e tamb\u00e9m n\u00e3o fazemos distin\u00e7\u00e3o, pois entendemos que quem est\u00e1 l\u00e1, est\u00e1 por admirar nosso trabalho. Diante disso, refor\u00e7amos que o epis\u00f3dio n\u00e3o representa, de forma alguma, um posicionamento pol\u00edtico da banda ou de um integrante isolado. Ao longo dos nossos 45 anos de carreira, sempre mantivemos nossa trajet\u00f3ria pautada pelo respeito ao nosso p\u00fablico, pela m\u00fasica e pela emo\u00e7\u00e3o, nunca por pol\u00eamicas. Esperamos sinceramente que esse momento isolado n\u00e3o prejudique a conex\u00e3o sincera que constru\u00edmos com milh\u00f5es de f\u00e3s ao longo dos anos, nem nos leve a rever o formato do show, especialmente esse espa\u00e7o de troca t\u00e3o amado por todos. Quem conhece a nossa hist\u00f3ria sabe que o Roupa Nova sempre se guiou pela m\u00fasica, pelo amor e pela uni\u00e3o, valores que seguimos preservando.&#8221;<\/em><\/p><\/blockquote>\n<h3>Nota da senadora Soraya Thronicke (Podemos-MS)<\/h3>\n<blockquote class=\"citacao\"><p><em>&#8220;Na \u00faltima sexta-feira (01), durante o show da banda Roupa Nova, em Campo Grande, a senadora Soraya Thronicke foi alvo de vaias ap\u00f3s ser convidada pela produ\u00e7\u00e3o para fazer uma pergunta aos m\u00fasicos. O momento, que era de celebra\u00e7\u00e3o e intera\u00e7\u00e3o com os f\u00e3s, foi interrompido por manifesta\u00e7\u00f5es pol\u00edticas que destoaram completamente do esp\u00edrito do evento. A senadora lamenta que a polariza\u00e7\u00e3o pol\u00edtica tenha alcan\u00e7ado at\u00e9 espa\u00e7os de cultura e lazer, onde deveria prevalecer o respeito m\u00fatuo. Reitera que estava ali como cidad\u00e3, f\u00e3 da banda, e n\u00e3o em exerc\u00edcio de seu mandato. Infelizmente, vivemos tempos em que o radicalismo e a intoler\u00e2ncia tentam se impor at\u00e9 mesmo nos momentos mais simples. Mas sigo firme, trabalhando pelo Mato Grosso do Sul e defendendo o respeito \u00e0s diferen\u00e7as &#8211; inclusive \u00e0queles que pensam diferente de mim.&#8221;<\/em><\/p><\/blockquote>\n<p><strong>+++ LEIA MAIS: Navio Roupa Nova 2026 anuncia suas primeiras atra\u00e7\u00f5es<br \/>+++ LEIA MAIS: O \u00fanico cantor vaiado nas despedidas de Black Sabbath e Ozzy<br \/>+++ LEIA MAIS: Roupa Nova: 5 m\u00fasicas que estar\u00e3o para sempre nos cora\u00e7\u00f5es dos brasileiros<\/strong><\/p>\n<\/div>\n<p><br \/>\n<br \/>Fonte: <a href=\"https:\/\/rollingstone.com.br\/musica\/soraya-thronicke-e-vaiada-em-show-do-roupa-nova-e-banda-se-posiciona\/\">rollingstone.com.br<\/a><\/p>\n","protected":false},"excerpt":{"rendered":"<p>A senadora Soraya Thronicke (Podemos-MS) foi vaiada durante uma apresenta\u00e7\u00e3o do Roupa Nova em Campo Grande. Na ocasi\u00e3o, ela fazia uma pergunta sobre uma m\u00fasica, em um momento de intera\u00e7\u00e3o que \u00e9 comum em shows do grupo. O epis\u00f3dio ocorreu na \u00faltima sexta-feira, 1\u00ba. Tanto a banda quanto a pol\u00edtica publicaram notas no fim de [&hellip;]<\/p>\n","protected":false},"author":5,"featured_media":35099,"comment_status":"open","ping_status":"open","sticky":false,"template":"","format":"standard","meta":{"_seopress_robots_primary_cat":"","_seopress_titles_title":"","_seopress_titles_desc":"","_seopress_robots_index":"","footnotes":""},"categories":[51],"tags":[],"class_list":["post-35098","post","type-post","status-publish","format-standard","has-post-thumbnail","hentry","category-musica"],"_links":{"self":[{"href":"https:\/\/mussicom.com\/noticias\/wp-json\/wp\/v2\/posts\/35098","targetHints":{"allow":["GET"]}}],"collection":[{"href":"https:\/\/mussicom.com\/noticias\/wp-json\/wp\/v2\/posts"}],"about":[{"href":"https:\/\/mussicom.com\/noticias\/wp-json\/wp\/v2\/types\/post"}],"author":[{"embeddable":true,"href":"https:\/\/mussicom.com\/noticias\/wp-json\/wp\/v2\/users\/5"}],"replies":[{"embeddable":true,"href":"https:\/\/mussicom.com\/noticias\/wp-json\/wp\/v2\/comments?post=35098"}],"version-history":[{"count":0,"href":"https:\/\/mussicom.com\/noticias\/wp-json\/wp\/v2\/posts\/35098\/revisions"}],"wp:featuredmedia":[{"embeddable":true,"href":"https:\/\/mussicom.com\/noticias\/wp-json\/wp\/v2\/media\/35099"}],"wp:attachment":[{"href":"https:\/\/mussicom.com\/noticias\/wp-json\/wp\/v2\/media?parent=35098"}],"wp:term":[{"taxonomy":"category","embeddable":true,"href":"https:\/\/mussicom.com\/noticias\/wp-json\/wp\/v2\/categories?post=35098"},{"taxonomy":"post_tag","embeddable":true,"href":"https:\/\/mussicom.com\/noticias\/wp-json\/wp\/v2\/tags?post=35098"}],"curies":[{"name":"wp","href":"https:\/\/api.w.org\/{rel}","templated":true}]}}